{"id":11688,"date":"2025-02-07T08:32:00","date_gmt":"2025-02-07T07:32:00","guid":{"rendered":"https:\/\/fima.ub.edu\/noticies\/?p=11688"},"modified":"2025-02-07T18:02:50","modified_gmt":"2025-02-07T17:02:50","slug":"els-professors-de-la-facultat-participen-en-el-seminario-mujeres-y-estudios-del-libro","status":"publish","type":"post","link":"https:\/\/fima.ub.edu\/noticies\/2025\/02\/07\/els-professors-de-la-facultat-participen-en-el-seminario-mujeres-y-estudios-del-libro\/","title":{"rendered":"Professors de la FIMA participen en el Seminario Mujeres y Estudios del Libro"},"content":{"rendered":"\n<p>Alguns professors de la FIMA participen en el Seminario Mujeres y Estudios del Libro (<a href=\"https:\/\/www.facebook.com\/semel.unam\">SEMEL<\/a>) organitzat per l&#8217;<a href=\"https:\/\/bnm.iib.unam.mx\/index.php\/instituto-de-investigaciones-bibliograficas\">Instituto de Investigaciones Bibliogr\u00e1ficas<\/a> de la UNAM.<\/p>\n\n\n\n<p>El 6 de febrer de 2025, el professor <a href=\"https:\/\/fima.ub.edu\/directori\/ficha27\">Pedro Rueda<\/a> va participar amb la xerrada &#8220;Llibreteres i impressores catalanes al segle XIX: del foment artesanal a la ind\u00fastria editorial&#8221; i el professor <a href=\"https:\/\/fima.ub.edu\/directori\/ficha30\">Llu\u00eds Agust\u00ed<\/a> ho far\u00e0 el 5 de juny amb la xerrada &#8220;La contribuci\u00f3 oblidada de les dones a les editorials de l&#8217;exili republic\u00e0 a M\u00e8xic: Mada Carre\u00f1o i l&#8217;Editorial X\u00f3chitl&#8221;.<\/p>\n\n\n<div class=\"wp-block-image\">\n<figure class=\"aligncenter size-full is-resized\"><img loading=\"lazy\" decoding=\"async\" width=\"400\" height=\"400\" src=\"https:\/\/fima.ub.edu\/noticies\/wp-content\/uploads\/2025\/02\/semel.jpeg\" alt=\"\" class=\"wp-image-11689\" style=\"width:92px;height:auto\" srcset=\"https:\/\/fima.ub.edu\/noticies\/wp-content\/uploads\/2025\/02\/semel.jpeg 400w, https:\/\/fima.ub.edu\/noticies\/wp-content\/uploads\/2025\/02\/semel-300x300.jpeg 300w, https:\/\/fima.ub.edu\/noticies\/wp-content\/uploads\/2025\/02\/semel-150x150.jpeg 150w, https:\/\/fima.ub.edu\/noticies\/wp-content\/uploads\/2025\/02\/semel-75x75.jpeg 75w\" sizes=\"auto, (max-width: 400px) 100vw, 400px\" \/><\/figure>\n<\/div>\n\n\n<p><\/p>\n","protected":false},"excerpt":{"rendered":"<p>Alguns professors de la FIMA participen en el Seminario Mujeres y Estudios del Libro (SEMEL) organitzat per l&#8217;Instituto de Investigaciones Bibliogr\u00e1ficas de la UNAM. El 6 de febrer de 2025, el professor Pedro Rueda va participar amb la xerrada &#8220;Llibreteres i impressores catalanes al segle XIX: del foment artesanal a la ind\u00fastria editorial&#8221; i el professor Llu\u00eds Agust\u00ed ho far\u00e0 el 5 de juny amb la xerrada &#8220;La contribuci\u00f3 oblidada de les dones a les editorials de l&#8217;exili republic\u00e0 a M\u00e8xic: Mada Carre\u00f1o i l&#8217;Editorial X\u00f3chitl&#8221;.<\/p>\n","protected":false},"author":7,"featured_media":11690,"comment_status":"open","ping_status":"open","sticky":false,"template":"","format":"standard","meta":{"_acf_changed":false,"footnotes":""},"categories":[5],"tags":[64,116,4017,872],"vocabulary_5":[],"class_list":["post-11688","post","type-post","status-publish","format-standard","has-post-thumbnail","hentry","category-professorat","tag-lluis-agusti","tag-pedro-rueda","tag-semel","tag-seminari"],"acf":[],"yoast_head":"<!-- This site is optimized with the Yoast SEO plugin v27.2 - https:\/\/yoast.com\/product\/yoast-seo-wordpress\/ -->\n<title>Professors de la FIMA participen en el Seminario Mujeres y Estudios del Libro - Not\u00edcies de la Facultat d&#039;Informaci\u00f3 i Mitjans Audiovisuals<\/title>\n<meta name=\"robots\" content=\"index, follow, max-snippet:-1, max-image-preview:large, max-video-preview:-1\" \/>\n<link rel=\"canonical\" href=\"https:\/\/fima.ub.edu\/noticies\/2025\/02\/07\/els-professors-de-la-facultat-participen-en-el-seminario-mujeres-y-estudios-del-libro\/\" \/>\n<meta property=\"og:locale\" content=\"ca_ES\" \/>\n<meta property=\"og:type\" content=\"article\" \/>\n<meta property=\"og:title\" content=\"Professors de la FIMA participen en el Seminario Mujeres y Estudios del Libro - Not\u00edcies de la Facultat d&#039;Informaci\u00f3 i Mitjans Audiovisuals\" \/>\n<meta property=\"og:description\" content=\"Alguns professors de la FIMA participen en el Seminario Mujeres y Estudios del Libro (SEMEL) organitzat per l&#8217;Instituto de Investigaciones Bibliogr\u00e1ficas de la UNAM. El 6 de febrer de 2025, el professor Pedro Rueda va participar amb la xerrada &#8220;Llibreteres i impressores catalanes al segle XIX: del foment artesanal a la ind\u00fastria editorial&#8221; i el professor Llu\u00eds Agust\u00ed ho far\u00e0 el 5 de juny amb la xerrada &#8220;La contribuci\u00f3 oblidada de les dones a les editorials de l&#8217;exili republic\u00e0 a M\u00e8xic: Mada Carre\u00f1o i l&#8217;Editorial X\u00f3chitl&#8221;.\" \/>\n<meta property=\"og:url\" content=\"https:\/\/fima.ub.edu\/noticies\/2025\/02\/07\/els-professors-de-la-facultat-participen-en-el-seminario-mujeres-y-estudios-del-libro\/\" \/>\n<meta property=\"og:site_name\" content=\"Not\u00edcies de la Facultat d&#039;Informaci\u00f3 i Mitjans Audiovisuals\" \/>\n<meta property=\"article:publisher\" content=\"https:\/\/www.facebook.com\/FIMAUB\" \/>\n<meta property=\"article:published_time\" content=\"2025-02-07T07:32:00+00:00\" \/>\n<meta property=\"article:modified_time\" content=\"2025-02-07T17:02:50+00:00\" \/>\n<meta property=\"og:image\" content=\"https:\/\/fima.ub.edu\/noticies\/wp-content\/uploads\/2025\/02\/semel1.png\" \/>\n\t<meta property=\"og:image:width\" content=\"1200\" \/>\n\t<meta property=\"og:image:height\" content=\"902\" \/>\n\t<meta property=\"og:image:type\" content=\"image\/png\" \/>\n<meta name=\"author\" content=\"FIMA\" \/>\n<meta name=\"twitter:card\" content=\"summary_large_image\" \/>\n<meta name=\"twitter:creator\" content=\"@FIMA_UB\" \/>\n<meta name=\"twitter:site\" content=\"@FIMA_UB\" \/>\n<meta name=\"twitter:label1\" content=\"Escrit per\" \/>\n\t<meta name=\"twitter:data1\" content=\"FIMA\" \/>\n\t<meta name=\"twitter:label2\" content=\"Temps estimat de lectura\" \/>\n\t<meta name=\"twitter:data2\" content=\"1 minut\" \/>\n<script type=\"application\/ld+json\" class=\"yoast-schema-graph\">{\"@context\":\"https:\/\/schema.org\",\"@graph\":[{\"@type\":\"Article\",\"@id\":\"https:\/\/fima.ub.edu\/noticies\/2025\/02\/07\/els-professors-de-la-facultat-participen-en-el-seminario-mujeres-y-estudios-del-libro\/#article\",\"isPartOf\":{\"@id\":\"https:\/\/fima.ub.edu\/noticies\/2025\/02\/07\/els-professors-de-la-facultat-participen-en-el-seminario-mujeres-y-estudios-del-libro\/\"},\"author\":{\"name\":\"FIMA\",\"@id\":\"https:\/\/fima.ub.edu\/noticies\/#\/schema\/person\/3debeefad6254c6d18a294db7ed01f49\"},\"headline\":\"Professors de la FIMA participen en el Seminario Mujeres y Estudios del Libro\",\"datePublished\":\"2025-02-07T07:32:00+00:00\",\"dateModified\":\"2025-02-07T17:02:50+00:00\",\"mainEntityOfPage\":{\"@id\":\"https:\/\/fima.ub.edu\/noticies\/2025\/02\/07\/els-professors-de-la-facultat-participen-en-el-seminario-mujeres-y-estudios-del-libro\/\"},\"wordCount\":105,\"commentCount\":0,\"publisher\":{\"@id\":\"https:\/\/fima.ub.edu\/noticies\/#organization\"},\"image\":{\"@id\":\"https:\/\/fima.ub.edu\/noticies\/2025\/02\/07\/els-professors-de-la-facultat-participen-en-el-seminario-mujeres-y-estudios-del-libro\/#primaryimage\"},\"thumbnailUrl\":\"https:\/\/fima.ub.edu\/noticies\/wp-content\/uploads\/2025\/02\/semel1.png\",\"keywords\":[\"Llu\u00eds Agust\u00ed\",\"Pedro Rueda\",\"SEMEL\",\"seminari\"],\"articleSection\":[\"Professorat\"],\"inLanguage\":\"ca\",\"potentialAction\":[{\"@type\":\"CommentAction\",\"name\":\"Comment\",\"target\":[\"https:\/\/fima.ub.edu\/noticies\/2025\/02\/07\/els-professors-de-la-facultat-participen-en-el-seminario-mujeres-y-estudios-del-libro\/#respond\"]}]},{\"@type\":\"WebPage\",\"@id\":\"https:\/\/fima.ub.edu\/noticies\/2025\/02\/07\/els-professors-de-la-facultat-participen-en-el-seminario-mujeres-y-estudios-del-libro\/\",\"url\":\"https:\/\/fima.ub.edu\/noticies\/2025\/02\/07\/els-professors-de-la-facultat-participen-en-el-seminario-mujeres-y-estudios-del-libro\/\",\"name\":\"Professors de la FIMA participen en el Seminario Mujeres y Estudios del Libro - Not\u00edcies de la Facultat d&#039;Informaci\u00f3 i Mitjans Audiovisuals\",\"isPartOf\":{\"@id\":\"https:\/\/fima.ub.edu\/noticies\/#website\"},\"primaryImageOfPage\":{\"@id\":\"https:\/\/fima.ub.edu\/noticies\/2025\/02\/07\/els-professors-de-la-facultat-participen-en-el-seminario-mujeres-y-estudios-del-libro\/#primaryimage\"},\"image\":{\"@id\":\"https:\/\/fima.ub.edu\/noticies\/2025\/02\/07\/els-professors-de-la-facultat-participen-en-el-seminario-mujeres-y-estudios-del-libro\/#primaryimage\"},\"thumbnailUrl\":\"https:\/\/fima.ub.edu\/noticies\/wp-content\/uploads\/2025\/02\/semel1.png\",\"datePublished\":\"2025-02-07T07:32:00+00:00\",\"dateModified\":\"2025-02-07T17:02:50+00:00\",\"breadcrumb\":{\"@id\":\"https:\/\/fima.ub.edu\/noticies\/2025\/02\/07\/els-professors-de-la-facultat-participen-en-el-seminario-mujeres-y-estudios-del-libro\/#breadcrumb\"},\"inLanguage\":\"ca\",\"potentialAction\":[{\"@type\":\"ReadAction\",\"target\":[\"https:\/\/fima.ub.edu\/noticies\/2025\/02\/07\/els-professors-de-la-facultat-participen-en-el-seminario-mujeres-y-estudios-del-libro\/\"]}]},{\"@type\":\"ImageObject\",\"inLanguage\":\"ca\",\"@id\":\"https:\/\/fima.ub.edu\/noticies\/2025\/02\/07\/els-professors-de-la-facultat-participen-en-el-seminario-mujeres-y-estudios-del-libro\/#primaryimage\",\"url\":\"https:\/\/fima.ub.edu\/noticies\/wp-content\/uploads\/2025\/02\/semel1.png\",\"contentUrl\":\"https:\/\/fima.ub.edu\/noticies\/wp-content\/uploads\/2025\/02\/semel1.png\",\"width\":1200,\"height\":902},{\"@type\":\"BreadcrumbList\",\"@id\":\"https:\/\/fima.ub.edu\/noticies\/2025\/02\/07\/els-professors-de-la-facultat-participen-en-el-seminario-mujeres-y-estudios-del-libro\/#breadcrumb\",\"itemListElement\":[{\"@type\":\"ListItem\",\"position\":1,\"name\":\"Inici\",\"item\":\"https:\/\/fima.ub.edu\/noticies\/\"},{\"@type\":\"ListItem\",\"position\":2,\"name\":\"Professors de la FIMA participen en el Seminario Mujeres y Estudios del Libro\"}]},{\"@type\":\"WebSite\",\"@id\":\"https:\/\/fima.ub.edu\/noticies\/#website\",\"url\":\"https:\/\/fima.ub.edu\/noticies\/\",\"name\":\"Not\u00edcies de la Facultat d&#039;Informaci\u00f3 i Mitjans Audiovisuals\",\"description\":\"\",\"publisher\":{\"@id\":\"https:\/\/fima.ub.edu\/noticies\/#organization\"},\"potentialAction\":[{\"@type\":\"SearchAction\",\"target\":{\"@type\":\"EntryPoint\",\"urlTemplate\":\"https:\/\/fima.ub.edu\/noticies\/?s={search_term_string}\"},\"query-input\":{\"@type\":\"PropertyValueSpecification\",\"valueRequired\":true,\"valueName\":\"search_term_string\"}}],\"inLanguage\":\"ca\"},{\"@type\":\"Organization\",\"@id\":\"https:\/\/fima.ub.edu\/noticies\/#organization\",\"name\":\"Not\u00edcies de la Facultat d&#039;Informaci\u00f3 i Mitjans Audiovisuals\",\"url\":\"https:\/\/fima.ub.edu\/noticies\/\",\"logo\":{\"@type\":\"ImageObject\",\"inLanguage\":\"ca\",\"@id\":\"https:\/\/fima.ub.edu\/noticies\/#\/schema\/logo\/image\/\",\"url\":\"https:\/\/fima.ub.edu\/noticies\/wp-content\/uploads\/2023\/09\/cropped-fima_noticies.png\",\"contentUrl\":\"https:\/\/fima.ub.edu\/noticies\/wp-content\/uploads\/2023\/09\/cropped-fima_noticies.png\",\"width\":1009,\"height\":200,\"caption\":\"Not\u00edcies de la Facultat d&#039;Informaci\u00f3 i Mitjans Audiovisuals\"},\"image\":{\"@id\":\"https:\/\/fima.ub.edu\/noticies\/#\/schema\/logo\/image\/\"},\"sameAs\":[\"https:\/\/www.facebook.com\/FIMAUB\",\"https:\/\/x.com\/FIMA_UB\",\"https:\/\/www.instagram.com\/fima_ub\/\",\"https:\/\/www.flickr.com\/photos\/fbid_ub\/\",\"https:\/\/www.slideshare.net\/FBDUB\",\"https:\/\/www.youtube.com\/user\/FBiDUB\"]},{\"@type\":\"Person\",\"@id\":\"https:\/\/fima.ub.edu\/noticies\/#\/schema\/person\/3debeefad6254c6d18a294db7ed01f49\",\"name\":\"FIMA\",\"image\":{\"@type\":\"ImageObject\",\"inLanguage\":\"ca\",\"@id\":\"https:\/\/secure.gravatar.com\/avatar\/a5eb35c10cfc5762dc4d1f1e3e2a6749bcd2eadf91a6377242fdc1b1bacde41d?s=96&d=mm&r=g\",\"url\":\"https:\/\/secure.gravatar.com\/avatar\/a5eb35c10cfc5762dc4d1f1e3e2a6749bcd2eadf91a6377242fdc1b1bacde41d?s=96&d=mm&r=g\",\"contentUrl\":\"https:\/\/secure.gravatar.com\/avatar\/a5eb35c10cfc5762dc4d1f1e3e2a6749bcd2eadf91a6377242fdc1b1bacde41d?s=96&d=mm&r=g\",\"caption\":\"FIMA\"},\"url\":\"https:\/\/fima.ub.edu\/noticies\/author\/fima\/\"}]}<\/script>\n<!-- \/ Yoast SEO plugin. -->","yoast_head_json":{"title":"Professors de la FIMA participen en el Seminario Mujeres y Estudios del Libro - Not\u00edcies de la Facultat d&#039;Informaci\u00f3 i Mitjans Audiovisuals","robots":{"index":"index","follow":"follow","max-snippet":"max-snippet:-1","max-image-preview":"max-image-preview:large","max-video-preview":"max-video-preview:-1"},"canonical":"https:\/\/fima.ub.edu\/noticies\/2025\/02\/07\/els-professors-de-la-facultat-participen-en-el-seminario-mujeres-y-estudios-del-libro\/","og_locale":"ca_ES","og_type":"article","og_title":"Professors de la FIMA participen en el Seminario Mujeres y Estudios del Libro - Not\u00edcies de la Facultat d&#039;Informaci\u00f3 i Mitjans Audiovisuals","og_description":"Alguns professors de la FIMA participen en el Seminario Mujeres y Estudios del Libro (SEMEL) organitzat per l&#8217;Instituto de Investigaciones Bibliogr\u00e1ficas de la UNAM. El 6 de febrer de 2025, el professor Pedro Rueda va participar amb la xerrada &#8220;Llibreteres i impressores catalanes al segle XIX: del foment artesanal a la ind\u00fastria editorial&#8221; i el professor Llu\u00eds Agust\u00ed ho far\u00e0 el 5 de juny amb la xerrada &#8220;La contribuci\u00f3 oblidada de les dones a les editorials de l&#8217;exili republic\u00e0 a M\u00e8xic: Mada Carre\u00f1o i l&#8217;Editorial X\u00f3chitl&#8221;.","og_url":"https:\/\/fima.ub.edu\/noticies\/2025\/02\/07\/els-professors-de-la-facultat-participen-en-el-seminario-mujeres-y-estudios-del-libro\/","og_site_name":"Not\u00edcies de la Facultat d&#039;Informaci\u00f3 i Mitjans Audiovisuals","article_publisher":"https:\/\/www.facebook.com\/FIMAUB","article_published_time":"2025-02-07T07:32:00+00:00","article_modified_time":"2025-02-07T17:02:50+00:00","og_image":[{"width":1200,"height":902,"url":"https:\/\/fima.ub.edu\/noticies\/wp-content\/uploads\/2025\/02\/semel1.png","type":"image\/png"}],"author":"FIMA","twitter_card":"summary_large_image","twitter_creator":"@FIMA_UB","twitter_site":"@FIMA_UB","twitter_misc":{"Escrit per":"FIMA","Temps estimat de lectura":"1 minut"},"schema":{"@context":"https:\/\/schema.org","@graph":[{"@type":"Article","@id":"https:\/\/fima.ub.edu\/noticies\/2025\/02\/07\/els-professors-de-la-facultat-participen-en-el-seminario-mujeres-y-estudios-del-libro\/#article","isPartOf":{"@id":"https:\/\/fima.ub.edu\/noticies\/2025\/02\/07\/els-professors-de-la-facultat-participen-en-el-seminario-mujeres-y-estudios-del-libro\/"},"author":{"name":"FIMA","@id":"https:\/\/fima.ub.edu\/noticies\/#\/schema\/person\/3debeefad6254c6d18a294db7ed01f49"},"headline":"Professors de la FIMA participen en el Seminario Mujeres y Estudios del Libro","datePublished":"2025-02-07T07:32:00+00:00","dateModified":"2025-02-07T17:02:50+00:00","mainEntityOfPage":{"@id":"https:\/\/fima.ub.edu\/noticies\/2025\/02\/07\/els-professors-de-la-facultat-participen-en-el-seminario-mujeres-y-estudios-del-libro\/"},"wordCount":105,"commentCount":0,"publisher":{"@id":"https:\/\/fima.ub.edu\/noticies\/#organization"},"image":{"@id":"https:\/\/fima.ub.edu\/noticies\/2025\/02\/07\/els-professors-de-la-facultat-participen-en-el-seminario-mujeres-y-estudios-del-libro\/#primaryimage"},"thumbnailUrl":"https:\/\/fima.ub.edu\/noticies\/wp-content\/uploads\/2025\/02\/semel1.png","keywords":["Llu\u00eds Agust\u00ed","Pedro Rueda","SEMEL","seminari"],"articleSection":["Professorat"],"inLanguage":"ca","potentialAction":[{"@type":"CommentAction","name":"Comment","target":["https:\/\/fima.ub.edu\/noticies\/2025\/02\/07\/els-professors-de-la-facultat-participen-en-el-seminario-mujeres-y-estudios-del-libro\/#respond"]}]},{"@type":"WebPage","@id":"https:\/\/fima.ub.edu\/noticies\/2025\/02\/07\/els-professors-de-la-facultat-participen-en-el-seminario-mujeres-y-estudios-del-libro\/","url":"https:\/\/fima.ub.edu\/noticies\/2025\/02\/07\/els-professors-de-la-facultat-participen-en-el-seminario-mujeres-y-estudios-del-libro\/","name":"Professors de la FIMA participen en el Seminario Mujeres y Estudios del Libro - Not\u00edcies de la Facultat d&#039;Informaci\u00f3 i Mitjans Audiovisuals","isPartOf":{"@id":"https:\/\/fima.ub.edu\/noticies\/#website"},"primaryImageOfPage":{"@id":"https:\/\/fima.ub.edu\/noticies\/2025\/02\/07\/els-professors-de-la-facultat-participen-en-el-seminario-mujeres-y-estudios-del-libro\/#primaryimage"},"image":{"@id":"https:\/\/fima.ub.edu\/noticies\/2025\/02\/07\/els-professors-de-la-facultat-participen-en-el-seminario-mujeres-y-estudios-del-libro\/#primaryimage"},"thumbnailUrl":"https:\/\/fima.ub.edu\/noticies\/wp-content\/uploads\/2025\/02\/semel1.png","datePublished":"2025-02-07T07:32:00+00:00","dateModified":"2025-02-07T17:02:50+00:00","breadcrumb":{"@id":"https:\/\/fima.ub.edu\/noticies\/2025\/02\/07\/els-professors-de-la-facultat-participen-en-el-seminario-mujeres-y-estudios-del-libro\/#breadcrumb"},"inLanguage":"ca","potentialAction":[{"@type":"ReadAction","target":["https:\/\/fima.ub.edu\/noticies\/2025\/02\/07\/els-professors-de-la-facultat-participen-en-el-seminario-mujeres-y-estudios-del-libro\/"]}]},{"@type":"ImageObject","inLanguage":"ca","@id":"https:\/\/fima.ub.edu\/noticies\/2025\/02\/07\/els-professors-de-la-facultat-participen-en-el-seminario-mujeres-y-estudios-del-libro\/#primaryimage","url":"https:\/\/fima.ub.edu\/noticies\/wp-content\/uploads\/2025\/02\/semel1.png","contentUrl":"https:\/\/fima.ub.edu\/noticies\/wp-content\/uploads\/2025\/02\/semel1.png","width":1200,"height":902},{"@type":"BreadcrumbList","@id":"https:\/\/fima.ub.edu\/noticies\/2025\/02\/07\/els-professors-de-la-facultat-participen-en-el-seminario-mujeres-y-estudios-del-libro\/#breadcrumb","itemListElement":[{"@type":"ListItem","position":1,"name":"Inici","item":"https:\/\/fima.ub.edu\/noticies\/"},{"@type":"ListItem","position":2,"name":"Professors de la FIMA participen en el Seminario Mujeres y Estudios del Libro"}]},{"@type":"WebSite","@id":"https:\/\/fima.ub.edu\/noticies\/#website","url":"https:\/\/fima.ub.edu\/noticies\/","name":"Not\u00edcies de la Facultat d&#039;Informaci\u00f3 i Mitjans Audiovisuals","description":"","publisher":{"@id":"https:\/\/fima.ub.edu\/noticies\/#organization"},"potentialAction":[{"@type":"SearchAction","target":{"@type":"EntryPoint","urlTemplate":"https:\/\/fima.ub.edu\/noticies\/?s={search_term_string}"},"query-input":{"@type":"PropertyValueSpecification","valueRequired":true,"valueName":"search_term_string"}}],"inLanguage":"ca"},{"@type":"Organization","@id":"https:\/\/fima.ub.edu\/noticies\/#organization","name":"Not\u00edcies de la Facultat d&#039;Informaci\u00f3 i Mitjans Audiovisuals","url":"https:\/\/fima.ub.edu\/noticies\/","logo":{"@type":"ImageObject","inLanguage":"ca","@id":"https:\/\/fima.ub.edu\/noticies\/#\/schema\/logo\/image\/","url":"https:\/\/fima.ub.edu\/noticies\/wp-content\/uploads\/2023\/09\/cropped-fima_noticies.png","contentUrl":"https:\/\/fima.ub.edu\/noticies\/wp-content\/uploads\/2023\/09\/cropped-fima_noticies.png","width":1009,"height":200,"caption":"Not\u00edcies de la Facultat d&#039;Informaci\u00f3 i Mitjans Audiovisuals"},"image":{"@id":"https:\/\/fima.ub.edu\/noticies\/#\/schema\/logo\/image\/"},"sameAs":["https:\/\/www.facebook.com\/FIMAUB","https:\/\/x.com\/FIMA_UB","https:\/\/www.instagram.com\/fima_ub\/","https:\/\/www.flickr.com\/photos\/fbid_ub\/","https:\/\/www.slideshare.net\/FBDUB","https:\/\/www.youtube.com\/user\/FBiDUB"]},{"@type":"Person","@id":"https:\/\/fima.ub.edu\/noticies\/#\/schema\/person\/3debeefad6254c6d18a294db7ed01f49","name":"FIMA","image":{"@type":"ImageObject","inLanguage":"ca","@id":"https:\/\/secure.gravatar.com\/avatar\/a5eb35c10cfc5762dc4d1f1e3e2a6749bcd2eadf91a6377242fdc1b1bacde41d?s=96&d=mm&r=g","url":"https:\/\/secure.gravatar.com\/avatar\/a5eb35c10cfc5762dc4d1f1e3e2a6749bcd2eadf91a6377242fdc1b1bacde41d?s=96&d=mm&r=g","contentUrl":"https:\/\/secure.gravatar.com\/avatar\/a5eb35c10cfc5762dc4d1f1e3e2a6749bcd2eadf91a6377242fdc1b1bacde41d?s=96&d=mm&r=g","caption":"FIMA"},"url":"https:\/\/fima.ub.edu\/noticies\/author\/fima\/"}]}},"_links":{"self":[{"href":"https:\/\/fima.ub.edu\/noticies\/wp-json\/wp\/v2\/posts\/11688","targetHints":{"allow":["GET"]}}],"collection":[{"href":"https:\/\/fima.ub.edu\/noticies\/wp-json\/wp\/v2\/posts"}],"about":[{"href":"https:\/\/fima.ub.edu\/noticies\/wp-json\/wp\/v2\/types\/post"}],"author":[{"embeddable":true,"href":"https:\/\/fima.ub.edu\/noticies\/wp-json\/wp\/v2\/users\/7"}],"replies":[{"embeddable":true,"href":"https:\/\/fima.ub.edu\/noticies\/wp-json\/wp\/v2\/comments?post=11688"}],"version-history":[{"count":4,"href":"https:\/\/fima.ub.edu\/noticies\/wp-json\/wp\/v2\/posts\/11688\/revisions"}],"predecessor-version":[{"id":11716,"href":"https:\/\/fima.ub.edu\/noticies\/wp-json\/wp\/v2\/posts\/11688\/revisions\/11716"}],"wp:featuredmedia":[{"embeddable":true,"href":"https:\/\/fima.ub.edu\/noticies\/wp-json\/wp\/v2\/media\/11690"}],"wp:attachment":[{"href":"https:\/\/fima.ub.edu\/noticies\/wp-json\/wp\/v2\/media?parent=11688"}],"wp:term":[{"taxonomy":"category","embeddable":true,"href":"https:\/\/fima.ub.edu\/noticies\/wp-json\/wp\/v2\/categories?post=11688"},{"taxonomy":"post_tag","embeddable":true,"href":"https:\/\/fima.ub.edu\/noticies\/wp-json\/wp\/v2\/tags?post=11688"},{"taxonomy":"vocabulary_5","embeddable":true,"href":"https:\/\/fima.ub.edu\/noticies\/wp-json\/wp\/v2\/vocabulary_5?post=11688"}],"curies":[{"name":"wp","href":"https:\/\/api.w.org\/{rel}","templated":true}]}}