{"id":12070,"date":"2025-03-25T10:39:50","date_gmt":"2025-03-25T09:39:50","guid":{"rendered":"https:\/\/fima.ub.edu\/noticies\/?p=12070"},"modified":"2025-10-29T08:35:47","modified_gmt":"2025-10-29T07:35:47","slug":"nou-lloc-web-de-la-fima","status":"publish","type":"post","link":"https:\/\/fima.ub.edu\/noticies\/2025\/03\/25\/nou-lloc-web-de-la-fima\/","title":{"rendered":"Nou lloc web de la FIMA"},"content":{"rendered":"\n<p>Avui, 25 de mar\u00e7 de 2025,\u00a0s\u2019ha fet p\u00fablic el <a href=\"https:\/\/web.ub.edu\/web\/facultat-informacio-mitjans-audiovisuals\" target=\"_blank\" rel=\"noreferrer noopener\">nou lloc web de la Facultat d&#8217;Informaci\u00f3 i Mitjans Audiovisuals<\/a> de la Universitat de Barcelona, que substitueix el que hem tingut fins ara, <a href=\"https:\/\/fima.ub.edu\/noticies\/2019\/03\/15\/nou-lloc-web-de-la-facultat-i-nou-grau-de-gestio-dinformacio-i-documentacio-digital\/\" target=\"_blank\" rel=\"noreferrer noopener\">inaugurat el 14 de mar\u00e7 de 2019<\/a>.\u00a0<\/p>\n\n\n\n<p>El nou lloc web est\u00e0 renovat totalment i presenta un aspecte visual i una estructura similar a la del <a target=\"_blank\" rel=\"noreferrer noopener\" href=\"https:\/\/web.ub.edu\/web\/ub\/\">web central de la Universitat de Barcelona<\/a>. La FIMA \u00e9s de les primeres facultats de la Universitat de Barcelona en tenir aquest nou web; i pr\u00f2ximament totes les facultats de la UB renovaran tamb\u00e9 els seus.&nbsp;<\/p>\n\n\n\n<p>Esperem que us agradi i disculpeu els possibles&nbsp;errors o conting\u00e8ncies que puguin haver-hi en aquests primers dies.<\/p>\n\n\n\n<figure class=\"wp-block-image size-large is-style-default\"><img loading=\"lazy\" decoding=\"async\" width=\"1024\" height=\"538\" src=\"https:\/\/fima.ub.edu\/noticies\/wp-content\/uploads\/2025\/03\/nou-web-FIMA-2025_pc-1024x538.jpg\" alt=\"Nou lloc web FIMA\" class=\"wp-image-12138\" srcset=\"https:\/\/fima.ub.edu\/noticies\/wp-content\/uploads\/2025\/03\/nou-web-FIMA-2025_pc-1024x538.jpg 1024w, https:\/\/fima.ub.edu\/noticies\/wp-content\/uploads\/2025\/03\/nou-web-FIMA-2025_pc-300x158.jpg 300w, https:\/\/fima.ub.edu\/noticies\/wp-content\/uploads\/2025\/03\/nou-web-FIMA-2025_pc-768x403.jpg 768w, https:\/\/fima.ub.edu\/noticies\/wp-content\/uploads\/2025\/03\/nou-web-FIMA-2025_pc-1140x599.jpg 1140w, https:\/\/fima.ub.edu\/noticies\/wp-content\/uploads\/2025\/03\/nou-web-FIMA-2025_pc.jpg 1200w\" sizes=\"auto, (max-width: 1024px) 100vw, 1024px\" \/><\/figure>\n","protected":false},"excerpt":{"rendered":"<p>Avui, 25 de mar\u00e7 de 2025,\u00a0s\u2019ha fet p\u00fablic el nou lloc web de la Facultat d&#8217;Informaci\u00f3 i Mitjans Audiovisuals de la Universitat de Barcelona, que substitueix el que hem tingut fins ara, inaugurat el 14 de mar\u00e7 de 2019.\u00a0 El nou lloc web est\u00e0 renovat totalment i presenta un aspecte visual i una estructura similar a la del web central de la Universitat de Barcelona. La FIMA \u00e9s de les primeres facultats de la Universitat de Barcelona en tenir aquest nou web; i pr\u00f2ximament totes les facultats de la UB renovaran tamb\u00e9 els seus.&nbsp; Esperem que us agradi i disculpeu els possibles&nbsp;errors o conting\u00e8ncies que puguin haver-hi en aquests primers dies.<\/p>\n","protected":false},"author":7,"featured_media":12065,"comment_status":"open","ping_status":"open","sticky":false,"template":"","format":"standard","meta":{"_acf_changed":false,"footnotes":""},"categories":[3444],"tags":[2502,2718,2453,153,62],"vocabulary_5":[],"class_list":["post-12070","post","type-post","status-publish","format-standard","has-post-thumbnail","hentry","category-general","tag-facultat-dinformacio-i-mitjans-audiovisuals","tag-fima","tag-lloc-web","tag-ub","tag-universitat-de-barcelona"],"acf":[],"yoast_head":"<!-- This site is optimized with the Yoast SEO plugin v27.2 - https:\/\/yoast.com\/product\/yoast-seo-wordpress\/ -->\n<title>Nou lloc web de la FIMA - Not\u00edcies de la Facultat d&#039;Informaci\u00f3 i Mitjans Audiovisuals<\/title>\n<meta name=\"robots\" content=\"index, follow, max-snippet:-1, max-image-preview:large, max-video-preview:-1\" \/>\n<link rel=\"canonical\" href=\"https:\/\/fima.ub.edu\/noticies\/2025\/03\/25\/nou-lloc-web-de-la-fima\/\" \/>\n<meta property=\"og:locale\" content=\"ca_ES\" \/>\n<meta property=\"og:type\" content=\"article\" \/>\n<meta property=\"og:title\" content=\"Nou lloc web de la FIMA - Not\u00edcies de la Facultat d&#039;Informaci\u00f3 i Mitjans Audiovisuals\" \/>\n<meta property=\"og:description\" content=\"Avui, 25 de mar\u00e7 de 2025,\u00a0s\u2019ha fet p\u00fablic el nou lloc web de la Facultat d&#8217;Informaci\u00f3 i Mitjans Audiovisuals de la Universitat de Barcelona, que substitueix el que hem tingut fins ara, inaugurat el 14 de mar\u00e7 de 2019.\u00a0 El nou lloc web est\u00e0 renovat totalment i presenta un aspecte visual i una estructura similar a la del web central de la Universitat de Barcelona. La FIMA \u00e9s de les primeres facultats de la Universitat de Barcelona en tenir aquest nou web; i pr\u00f2ximament totes les facultats de la UB renovaran tamb\u00e9 els seus.&nbsp; Esperem que us agradi i disculpeu els possibles&nbsp;errors o conting\u00e8ncies que puguin haver-hi en aquests primers dies.\" \/>\n<meta property=\"og:url\" content=\"https:\/\/fima.ub.edu\/noticies\/2025\/03\/25\/nou-lloc-web-de-la-fima\/\" \/>\n<meta property=\"og:site_name\" content=\"Not\u00edcies de la Facultat d&#039;Informaci\u00f3 i Mitjans Audiovisuals\" \/>\n<meta property=\"article:publisher\" content=\"https:\/\/www.facebook.com\/FIMAUB\" \/>\n<meta property=\"article:published_time\" content=\"2025-03-25T09:39:50+00:00\" \/>\n<meta property=\"article:modified_time\" content=\"2025-10-29T07:35:47+00:00\" \/>\n<meta property=\"og:image\" content=\"https:\/\/fima.ub.edu\/noticies\/wp-content\/uploads\/2025\/03\/nou-web-FIMA-2025.jpg\" \/>\n\t<meta property=\"og:image:width\" content=\"1516\" \/>\n\t<meta property=\"og:image:height\" content=\"872\" \/>\n\t<meta property=\"og:image:type\" content=\"image\/jpeg\" \/>\n<meta name=\"author\" content=\"FIMA\" \/>\n<meta name=\"twitter:card\" content=\"summary_large_image\" \/>\n<meta name=\"twitter:creator\" content=\"@FIMA_UB\" \/>\n<meta name=\"twitter:site\" content=\"@FIMA_UB\" \/>\n<meta name=\"twitter:label1\" content=\"Escrit per\" \/>\n\t<meta name=\"twitter:data1\" content=\"FIMA\" \/>\n\t<meta name=\"twitter:label2\" content=\"Temps estimat de lectura\" \/>\n\t<meta name=\"twitter:data2\" content=\"2 minuts\" \/>\n<script type=\"application\/ld+json\" class=\"yoast-schema-graph\">{\"@context\":\"https:\/\/schema.org\",\"@graph\":[{\"@type\":\"Article\",\"@id\":\"https:\/\/fima.ub.edu\/noticies\/2025\/03\/25\/nou-lloc-web-de-la-fima\/#article\",\"isPartOf\":{\"@id\":\"https:\/\/fima.ub.edu\/noticies\/2025\/03\/25\/nou-lloc-web-de-la-fima\/\"},\"author\":{\"name\":\"FIMA\",\"@id\":\"https:\/\/fima.ub.edu\/noticies\/#\/schema\/person\/3debeefad6254c6d18a294db7ed01f49\"},\"headline\":\"Nou lloc web de la FIMA\",\"datePublished\":\"2025-03-25T09:39:50+00:00\",\"dateModified\":\"2025-10-29T07:35:47+00:00\",\"mainEntityOfPage\":{\"@id\":\"https:\/\/fima.ub.edu\/noticies\/2025\/03\/25\/nou-lloc-web-de-la-fima\/\"},\"wordCount\":122,\"commentCount\":0,\"publisher\":{\"@id\":\"https:\/\/fima.ub.edu\/noticies\/#organization\"},\"image\":{\"@id\":\"https:\/\/fima.ub.edu\/noticies\/2025\/03\/25\/nou-lloc-web-de-la-fima\/#primaryimage\"},\"thumbnailUrl\":\"https:\/\/fima.ub.edu\/noticies\/wp-content\/uploads\/2025\/03\/nou-web-FIMA-2025.jpg\",\"keywords\":[\"Facultat d\u2019Informaci\u00f3 i Mitjans Audiovisuals\",\"FIMA\",\"lloc web\",\"UB\",\"Universitat de Barcelona\"],\"articleSection\":[\"General\"],\"inLanguage\":\"ca\",\"potentialAction\":[{\"@type\":\"CommentAction\",\"name\":\"Comment\",\"target\":[\"https:\/\/fima.ub.edu\/noticies\/2025\/03\/25\/nou-lloc-web-de-la-fima\/#respond\"]}]},{\"@type\":\"WebPage\",\"@id\":\"https:\/\/fima.ub.edu\/noticies\/2025\/03\/25\/nou-lloc-web-de-la-fima\/\",\"url\":\"https:\/\/fima.ub.edu\/noticies\/2025\/03\/25\/nou-lloc-web-de-la-fima\/\",\"name\":\"Nou lloc web de la FIMA - Not\u00edcies de la Facultat d&#039;Informaci\u00f3 i Mitjans Audiovisuals\",\"isPartOf\":{\"@id\":\"https:\/\/fima.ub.edu\/noticies\/#website\"},\"primaryImageOfPage\":{\"@id\":\"https:\/\/fima.ub.edu\/noticies\/2025\/03\/25\/nou-lloc-web-de-la-fima\/#primaryimage\"},\"image\":{\"@id\":\"https:\/\/fima.ub.edu\/noticies\/2025\/03\/25\/nou-lloc-web-de-la-fima\/#primaryimage\"},\"thumbnailUrl\":\"https:\/\/fima.ub.edu\/noticies\/wp-content\/uploads\/2025\/03\/nou-web-FIMA-2025.jpg\",\"datePublished\":\"2025-03-25T09:39:50+00:00\",\"dateModified\":\"2025-10-29T07:35:47+00:00\",\"breadcrumb\":{\"@id\":\"https:\/\/fima.ub.edu\/noticies\/2025\/03\/25\/nou-lloc-web-de-la-fima\/#breadcrumb\"},\"inLanguage\":\"ca\",\"potentialAction\":[{\"@type\":\"ReadAction\",\"target\":[\"https:\/\/fima.ub.edu\/noticies\/2025\/03\/25\/nou-lloc-web-de-la-fima\/\"]}]},{\"@type\":\"ImageObject\",\"inLanguage\":\"ca\",\"@id\":\"https:\/\/fima.ub.edu\/noticies\/2025\/03\/25\/nou-lloc-web-de-la-fima\/#primaryimage\",\"url\":\"https:\/\/fima.ub.edu\/noticies\/wp-content\/uploads\/2025\/03\/nou-web-FIMA-2025.jpg\",\"contentUrl\":\"https:\/\/fima.ub.edu\/noticies\/wp-content\/uploads\/2025\/03\/nou-web-FIMA-2025.jpg\",\"width\":1516,\"height\":872,\"caption\":\"Nou lloc web de la Facultat d'Informaci\u00f3 i Mitjans Audiovisuals\"},{\"@type\":\"BreadcrumbList\",\"@id\":\"https:\/\/fima.ub.edu\/noticies\/2025\/03\/25\/nou-lloc-web-de-la-fima\/#breadcrumb\",\"itemListElement\":[{\"@type\":\"ListItem\",\"position\":1,\"name\":\"Inici\",\"item\":\"https:\/\/fima.ub.edu\/noticies\/\"},{\"@type\":\"ListItem\",\"position\":2,\"name\":\"Nou lloc web de la FIMA\"}]},{\"@type\":\"WebSite\",\"@id\":\"https:\/\/fima.ub.edu\/noticies\/#website\",\"url\":\"https:\/\/fima.ub.edu\/noticies\/\",\"name\":\"Not\u00edcies de la Facultat d&#039;Informaci\u00f3 i Mitjans Audiovisuals\",\"description\":\"\",\"publisher\":{\"@id\":\"https:\/\/fima.ub.edu\/noticies\/#organization\"},\"potentialAction\":[{\"@type\":\"SearchAction\",\"target\":{\"@type\":\"EntryPoint\",\"urlTemplate\":\"https:\/\/fima.ub.edu\/noticies\/?s={search_term_string}\"},\"query-input\":{\"@type\":\"PropertyValueSpecification\",\"valueRequired\":true,\"valueName\":\"search_term_string\"}}],\"inLanguage\":\"ca\"},{\"@type\":\"Organization\",\"@id\":\"https:\/\/fima.ub.edu\/noticies\/#organization\",\"name\":\"Not\u00edcies de la Facultat d&#039;Informaci\u00f3 i Mitjans Audiovisuals\",\"url\":\"https:\/\/fima.ub.edu\/noticies\/\",\"logo\":{\"@type\":\"ImageObject\",\"inLanguage\":\"ca\",\"@id\":\"https:\/\/fima.ub.edu\/noticies\/#\/schema\/logo\/image\/\",\"url\":\"https:\/\/fima.ub.edu\/noticies\/wp-content\/uploads\/2023\/09\/cropped-fima_noticies.png\",\"contentUrl\":\"https:\/\/fima.ub.edu\/noticies\/wp-content\/uploads\/2023\/09\/cropped-fima_noticies.png\",\"width\":1009,\"height\":200,\"caption\":\"Not\u00edcies de la Facultat d&#039;Informaci\u00f3 i Mitjans Audiovisuals\"},\"image\":{\"@id\":\"https:\/\/fima.ub.edu\/noticies\/#\/schema\/logo\/image\/\"},\"sameAs\":[\"https:\/\/www.facebook.com\/FIMAUB\",\"https:\/\/x.com\/FIMA_UB\",\"https:\/\/www.instagram.com\/fima_ub\/\",\"https:\/\/www.flickr.com\/photos\/fbid_ub\/\",\"https:\/\/www.slideshare.net\/FBDUB\",\"https:\/\/www.youtube.com\/user\/FBiDUB\"]},{\"@type\":\"Person\",\"@id\":\"https:\/\/fima.ub.edu\/noticies\/#\/schema\/person\/3debeefad6254c6d18a294db7ed01f49\",\"name\":\"FIMA\",\"image\":{\"@type\":\"ImageObject\",\"inLanguage\":\"ca\",\"@id\":\"https:\/\/secure.gravatar.com\/avatar\/a5eb35c10cfc5762dc4d1f1e3e2a6749bcd2eadf91a6377242fdc1b1bacde41d?s=96&d=mm&r=g\",\"url\":\"https:\/\/secure.gravatar.com\/avatar\/a5eb35c10cfc5762dc4d1f1e3e2a6749bcd2eadf91a6377242fdc1b1bacde41d?s=96&d=mm&r=g\",\"contentUrl\":\"https:\/\/secure.gravatar.com\/avatar\/a5eb35c10cfc5762dc4d1f1e3e2a6749bcd2eadf91a6377242fdc1b1bacde41d?s=96&d=mm&r=g\",\"caption\":\"FIMA\"},\"url\":\"https:\/\/fima.ub.edu\/noticies\/author\/fima\/\"}]}<\/script>\n<!-- \/ Yoast SEO plugin. -->","yoast_head_json":{"title":"Nou lloc web de la FIMA - Not\u00edcies de la Facultat d&#039;Informaci\u00f3 i Mitjans Audiovisuals","robots":{"index":"index","follow":"follow","max-snippet":"max-snippet:-1","max-image-preview":"max-image-preview:large","max-video-preview":"max-video-preview:-1"},"canonical":"https:\/\/fima.ub.edu\/noticies\/2025\/03\/25\/nou-lloc-web-de-la-fima\/","og_locale":"ca_ES","og_type":"article","og_title":"Nou lloc web de la FIMA - Not\u00edcies de la Facultat d&#039;Informaci\u00f3 i Mitjans Audiovisuals","og_description":"Avui, 25 de mar\u00e7 de 2025,\u00a0s\u2019ha fet p\u00fablic el nou lloc web de la Facultat d&#8217;Informaci\u00f3 i Mitjans Audiovisuals de la Universitat de Barcelona, que substitueix el que hem tingut fins ara, inaugurat el 14 de mar\u00e7 de 2019.\u00a0 El nou lloc web est\u00e0 renovat totalment i presenta un aspecte visual i una estructura similar a la del web central de la Universitat de Barcelona. La FIMA \u00e9s de les primeres facultats de la Universitat de Barcelona en tenir aquest nou web; i pr\u00f2ximament totes les facultats de la UB renovaran tamb\u00e9 els seus.&nbsp; Esperem que us agradi i disculpeu els possibles&nbsp;errors o conting\u00e8ncies que puguin haver-hi en aquests primers dies.","og_url":"https:\/\/fima.ub.edu\/noticies\/2025\/03\/25\/nou-lloc-web-de-la-fima\/","og_site_name":"Not\u00edcies de la Facultat d&#039;Informaci\u00f3 i Mitjans Audiovisuals","article_publisher":"https:\/\/www.facebook.com\/FIMAUB","article_published_time":"2025-03-25T09:39:50+00:00","article_modified_time":"2025-10-29T07:35:47+00:00","og_image":[{"width":1516,"height":872,"url":"https:\/\/fima.ub.edu\/noticies\/wp-content\/uploads\/2025\/03\/nou-web-FIMA-2025.jpg","type":"image\/jpeg"}],"author":"FIMA","twitter_card":"summary_large_image","twitter_creator":"@FIMA_UB","twitter_site":"@FIMA_UB","twitter_misc":{"Escrit per":"FIMA","Temps estimat de lectura":"2 minuts"},"schema":{"@context":"https:\/\/schema.org","@graph":[{"@type":"Article","@id":"https:\/\/fima.ub.edu\/noticies\/2025\/03\/25\/nou-lloc-web-de-la-fima\/#article","isPartOf":{"@id":"https:\/\/fima.ub.edu\/noticies\/2025\/03\/25\/nou-lloc-web-de-la-fima\/"},"author":{"name":"FIMA","@id":"https:\/\/fima.ub.edu\/noticies\/#\/schema\/person\/3debeefad6254c6d18a294db7ed01f49"},"headline":"Nou lloc web de la FIMA","datePublished":"2025-03-25T09:39:50+00:00","dateModified":"2025-10-29T07:35:47+00:00","mainEntityOfPage":{"@id":"https:\/\/fima.ub.edu\/noticies\/2025\/03\/25\/nou-lloc-web-de-la-fima\/"},"wordCount":122,"commentCount":0,"publisher":{"@id":"https:\/\/fima.ub.edu\/noticies\/#organization"},"image":{"@id":"https:\/\/fima.ub.edu\/noticies\/2025\/03\/25\/nou-lloc-web-de-la-fima\/#primaryimage"},"thumbnailUrl":"https:\/\/fima.ub.edu\/noticies\/wp-content\/uploads\/2025\/03\/nou-web-FIMA-2025.jpg","keywords":["Facultat d\u2019Informaci\u00f3 i Mitjans Audiovisuals","FIMA","lloc web","UB","Universitat de Barcelona"],"articleSection":["General"],"inLanguage":"ca","potentialAction":[{"@type":"CommentAction","name":"Comment","target":["https:\/\/fima.ub.edu\/noticies\/2025\/03\/25\/nou-lloc-web-de-la-fima\/#respond"]}]},{"@type":"WebPage","@id":"https:\/\/fima.ub.edu\/noticies\/2025\/03\/25\/nou-lloc-web-de-la-fima\/","url":"https:\/\/fima.ub.edu\/noticies\/2025\/03\/25\/nou-lloc-web-de-la-fima\/","name":"Nou lloc web de la FIMA - Not\u00edcies de la Facultat d&#039;Informaci\u00f3 i Mitjans Audiovisuals","isPartOf":{"@id":"https:\/\/fima.ub.edu\/noticies\/#website"},"primaryImageOfPage":{"@id":"https:\/\/fima.ub.edu\/noticies\/2025\/03\/25\/nou-lloc-web-de-la-fima\/#primaryimage"},"image":{"@id":"https:\/\/fima.ub.edu\/noticies\/2025\/03\/25\/nou-lloc-web-de-la-fima\/#primaryimage"},"thumbnailUrl":"https:\/\/fima.ub.edu\/noticies\/wp-content\/uploads\/2025\/03\/nou-web-FIMA-2025.jpg","datePublished":"2025-03-25T09:39:50+00:00","dateModified":"2025-10-29T07:35:47+00:00","breadcrumb":{"@id":"https:\/\/fima.ub.edu\/noticies\/2025\/03\/25\/nou-lloc-web-de-la-fima\/#breadcrumb"},"inLanguage":"ca","potentialAction":[{"@type":"ReadAction","target":["https:\/\/fima.ub.edu\/noticies\/2025\/03\/25\/nou-lloc-web-de-la-fima\/"]}]},{"@type":"ImageObject","inLanguage":"ca","@id":"https:\/\/fima.ub.edu\/noticies\/2025\/03\/25\/nou-lloc-web-de-la-fima\/#primaryimage","url":"https:\/\/fima.ub.edu\/noticies\/wp-content\/uploads\/2025\/03\/nou-web-FIMA-2025.jpg","contentUrl":"https:\/\/fima.ub.edu\/noticies\/wp-content\/uploads\/2025\/03\/nou-web-FIMA-2025.jpg","width":1516,"height":872,"caption":"Nou lloc web de la Facultat d'Informaci\u00f3 i Mitjans Audiovisuals"},{"@type":"BreadcrumbList","@id":"https:\/\/fima.ub.edu\/noticies\/2025\/03\/25\/nou-lloc-web-de-la-fima\/#breadcrumb","itemListElement":[{"@type":"ListItem","position":1,"name":"Inici","item":"https:\/\/fima.ub.edu\/noticies\/"},{"@type":"ListItem","position":2,"name":"Nou lloc web de la FIMA"}]},{"@type":"WebSite","@id":"https:\/\/fima.ub.edu\/noticies\/#website","url":"https:\/\/fima.ub.edu\/noticies\/","name":"Not\u00edcies de la Facultat d&#039;Informaci\u00f3 i Mitjans Audiovisuals","description":"","publisher":{"@id":"https:\/\/fima.ub.edu\/noticies\/#organization"},"potentialAction":[{"@type":"SearchAction","target":{"@type":"EntryPoint","urlTemplate":"https:\/\/fima.ub.edu\/noticies\/?s={search_term_string}"},"query-input":{"@type":"PropertyValueSpecification","valueRequired":true,"valueName":"search_term_string"}}],"inLanguage":"ca"},{"@type":"Organization","@id":"https:\/\/fima.ub.edu\/noticies\/#organization","name":"Not\u00edcies de la Facultat d&#039;Informaci\u00f3 i Mitjans Audiovisuals","url":"https:\/\/fima.ub.edu\/noticies\/","logo":{"@type":"ImageObject","inLanguage":"ca","@id":"https:\/\/fima.ub.edu\/noticies\/#\/schema\/logo\/image\/","url":"https:\/\/fima.ub.edu\/noticies\/wp-content\/uploads\/2023\/09\/cropped-fima_noticies.png","contentUrl":"https:\/\/fima.ub.edu\/noticies\/wp-content\/uploads\/2023\/09\/cropped-fima_noticies.png","width":1009,"height":200,"caption":"Not\u00edcies de la Facultat d&#039;Informaci\u00f3 i Mitjans Audiovisuals"},"image":{"@id":"https:\/\/fima.ub.edu\/noticies\/#\/schema\/logo\/image\/"},"sameAs":["https:\/\/www.facebook.com\/FIMAUB","https:\/\/x.com\/FIMA_UB","https:\/\/www.instagram.com\/fima_ub\/","https:\/\/www.flickr.com\/photos\/fbid_ub\/","https:\/\/www.slideshare.net\/FBDUB","https:\/\/www.youtube.com\/user\/FBiDUB"]},{"@type":"Person","@id":"https:\/\/fima.ub.edu\/noticies\/#\/schema\/person\/3debeefad6254c6d18a294db7ed01f49","name":"FIMA","image":{"@type":"ImageObject","inLanguage":"ca","@id":"https:\/\/secure.gravatar.com\/avatar\/a5eb35c10cfc5762dc4d1f1e3e2a6749bcd2eadf91a6377242fdc1b1bacde41d?s=96&d=mm&r=g","url":"https:\/\/secure.gravatar.com\/avatar\/a5eb35c10cfc5762dc4d1f1e3e2a6749bcd2eadf91a6377242fdc1b1bacde41d?s=96&d=mm&r=g","contentUrl":"https:\/\/secure.gravatar.com\/avatar\/a5eb35c10cfc5762dc4d1f1e3e2a6749bcd2eadf91a6377242fdc1b1bacde41d?s=96&d=mm&r=g","caption":"FIMA"},"url":"https:\/\/fima.ub.edu\/noticies\/author\/fima\/"}]}},"_links":{"self":[{"href":"https:\/\/fima.ub.edu\/noticies\/wp-json\/wp\/v2\/posts\/12070","targetHints":{"allow":["GET"]}}],"collection":[{"href":"https:\/\/fima.ub.edu\/noticies\/wp-json\/wp\/v2\/posts"}],"about":[{"href":"https:\/\/fima.ub.edu\/noticies\/wp-json\/wp\/v2\/types\/post"}],"author":[{"embeddable":true,"href":"https:\/\/fima.ub.edu\/noticies\/wp-json\/wp\/v2\/users\/7"}],"replies":[{"embeddable":true,"href":"https:\/\/fima.ub.edu\/noticies\/wp-json\/wp\/v2\/comments?post=12070"}],"version-history":[{"count":3,"href":"https:\/\/fima.ub.edu\/noticies\/wp-json\/wp\/v2\/posts\/12070\/revisions"}],"predecessor-version":[{"id":14029,"href":"https:\/\/fima.ub.edu\/noticies\/wp-json\/wp\/v2\/posts\/12070\/revisions\/14029"}],"wp:featuredmedia":[{"embeddable":true,"href":"https:\/\/fima.ub.edu\/noticies\/wp-json\/wp\/v2\/media\/12065"}],"wp:attachment":[{"href":"https:\/\/fima.ub.edu\/noticies\/wp-json\/wp\/v2\/media?parent=12070"}],"wp:term":[{"taxonomy":"category","embeddable":true,"href":"https:\/\/fima.ub.edu\/noticies\/wp-json\/wp\/v2\/categories?post=12070"},{"taxonomy":"post_tag","embeddable":true,"href":"https:\/\/fima.ub.edu\/noticies\/wp-json\/wp\/v2\/tags?post=12070"},{"taxonomy":"vocabulary_5","embeddable":true,"href":"https:\/\/fima.ub.edu\/noticies\/wp-json\/wp\/v2\/vocabulary_5?post=12070"}],"curies":[{"name":"wp","href":"https:\/\/api.w.org\/{rel}","templated":true}]}}