{"id":12182,"date":"2025-04-02T11:14:22","date_gmt":"2025-04-02T09:14:22","guid":{"rendered":"https:\/\/fima.ub.edu\/noticies\/?p=12182"},"modified":"2025-04-02T11:15:45","modified_gmt":"2025-04-02T09:15:45","slug":"xerrada-de-rosa-fabeiro-sobre-cercabib-a-estudiants-de-gidd","status":"publish","type":"post","link":"https:\/\/fima.ub.edu\/noticies\/2025\/04\/02\/xerrada-de-rosa-fabeiro-sobre-cercabib-a-estudiants-de-gidd\/","title":{"rendered":"Xerrada de Rosa Fabeiro sobre Cercabib a estudiants de GIDD"},"content":{"rendered":"\n<p>El dimarts 1 d&#8217;abril de 2025, <a href=\"https:\/\/fima.ub.edu\/directori\/ficha254\">Rosa Fabeiro<\/a>, cap de la <a href=\"https:\/\/crai.ub.edu\/coneix-el-crai\/biblioteques\/unitat-de-proces-tecnic\">Unitat de Proc\u00e9s T\u00e8cnic del CRAI de la UB,<\/a> va participar en l&#8217;assignatura Sistemes de gesti\u00f3 digital de la informaci\u00f3 II, del grau en <a href=\"https:\/\/web.ub.edu\/web\/estudis\/w\/grau-g1098\">Gesti\u00f3 de la Informaci\u00f3 i Documentaci\u00f3 Digital<\/a>, amb la xerrada &#8220;Cercabib: l&#8217;eina de descoberta del CRAI de la Universitat de Barcelona&#8221;.<\/p>\n\n\n\n<p>Rosa Fabeiro va explicar les principals caracter\u00edstiques de la soluci\u00f3 tecnol\u00f2gica de Cercabib, la plataforma Alma (ExLibris), aix\u00ed com el proc\u00e9s i les particularitats de la seva licitaci\u00f3.&nbsp;<\/p>\n\n\n\n<figure class=\"wp-block-image size-large\"><img loading=\"lazy\" decoding=\"async\" width=\"1024\" height=\"683\" src=\"https:\/\/fima.ub.edu\/noticies\/wp-content\/uploads\/2025\/04\/rosa1-1024x683.jpeg\" alt=\"\" class=\"wp-image-12183\" srcset=\"https:\/\/fima.ub.edu\/noticies\/wp-content\/uploads\/2025\/04\/rosa1-1024x683.jpeg 1024w, https:\/\/fima.ub.edu\/noticies\/wp-content\/uploads\/2025\/04\/rosa1-300x200.jpeg 300w, https:\/\/fima.ub.edu\/noticies\/wp-content\/uploads\/2025\/04\/rosa1-768x512.jpeg 768w, https:\/\/fima.ub.edu\/noticies\/wp-content\/uploads\/2025\/04\/rosa1-1536x1024.jpeg 1536w, https:\/\/fima.ub.edu\/noticies\/wp-content\/uploads\/2025\/04\/rosa1-2048x1365.jpeg 2048w, https:\/\/fima.ub.edu\/noticies\/wp-content\/uploads\/2025\/04\/rosa1-1140x760.jpeg 1140w\" sizes=\"auto, (max-width: 1024px) 100vw, 1024px\" \/><\/figure>\n\n\n\n<p><\/p>\n","protected":false},"excerpt":{"rendered":"<p>El dimarts 1 d&#8217;abril de 2025, Rosa Fabeiro, cap de la Unitat de Proc\u00e9s T\u00e8cnic del CRAI de la UB, va participar en l&#8217;assignatura Sistemes de gesti\u00f3 digital de la informaci\u00f3 II, del grau en Gesti\u00f3 de la Informaci\u00f3 i Documentaci\u00f3 Digital, amb la xerrada &#8220;Cercabib: l&#8217;eina de descoberta del CRAI de la Universitat de Barcelona&#8221;. Rosa Fabeiro va explicar les principals caracter\u00edstiques de la soluci\u00f3 tecnol\u00f2gica de Cercabib, la plataforma Alma (ExLibris), aix\u00ed com el proc\u00e9s i les particularitats de la seva licitaci\u00f3.&nbsp;<\/p>\n","protected":false},"author":7,"featured_media":12189,"comment_status":"open","ping_status":"open","sticky":false,"template":"","format":"standard","meta":{"_acf_changed":false,"footnotes":""},"categories":[4],"tags":[2181,91,609,415],"vocabulary_5":[4089],"class_list":["post-12182","post","type-post","status-publish","format-standard","has-post-thumbnail","hentry","category-activitats","tag-cercabib","tag-estudiants","tag-rosa-fabeiro","tag-xerrada","vocabulary_5-facultat-dinformacio-i-mitjans-audiovisuals"],"acf":[],"yoast_head":"<!-- This site is optimized with the Yoast SEO plugin v27.2 - https:\/\/yoast.com\/product\/yoast-seo-wordpress\/ -->\n<title>Xerrada de Rosa Fabeiro sobre Cercabib a estudiants de GIDD - Not\u00edcies de la Facultat d&#039;Informaci\u00f3 i Mitjans Audiovisuals<\/title>\n<meta name=\"robots\" content=\"index, follow, max-snippet:-1, max-image-preview:large, max-video-preview:-1\" \/>\n<link rel=\"canonical\" href=\"https:\/\/fima.ub.edu\/noticies\/2025\/04\/02\/xerrada-de-rosa-fabeiro-sobre-cercabib-a-estudiants-de-gidd\/\" \/>\n<meta property=\"og:locale\" content=\"ca_ES\" \/>\n<meta property=\"og:type\" content=\"article\" \/>\n<meta property=\"og:title\" content=\"Xerrada de Rosa Fabeiro sobre Cercabib a estudiants de GIDD - Not\u00edcies de la Facultat d&#039;Informaci\u00f3 i Mitjans Audiovisuals\" \/>\n<meta property=\"og:description\" content=\"El dimarts 1 d&#8217;abril de 2025, Rosa Fabeiro, cap de la Unitat de Proc\u00e9s T\u00e8cnic del CRAI de la UB, va participar en l&#8217;assignatura Sistemes de gesti\u00f3 digital de la informaci\u00f3 II, del grau en Gesti\u00f3 de la Informaci\u00f3 i Documentaci\u00f3 Digital, amb la xerrada &#8220;Cercabib: l&#8217;eina de descoberta del CRAI de la Universitat de Barcelona&#8221;. Rosa Fabeiro va explicar les principals caracter\u00edstiques de la soluci\u00f3 tecnol\u00f2gica de Cercabib, la plataforma Alma (ExLibris), aix\u00ed com el proc\u00e9s i les particularitats de la seva licitaci\u00f3.&nbsp;\" \/>\n<meta property=\"og:url\" content=\"https:\/\/fima.ub.edu\/noticies\/2025\/04\/02\/xerrada-de-rosa-fabeiro-sobre-cercabib-a-estudiants-de-gidd\/\" \/>\n<meta property=\"og:site_name\" content=\"Not\u00edcies de la Facultat d&#039;Informaci\u00f3 i Mitjans Audiovisuals\" \/>\n<meta property=\"article:publisher\" content=\"https:\/\/www.facebook.com\/FIMAUB\" \/>\n<meta property=\"article:published_time\" content=\"2025-04-02T09:14:22+00:00\" \/>\n<meta property=\"article:modified_time\" content=\"2025-04-02T09:15:45+00:00\" \/>\n<meta property=\"og:image\" content=\"https:\/\/fima.ub.edu\/noticies\/wp-content\/uploads\/2025\/04\/rosa2-2-scaled.jpeg\" \/>\n\t<meta property=\"og:image:width\" content=\"2560\" \/>\n\t<meta property=\"og:image:height\" content=\"1707\" \/>\n\t<meta property=\"og:image:type\" content=\"image\/jpeg\" \/>\n<meta name=\"author\" content=\"FIMA\" \/>\n<meta name=\"twitter:card\" content=\"summary_large_image\" \/>\n<meta name=\"twitter:creator\" content=\"@FIMA_UB\" \/>\n<meta name=\"twitter:site\" content=\"@FIMA_UB\" \/>\n<meta name=\"twitter:label1\" content=\"Escrit per\" \/>\n\t<meta name=\"twitter:data1\" content=\"FIMA\" \/>\n\t<meta name=\"twitter:label2\" content=\"Temps estimat de lectura\" \/>\n\t<meta name=\"twitter:data2\" content=\"1 minut\" \/>\n<script type=\"application\/ld+json\" class=\"yoast-schema-graph\">{\"@context\":\"https:\/\/schema.org\",\"@graph\":[{\"@type\":\"Article\",\"@id\":\"https:\/\/fima.ub.edu\/noticies\/2025\/04\/02\/xerrada-de-rosa-fabeiro-sobre-cercabib-a-estudiants-de-gidd\/#article\",\"isPartOf\":{\"@id\":\"https:\/\/fima.ub.edu\/noticies\/2025\/04\/02\/xerrada-de-rosa-fabeiro-sobre-cercabib-a-estudiants-de-gidd\/\"},\"author\":{\"name\":\"FIMA\",\"@id\":\"https:\/\/fima.ub.edu\/noticies\/#\/schema\/person\/3debeefad6254c6d18a294db7ed01f49\"},\"headline\":\"Xerrada de Rosa Fabeiro sobre Cercabib a estudiants de GIDD\",\"datePublished\":\"2025-04-02T09:14:22+00:00\",\"dateModified\":\"2025-04-02T09:15:45+00:00\",\"mainEntityOfPage\":{\"@id\":\"https:\/\/fima.ub.edu\/noticies\/2025\/04\/02\/xerrada-de-rosa-fabeiro-sobre-cercabib-a-estudiants-de-gidd\/\"},\"wordCount\":101,\"commentCount\":0,\"publisher\":{\"@id\":\"https:\/\/fima.ub.edu\/noticies\/#organization\"},\"image\":{\"@id\":\"https:\/\/fima.ub.edu\/noticies\/2025\/04\/02\/xerrada-de-rosa-fabeiro-sobre-cercabib-a-estudiants-de-gidd\/#primaryimage\"},\"thumbnailUrl\":\"https:\/\/fima.ub.edu\/noticies\/wp-content\/uploads\/2025\/04\/rosa2-2-scaled.jpeg\",\"keywords\":[\"Cercabib\",\"estudiants\",\"Rosa Fabeiro\",\"xerrada\"],\"articleSection\":[\"Activitats\"],\"inLanguage\":\"ca\",\"potentialAction\":[{\"@type\":\"CommentAction\",\"name\":\"Comment\",\"target\":[\"https:\/\/fima.ub.edu\/noticies\/2025\/04\/02\/xerrada-de-rosa-fabeiro-sobre-cercabib-a-estudiants-de-gidd\/#respond\"]}]},{\"@type\":\"WebPage\",\"@id\":\"https:\/\/fima.ub.edu\/noticies\/2025\/04\/02\/xerrada-de-rosa-fabeiro-sobre-cercabib-a-estudiants-de-gidd\/\",\"url\":\"https:\/\/fima.ub.edu\/noticies\/2025\/04\/02\/xerrada-de-rosa-fabeiro-sobre-cercabib-a-estudiants-de-gidd\/\",\"name\":\"Xerrada de Rosa Fabeiro sobre Cercabib a estudiants de GIDD - Not\u00edcies de la Facultat d&#039;Informaci\u00f3 i Mitjans Audiovisuals\",\"isPartOf\":{\"@id\":\"https:\/\/fima.ub.edu\/noticies\/#website\"},\"primaryImageOfPage\":{\"@id\":\"https:\/\/fima.ub.edu\/noticies\/2025\/04\/02\/xerrada-de-rosa-fabeiro-sobre-cercabib-a-estudiants-de-gidd\/#primaryimage\"},\"image\":{\"@id\":\"https:\/\/fima.ub.edu\/noticies\/2025\/04\/02\/xerrada-de-rosa-fabeiro-sobre-cercabib-a-estudiants-de-gidd\/#primaryimage\"},\"thumbnailUrl\":\"https:\/\/fima.ub.edu\/noticies\/wp-content\/uploads\/2025\/04\/rosa2-2-scaled.jpeg\",\"datePublished\":\"2025-04-02T09:14:22+00:00\",\"dateModified\":\"2025-04-02T09:15:45+00:00\",\"breadcrumb\":{\"@id\":\"https:\/\/fima.ub.edu\/noticies\/2025\/04\/02\/xerrada-de-rosa-fabeiro-sobre-cercabib-a-estudiants-de-gidd\/#breadcrumb\"},\"inLanguage\":\"ca\",\"potentialAction\":[{\"@type\":\"ReadAction\",\"target\":[\"https:\/\/fima.ub.edu\/noticies\/2025\/04\/02\/xerrada-de-rosa-fabeiro-sobre-cercabib-a-estudiants-de-gidd\/\"]}]},{\"@type\":\"ImageObject\",\"inLanguage\":\"ca\",\"@id\":\"https:\/\/fima.ub.edu\/noticies\/2025\/04\/02\/xerrada-de-rosa-fabeiro-sobre-cercabib-a-estudiants-de-gidd\/#primaryimage\",\"url\":\"https:\/\/fima.ub.edu\/noticies\/wp-content\/uploads\/2025\/04\/rosa2-2-scaled.jpeg\",\"contentUrl\":\"https:\/\/fima.ub.edu\/noticies\/wp-content\/uploads\/2025\/04\/rosa2-2-scaled.jpeg\",\"width\":2560,\"height\":1707},{\"@type\":\"BreadcrumbList\",\"@id\":\"https:\/\/fima.ub.edu\/noticies\/2025\/04\/02\/xerrada-de-rosa-fabeiro-sobre-cercabib-a-estudiants-de-gidd\/#breadcrumb\",\"itemListElement\":[{\"@type\":\"ListItem\",\"position\":1,\"name\":\"Inici\",\"item\":\"https:\/\/fima.ub.edu\/noticies\/\"},{\"@type\":\"ListItem\",\"position\":2,\"name\":\"Xerrada de Rosa Fabeiro sobre Cercabib a estudiants de GIDD\"}]},{\"@type\":\"WebSite\",\"@id\":\"https:\/\/fima.ub.edu\/noticies\/#website\",\"url\":\"https:\/\/fima.ub.edu\/noticies\/\",\"name\":\"Not\u00edcies de la Facultat d&#039;Informaci\u00f3 i Mitjans Audiovisuals\",\"description\":\"\",\"publisher\":{\"@id\":\"https:\/\/fima.ub.edu\/noticies\/#organization\"},\"potentialAction\":[{\"@type\":\"SearchAction\",\"target\":{\"@type\":\"EntryPoint\",\"urlTemplate\":\"https:\/\/fima.ub.edu\/noticies\/?s={search_term_string}\"},\"query-input\":{\"@type\":\"PropertyValueSpecification\",\"valueRequired\":true,\"valueName\":\"search_term_string\"}}],\"inLanguage\":\"ca\"},{\"@type\":\"Organization\",\"@id\":\"https:\/\/fima.ub.edu\/noticies\/#organization\",\"name\":\"Not\u00edcies de la Facultat d&#039;Informaci\u00f3 i Mitjans Audiovisuals\",\"url\":\"https:\/\/fima.ub.edu\/noticies\/\",\"logo\":{\"@type\":\"ImageObject\",\"inLanguage\":\"ca\",\"@id\":\"https:\/\/fima.ub.edu\/noticies\/#\/schema\/logo\/image\/\",\"url\":\"https:\/\/fima.ub.edu\/noticies\/wp-content\/uploads\/2023\/09\/cropped-fima_noticies.png\",\"contentUrl\":\"https:\/\/fima.ub.edu\/noticies\/wp-content\/uploads\/2023\/09\/cropped-fima_noticies.png\",\"width\":1009,\"height\":200,\"caption\":\"Not\u00edcies de la Facultat d&#039;Informaci\u00f3 i Mitjans Audiovisuals\"},\"image\":{\"@id\":\"https:\/\/fima.ub.edu\/noticies\/#\/schema\/logo\/image\/\"},\"sameAs\":[\"https:\/\/www.facebook.com\/FIMAUB\",\"https:\/\/x.com\/FIMA_UB\",\"https:\/\/www.instagram.com\/fima_ub\/\",\"https:\/\/www.flickr.com\/photos\/fbid_ub\/\",\"https:\/\/www.slideshare.net\/FBDUB\",\"https:\/\/www.youtube.com\/user\/FBiDUB\"]},{\"@type\":\"Person\",\"@id\":\"https:\/\/fima.ub.edu\/noticies\/#\/schema\/person\/3debeefad6254c6d18a294db7ed01f49\",\"name\":\"FIMA\",\"image\":{\"@type\":\"ImageObject\",\"inLanguage\":\"ca\",\"@id\":\"https:\/\/secure.gravatar.com\/avatar\/a5eb35c10cfc5762dc4d1f1e3e2a6749bcd2eadf91a6377242fdc1b1bacde41d?s=96&d=mm&r=g\",\"url\":\"https:\/\/secure.gravatar.com\/avatar\/a5eb35c10cfc5762dc4d1f1e3e2a6749bcd2eadf91a6377242fdc1b1bacde41d?s=96&d=mm&r=g\",\"contentUrl\":\"https:\/\/secure.gravatar.com\/avatar\/a5eb35c10cfc5762dc4d1f1e3e2a6749bcd2eadf91a6377242fdc1b1bacde41d?s=96&d=mm&r=g\",\"caption\":\"FIMA\"},\"url\":\"https:\/\/fima.ub.edu\/noticies\/author\/fima\/\"}]}<\/script>\n<!-- \/ Yoast SEO plugin. -->","yoast_head_json":{"title":"Xerrada de Rosa Fabeiro sobre Cercabib a estudiants de GIDD - Not\u00edcies de la Facultat d&#039;Informaci\u00f3 i Mitjans Audiovisuals","robots":{"index":"index","follow":"follow","max-snippet":"max-snippet:-1","max-image-preview":"max-image-preview:large","max-video-preview":"max-video-preview:-1"},"canonical":"https:\/\/fima.ub.edu\/noticies\/2025\/04\/02\/xerrada-de-rosa-fabeiro-sobre-cercabib-a-estudiants-de-gidd\/","og_locale":"ca_ES","og_type":"article","og_title":"Xerrada de Rosa Fabeiro sobre Cercabib a estudiants de GIDD - Not\u00edcies de la Facultat d&#039;Informaci\u00f3 i Mitjans Audiovisuals","og_description":"El dimarts 1 d&#8217;abril de 2025, Rosa Fabeiro, cap de la Unitat de Proc\u00e9s T\u00e8cnic del CRAI de la UB, va participar en l&#8217;assignatura Sistemes de gesti\u00f3 digital de la informaci\u00f3 II, del grau en Gesti\u00f3 de la Informaci\u00f3 i Documentaci\u00f3 Digital, amb la xerrada &#8220;Cercabib: l&#8217;eina de descoberta del CRAI de la Universitat de Barcelona&#8221;. Rosa Fabeiro va explicar les principals caracter\u00edstiques de la soluci\u00f3 tecnol\u00f2gica de Cercabib, la plataforma Alma (ExLibris), aix\u00ed com el proc\u00e9s i les particularitats de la seva licitaci\u00f3.&nbsp;","og_url":"https:\/\/fima.ub.edu\/noticies\/2025\/04\/02\/xerrada-de-rosa-fabeiro-sobre-cercabib-a-estudiants-de-gidd\/","og_site_name":"Not\u00edcies de la Facultat d&#039;Informaci\u00f3 i Mitjans Audiovisuals","article_publisher":"https:\/\/www.facebook.com\/FIMAUB","article_published_time":"2025-04-02T09:14:22+00:00","article_modified_time":"2025-04-02T09:15:45+00:00","og_image":[{"width":2560,"height":1707,"url":"https:\/\/fima.ub.edu\/noticies\/wp-content\/uploads\/2025\/04\/rosa2-2-scaled.jpeg","type":"image\/jpeg"}],"author":"FIMA","twitter_card":"summary_large_image","twitter_creator":"@FIMA_UB","twitter_site":"@FIMA_UB","twitter_misc":{"Escrit per":"FIMA","Temps estimat de lectura":"1 minut"},"schema":{"@context":"https:\/\/schema.org","@graph":[{"@type":"Article","@id":"https:\/\/fima.ub.edu\/noticies\/2025\/04\/02\/xerrada-de-rosa-fabeiro-sobre-cercabib-a-estudiants-de-gidd\/#article","isPartOf":{"@id":"https:\/\/fima.ub.edu\/noticies\/2025\/04\/02\/xerrada-de-rosa-fabeiro-sobre-cercabib-a-estudiants-de-gidd\/"},"author":{"name":"FIMA","@id":"https:\/\/fima.ub.edu\/noticies\/#\/schema\/person\/3debeefad6254c6d18a294db7ed01f49"},"headline":"Xerrada de Rosa Fabeiro sobre Cercabib a estudiants de GIDD","datePublished":"2025-04-02T09:14:22+00:00","dateModified":"2025-04-02T09:15:45+00:00","mainEntityOfPage":{"@id":"https:\/\/fima.ub.edu\/noticies\/2025\/04\/02\/xerrada-de-rosa-fabeiro-sobre-cercabib-a-estudiants-de-gidd\/"},"wordCount":101,"commentCount":0,"publisher":{"@id":"https:\/\/fima.ub.edu\/noticies\/#organization"},"image":{"@id":"https:\/\/fima.ub.edu\/noticies\/2025\/04\/02\/xerrada-de-rosa-fabeiro-sobre-cercabib-a-estudiants-de-gidd\/#primaryimage"},"thumbnailUrl":"https:\/\/fima.ub.edu\/noticies\/wp-content\/uploads\/2025\/04\/rosa2-2-scaled.jpeg","keywords":["Cercabib","estudiants","Rosa Fabeiro","xerrada"],"articleSection":["Activitats"],"inLanguage":"ca","potentialAction":[{"@type":"CommentAction","name":"Comment","target":["https:\/\/fima.ub.edu\/noticies\/2025\/04\/02\/xerrada-de-rosa-fabeiro-sobre-cercabib-a-estudiants-de-gidd\/#respond"]}]},{"@type":"WebPage","@id":"https:\/\/fima.ub.edu\/noticies\/2025\/04\/02\/xerrada-de-rosa-fabeiro-sobre-cercabib-a-estudiants-de-gidd\/","url":"https:\/\/fima.ub.edu\/noticies\/2025\/04\/02\/xerrada-de-rosa-fabeiro-sobre-cercabib-a-estudiants-de-gidd\/","name":"Xerrada de Rosa Fabeiro sobre Cercabib a estudiants de GIDD - Not\u00edcies de la Facultat d&#039;Informaci\u00f3 i Mitjans Audiovisuals","isPartOf":{"@id":"https:\/\/fima.ub.edu\/noticies\/#website"},"primaryImageOfPage":{"@id":"https:\/\/fima.ub.edu\/noticies\/2025\/04\/02\/xerrada-de-rosa-fabeiro-sobre-cercabib-a-estudiants-de-gidd\/#primaryimage"},"image":{"@id":"https:\/\/fima.ub.edu\/noticies\/2025\/04\/02\/xerrada-de-rosa-fabeiro-sobre-cercabib-a-estudiants-de-gidd\/#primaryimage"},"thumbnailUrl":"https:\/\/fima.ub.edu\/noticies\/wp-content\/uploads\/2025\/04\/rosa2-2-scaled.jpeg","datePublished":"2025-04-02T09:14:22+00:00","dateModified":"2025-04-02T09:15:45+00:00","breadcrumb":{"@id":"https:\/\/fima.ub.edu\/noticies\/2025\/04\/02\/xerrada-de-rosa-fabeiro-sobre-cercabib-a-estudiants-de-gidd\/#breadcrumb"},"inLanguage":"ca","potentialAction":[{"@type":"ReadAction","target":["https:\/\/fima.ub.edu\/noticies\/2025\/04\/02\/xerrada-de-rosa-fabeiro-sobre-cercabib-a-estudiants-de-gidd\/"]}]},{"@type":"ImageObject","inLanguage":"ca","@id":"https:\/\/fima.ub.edu\/noticies\/2025\/04\/02\/xerrada-de-rosa-fabeiro-sobre-cercabib-a-estudiants-de-gidd\/#primaryimage","url":"https:\/\/fima.ub.edu\/noticies\/wp-content\/uploads\/2025\/04\/rosa2-2-scaled.jpeg","contentUrl":"https:\/\/fima.ub.edu\/noticies\/wp-content\/uploads\/2025\/04\/rosa2-2-scaled.jpeg","width":2560,"height":1707},{"@type":"BreadcrumbList","@id":"https:\/\/fima.ub.edu\/noticies\/2025\/04\/02\/xerrada-de-rosa-fabeiro-sobre-cercabib-a-estudiants-de-gidd\/#breadcrumb","itemListElement":[{"@type":"ListItem","position":1,"name":"Inici","item":"https:\/\/fima.ub.edu\/noticies\/"},{"@type":"ListItem","position":2,"name":"Xerrada de Rosa Fabeiro sobre Cercabib a estudiants de GIDD"}]},{"@type":"WebSite","@id":"https:\/\/fima.ub.edu\/noticies\/#website","url":"https:\/\/fima.ub.edu\/noticies\/","name":"Not\u00edcies de la Facultat d&#039;Informaci\u00f3 i Mitjans Audiovisuals","description":"","publisher":{"@id":"https:\/\/fima.ub.edu\/noticies\/#organization"},"potentialAction":[{"@type":"SearchAction","target":{"@type":"EntryPoint","urlTemplate":"https:\/\/fima.ub.edu\/noticies\/?s={search_term_string}"},"query-input":{"@type":"PropertyValueSpecification","valueRequired":true,"valueName":"search_term_string"}}],"inLanguage":"ca"},{"@type":"Organization","@id":"https:\/\/fima.ub.edu\/noticies\/#organization","name":"Not\u00edcies de la Facultat d&#039;Informaci\u00f3 i Mitjans Audiovisuals","url":"https:\/\/fima.ub.edu\/noticies\/","logo":{"@type":"ImageObject","inLanguage":"ca","@id":"https:\/\/fima.ub.edu\/noticies\/#\/schema\/logo\/image\/","url":"https:\/\/fima.ub.edu\/noticies\/wp-content\/uploads\/2023\/09\/cropped-fima_noticies.png","contentUrl":"https:\/\/fima.ub.edu\/noticies\/wp-content\/uploads\/2023\/09\/cropped-fima_noticies.png","width":1009,"height":200,"caption":"Not\u00edcies de la Facultat d&#039;Informaci\u00f3 i Mitjans Audiovisuals"},"image":{"@id":"https:\/\/fima.ub.edu\/noticies\/#\/schema\/logo\/image\/"},"sameAs":["https:\/\/www.facebook.com\/FIMAUB","https:\/\/x.com\/FIMA_UB","https:\/\/www.instagram.com\/fima_ub\/","https:\/\/www.flickr.com\/photos\/fbid_ub\/","https:\/\/www.slideshare.net\/FBDUB","https:\/\/www.youtube.com\/user\/FBiDUB"]},{"@type":"Person","@id":"https:\/\/fima.ub.edu\/noticies\/#\/schema\/person\/3debeefad6254c6d18a294db7ed01f49","name":"FIMA","image":{"@type":"ImageObject","inLanguage":"ca","@id":"https:\/\/secure.gravatar.com\/avatar\/a5eb35c10cfc5762dc4d1f1e3e2a6749bcd2eadf91a6377242fdc1b1bacde41d?s=96&d=mm&r=g","url":"https:\/\/secure.gravatar.com\/avatar\/a5eb35c10cfc5762dc4d1f1e3e2a6749bcd2eadf91a6377242fdc1b1bacde41d?s=96&d=mm&r=g","contentUrl":"https:\/\/secure.gravatar.com\/avatar\/a5eb35c10cfc5762dc4d1f1e3e2a6749bcd2eadf91a6377242fdc1b1bacde41d?s=96&d=mm&r=g","caption":"FIMA"},"url":"https:\/\/fima.ub.edu\/noticies\/author\/fima\/"}]}},"_links":{"self":[{"href":"https:\/\/fima.ub.edu\/noticies\/wp-json\/wp\/v2\/posts\/12182","targetHints":{"allow":["GET"]}}],"collection":[{"href":"https:\/\/fima.ub.edu\/noticies\/wp-json\/wp\/v2\/posts"}],"about":[{"href":"https:\/\/fima.ub.edu\/noticies\/wp-json\/wp\/v2\/types\/post"}],"author":[{"embeddable":true,"href":"https:\/\/fima.ub.edu\/noticies\/wp-json\/wp\/v2\/users\/7"}],"replies":[{"embeddable":true,"href":"https:\/\/fima.ub.edu\/noticies\/wp-json\/wp\/v2\/comments?post=12182"}],"version-history":[{"count":4,"href":"https:\/\/fima.ub.edu\/noticies\/wp-json\/wp\/v2\/posts\/12182\/revisions"}],"predecessor-version":[{"id":12190,"href":"https:\/\/fima.ub.edu\/noticies\/wp-json\/wp\/v2\/posts\/12182\/revisions\/12190"}],"wp:featuredmedia":[{"embeddable":true,"href":"https:\/\/fima.ub.edu\/noticies\/wp-json\/wp\/v2\/media\/12189"}],"wp:attachment":[{"href":"https:\/\/fima.ub.edu\/noticies\/wp-json\/wp\/v2\/media?parent=12182"}],"wp:term":[{"taxonomy":"category","embeddable":true,"href":"https:\/\/fima.ub.edu\/noticies\/wp-json\/wp\/v2\/categories?post=12182"},{"taxonomy":"post_tag","embeddable":true,"href":"https:\/\/fima.ub.edu\/noticies\/wp-json\/wp\/v2\/tags?post=12182"},{"taxonomy":"vocabulary_5","embeddable":true,"href":"https:\/\/fima.ub.edu\/noticies\/wp-json\/wp\/v2\/vocabulary_5?post=12182"}],"curies":[{"name":"wp","href":"https:\/\/api.w.org\/{rel}","templated":true}]}}