{"id":122,"date":"2012-03-09T08:00:33","date_gmt":"2012-03-09T06:00:33","guid":{"rendered":"https:\/\/fima.ub.edu\/noticies\/2012\/03\/09\/xerrada-de-nuria-castells-en-el-marc-de-lassignatura-documentacio-audiovisuual\/"},"modified":"2012-03-09T08:00:33","modified_gmt":"2012-03-09T06:00:33","slug":"xerrada-de-nuria-castells-en-el-marc-de-lassignatura-documentacio-audiovisuual","status":"publish","type":"post","link":"https:\/\/fima.ub.edu\/noticies\/2012\/03\/09\/xerrada-de-nuria-castells-en-el-marc-de-lassignatura-documentacio-audiovisuual\/","title":{"rendered":"Xerrada de N\u00faria Castells en el marc de l&#8217;assignatura Documentaci\u00f3 audiovisual"},"content":{"rendered":"<p><img loading=\"lazy\" decoding=\"async\" class=\" alignleft size-full wp-image-121\" alt=\"\" src=\"https:\/\/fima.ub.edu\/noticies\/wp-content\/uploads\/2012\/03\/Xerrada_Nuria_Castells.JPG\" style=\"margin: 10px 20px; width: 150px; float: left; height: 84px\" width=\"641\" height=\"360\" srcset=\"https:\/\/fima.ub.edu\/noticies\/wp-content\/uploads\/2012\/03\/Xerrada_Nuria_Castells.JPG 641w, https:\/\/fima.ub.edu\/noticies\/wp-content\/uploads\/2012\/03\/Xerrada_Nuria_Castells-300x168.jpg 300w\" sizes=\"auto, (max-width: 641px) 100vw, 641px\" \/>Ahir, 8 de mar&ccedil;, l&#39;exalumna de la Facultat N&uacute;ria Castells&nbsp;va impartir una xerrada sobre la base de dades de premsa <em>MyNews<\/em> en el marc de l&#39;assignatura Documentaci&oacute; audiovisual, que imparteix Jorge Franganillo al grau de Comunicaci&oacute; Audiovisual.<\/p>\n<p>&nbsp;<\/p>\n","protected":false},"excerpt":{"rendered":"<p>Ahir, 8 de mar&ccedil;, l&#39;exalumna de la Facultat N&uacute;ria Castells&nbsp;va impartir una xerrada sobre la base de dades de premsa MyNews en el marc de l&#39;assignatura Documentaci&oacute; audiovisual, que imparteix Jorge Franganillo al grau de Comunicaci&oacute; Audiovisual. &nbsp;<\/p>\n","protected":false},"author":6,"featured_media":0,"comment_status":"open","ping_status":"open","sticky":false,"template":"","format":"standard","meta":{"_acf_changed":false,"footnotes":""},"categories":[8],"tags":[215,294,214,293],"vocabulary_5":[3442],"class_list":["post-122","post","type-post","status-publish","format-standard","hentry","category-campus","tag-documentacio-audiovisual","tag-mynews","tag-nuria-castells","tag-premsa","vocabulary_5-facultat"],"acf":[],"yoast_head":"<!-- This site is optimized with the Yoast SEO plugin v27.5 - https:\/\/yoast.com\/product\/yoast-seo-wordpress\/ -->\n<title>Xerrada de N\u00faria Castells en el marc de l&#039;assignatura Documentaci\u00f3 audiovisual - Not\u00edcies de la Facultat d&#039;Informaci\u00f3 i Mitjans Audiovisuals<\/title>\n<meta name=\"robots\" content=\"index, follow, max-snippet:-1, max-image-preview:large, max-video-preview:-1\" \/>\n<link rel=\"canonical\" href=\"https:\/\/fima.ub.edu\/noticies\/2012\/03\/09\/xerrada-de-nuria-castells-en-el-marc-de-lassignatura-documentacio-audiovisuual\/\" \/>\n<meta property=\"og:locale\" content=\"ca_ES\" \/>\n<meta property=\"og:type\" content=\"article\" \/>\n<meta property=\"og:title\" content=\"Xerrada de N\u00faria Castells en el marc de l&#039;assignatura Documentaci\u00f3 audiovisual - Not\u00edcies de la Facultat d&#039;Informaci\u00f3 i Mitjans Audiovisuals\" \/>\n<meta property=\"og:description\" content=\"Ahir, 8 de mar&ccedil;, l&#039;exalumna de la Facultat N&uacute;ria Castells&nbsp;va impartir una xerrada sobre la base de dades de premsa MyNews en el marc de l&#039;assignatura Documentaci&oacute; audiovisual, que imparteix Jorge Franganillo al grau de Comunicaci&oacute; Audiovisual. &nbsp;\" \/>\n<meta property=\"og:url\" content=\"https:\/\/fima.ub.edu\/noticies\/2012\/03\/09\/xerrada-de-nuria-castells-en-el-marc-de-lassignatura-documentacio-audiovisuual\/\" \/>\n<meta property=\"og:site_name\" content=\"Not\u00edcies de la Facultat d&#039;Informaci\u00f3 i Mitjans Audiovisuals\" \/>\n<meta property=\"article:publisher\" content=\"https:\/\/www.facebook.com\/FIMAUB\" \/>\n<meta property=\"article:published_time\" content=\"2012-03-09T06:00:33+00:00\" \/>\n<meta property=\"og:image\" content=\"https:\/\/fima.ub.edu\/noticies\/wp-content\/uploads\/2012\/03\/Xerrada_Nuria_Castells.JPG\" \/>\n<meta name=\"author\" content=\"Anna Rubi\u00f3\" \/>\n<meta name=\"twitter:card\" content=\"summary_large_image\" \/>\n<meta name=\"twitter:creator\" content=\"@FIMA_UB\" \/>\n<meta name=\"twitter:site\" content=\"@FIMA_UB\" \/>\n<meta name=\"twitter:label1\" content=\"Escrit per\" \/>\n\t<meta name=\"twitter:data1\" content=\"Anna Rubi\u00f3\" \/>\n<script type=\"application\/ld+json\" class=\"yoast-schema-graph\">{\"@context\":\"https:\\\/\\\/schema.org\",\"@graph\":[{\"@type\":\"Article\",\"@id\":\"https:\\\/\\\/fima.ub.edu\\\/noticies\\\/2012\\\/03\\\/09\\\/xerrada-de-nuria-castells-en-el-marc-de-lassignatura-documentacio-audiovisuual\\\/#article\",\"isPartOf\":{\"@id\":\"https:\\\/\\\/fima.ub.edu\\\/noticies\\\/2012\\\/03\\\/09\\\/xerrada-de-nuria-castells-en-el-marc-de-lassignatura-documentacio-audiovisuual\\\/\"},\"author\":{\"name\":\"Anna Rubi\u00f3\",\"@id\":\"https:\\\/\\\/fima.ub.edu\\\/noticies\\\/#\\\/schema\\\/person\\\/dc378ff0cdb85eb3d02f0b8b668edc45\"},\"headline\":\"Xerrada de N\u00faria Castells en el marc de l&#8217;assignatura Documentaci\u00f3 audiovisual\",\"datePublished\":\"2012-03-09T06:00:33+00:00\",\"mainEntityOfPage\":{\"@id\":\"https:\\\/\\\/fima.ub.edu\\\/noticies\\\/2012\\\/03\\\/09\\\/xerrada-de-nuria-castells-en-el-marc-de-lassignatura-documentacio-audiovisuual\\\/\"},\"wordCount\":59,\"commentCount\":0,\"publisher\":{\"@id\":\"https:\\\/\\\/fima.ub.edu\\\/noticies\\\/#organization\"},\"image\":{\"@id\":\"https:\\\/\\\/fima.ub.edu\\\/noticies\\\/2012\\\/03\\\/09\\\/xerrada-de-nuria-castells-en-el-marc-de-lassignatura-documentacio-audiovisuual\\\/#primaryimage\"},\"thumbnailUrl\":\"https:\\\/\\\/fima.ub.edu\\\/noticies\\\/wp-content\\\/uploads\\\/2012\\\/03\\\/Xerrada_Nuria_Castells.JPG\",\"keywords\":[\"Documentaci\u00f3 audiovisual\",\"MyNews\",\"N\u00faria castells\",\"premsa\"],\"articleSection\":[\"Campus\"],\"inLanguage\":\"ca\",\"potentialAction\":[{\"@type\":\"CommentAction\",\"name\":\"Comment\",\"target\":[\"https:\\\/\\\/fima.ub.edu\\\/noticies\\\/2012\\\/03\\\/09\\\/xerrada-de-nuria-castells-en-el-marc-de-lassignatura-documentacio-audiovisuual\\\/#respond\"]}]},{\"@type\":\"WebPage\",\"@id\":\"https:\\\/\\\/fima.ub.edu\\\/noticies\\\/2012\\\/03\\\/09\\\/xerrada-de-nuria-castells-en-el-marc-de-lassignatura-documentacio-audiovisuual\\\/\",\"url\":\"https:\\\/\\\/fima.ub.edu\\\/noticies\\\/2012\\\/03\\\/09\\\/xerrada-de-nuria-castells-en-el-marc-de-lassignatura-documentacio-audiovisuual\\\/\",\"name\":\"Xerrada de N\u00faria Castells en el marc de l'assignatura Documentaci\u00f3 audiovisual - Not\u00edcies de la Facultat d&#039;Informaci\u00f3 i Mitjans Audiovisuals\",\"isPartOf\":{\"@id\":\"https:\\\/\\\/fima.ub.edu\\\/noticies\\\/#website\"},\"primaryImageOfPage\":{\"@id\":\"https:\\\/\\\/fima.ub.edu\\\/noticies\\\/2012\\\/03\\\/09\\\/xerrada-de-nuria-castells-en-el-marc-de-lassignatura-documentacio-audiovisuual\\\/#primaryimage\"},\"image\":{\"@id\":\"https:\\\/\\\/fima.ub.edu\\\/noticies\\\/2012\\\/03\\\/09\\\/xerrada-de-nuria-castells-en-el-marc-de-lassignatura-documentacio-audiovisuual\\\/#primaryimage\"},\"thumbnailUrl\":\"https:\\\/\\\/fima.ub.edu\\\/noticies\\\/wp-content\\\/uploads\\\/2012\\\/03\\\/Xerrada_Nuria_Castells.JPG\",\"datePublished\":\"2012-03-09T06:00:33+00:00\",\"breadcrumb\":{\"@id\":\"https:\\\/\\\/fima.ub.edu\\\/noticies\\\/2012\\\/03\\\/09\\\/xerrada-de-nuria-castells-en-el-marc-de-lassignatura-documentacio-audiovisuual\\\/#breadcrumb\"},\"inLanguage\":\"ca\",\"potentialAction\":[{\"@type\":\"ReadAction\",\"target\":[\"https:\\\/\\\/fima.ub.edu\\\/noticies\\\/2012\\\/03\\\/09\\\/xerrada-de-nuria-castells-en-el-marc-de-lassignatura-documentacio-audiovisuual\\\/\"]}]},{\"@type\":\"ImageObject\",\"inLanguage\":\"ca\",\"@id\":\"https:\\\/\\\/fima.ub.edu\\\/noticies\\\/2012\\\/03\\\/09\\\/xerrada-de-nuria-castells-en-el-marc-de-lassignatura-documentacio-audiovisuual\\\/#primaryimage\",\"url\":\"https:\\\/\\\/fima.ub.edu\\\/noticies\\\/wp-content\\\/uploads\\\/2012\\\/03\\\/Xerrada_Nuria_Castells.JPG\",\"contentUrl\":\"https:\\\/\\\/fima.ub.edu\\\/noticies\\\/wp-content\\\/uploads\\\/2012\\\/03\\\/Xerrada_Nuria_Castells.JPG\",\"width\":641,\"height\":360},{\"@type\":\"BreadcrumbList\",\"@id\":\"https:\\\/\\\/fima.ub.edu\\\/noticies\\\/2012\\\/03\\\/09\\\/xerrada-de-nuria-castells-en-el-marc-de-lassignatura-documentacio-audiovisuual\\\/#breadcrumb\",\"itemListElement\":[{\"@type\":\"ListItem\",\"position\":1,\"name\":\"Inici\",\"item\":\"https:\\\/\\\/fima.ub.edu\\\/noticies\\\/\"},{\"@type\":\"ListItem\",\"position\":2,\"name\":\"Xerrada de N\u00faria Castells en el marc de l&#8217;assignatura Documentaci\u00f3 audiovisual\"}]},{\"@type\":\"WebSite\",\"@id\":\"https:\\\/\\\/fima.ub.edu\\\/noticies\\\/#website\",\"url\":\"https:\\\/\\\/fima.ub.edu\\\/noticies\\\/\",\"name\":\"Not\u00edcies de la Facultat d&#039;Informaci\u00f3 i Mitjans Audiovisuals\",\"description\":\"\",\"publisher\":{\"@id\":\"https:\\\/\\\/fima.ub.edu\\\/noticies\\\/#organization\"},\"potentialAction\":[{\"@type\":\"SearchAction\",\"target\":{\"@type\":\"EntryPoint\",\"urlTemplate\":\"https:\\\/\\\/fima.ub.edu\\\/noticies\\\/?s={search_term_string}\"},\"query-input\":{\"@type\":\"PropertyValueSpecification\",\"valueRequired\":true,\"valueName\":\"search_term_string\"}}],\"inLanguage\":\"ca\"},{\"@type\":\"Organization\",\"@id\":\"https:\\\/\\\/fima.ub.edu\\\/noticies\\\/#organization\",\"name\":\"Not\u00edcies de la Facultat d&#039;Informaci\u00f3 i Mitjans Audiovisuals\",\"url\":\"https:\\\/\\\/fima.ub.edu\\\/noticies\\\/\",\"logo\":{\"@type\":\"ImageObject\",\"inLanguage\":\"ca\",\"@id\":\"https:\\\/\\\/fima.ub.edu\\\/noticies\\\/#\\\/schema\\\/logo\\\/image\\\/\",\"url\":\"https:\\\/\\\/fima.ub.edu\\\/noticies\\\/wp-content\\\/uploads\\\/2023\\\/09\\\/cropped-fima_noticies.png\",\"contentUrl\":\"https:\\\/\\\/fima.ub.edu\\\/noticies\\\/wp-content\\\/uploads\\\/2023\\\/09\\\/cropped-fima_noticies.png\",\"width\":1009,\"height\":200,\"caption\":\"Not\u00edcies de la Facultat d&#039;Informaci\u00f3 i Mitjans Audiovisuals\"},\"image\":{\"@id\":\"https:\\\/\\\/fima.ub.edu\\\/noticies\\\/#\\\/schema\\\/logo\\\/image\\\/\"},\"sameAs\":[\"https:\\\/\\\/www.facebook.com\\\/FIMAUB\",\"https:\\\/\\\/x.com\\\/FIMA_UB\",\"https:\\\/\\\/www.instagram.com\\\/fima_ub\\\/\",\"https:\\\/\\\/www.flickr.com\\\/photos\\\/fbid_ub\\\/\",\"https:\\\/\\\/www.slideshare.net\\\/FBDUB\",\"https:\\\/\\\/www.youtube.com\\\/user\\\/FBiDUB\"]},{\"@type\":\"Person\",\"@id\":\"https:\\\/\\\/fima.ub.edu\\\/noticies\\\/#\\\/schema\\\/person\\\/dc378ff0cdb85eb3d02f0b8b668edc45\",\"name\":\"Anna Rubi\u00f3\",\"image\":{\"@type\":\"ImageObject\",\"inLanguage\":\"ca\",\"@id\":\"https:\\\/\\\/secure.gravatar.com\\\/avatar\\\/dee6fdca9caf2bc48bb11cf46822c54cf8ec94b4ee9b965166649a19197cb935?s=96&d=mm&r=g\",\"url\":\"https:\\\/\\\/secure.gravatar.com\\\/avatar\\\/dee6fdca9caf2bc48bb11cf46822c54cf8ec94b4ee9b965166649a19197cb935?s=96&d=mm&r=g\",\"contentUrl\":\"https:\\\/\\\/secure.gravatar.com\\\/avatar\\\/dee6fdca9caf2bc48bb11cf46822c54cf8ec94b4ee9b965166649a19197cb935?s=96&d=mm&r=g\",\"caption\":\"Anna Rubi\u00f3\"},\"url\":\"https:\\\/\\\/fima.ub.edu\\\/noticies\\\/author\\\/anna-rubio\\\/\"}]}<\/script>\n<!-- \/ Yoast SEO plugin. -->","yoast_head_json":{"title":"Xerrada de N\u00faria Castells en el marc de l'assignatura Documentaci\u00f3 audiovisual - Not\u00edcies de la Facultat d&#039;Informaci\u00f3 i Mitjans Audiovisuals","robots":{"index":"index","follow":"follow","max-snippet":"max-snippet:-1","max-image-preview":"max-image-preview:large","max-video-preview":"max-video-preview:-1"},"canonical":"https:\/\/fima.ub.edu\/noticies\/2012\/03\/09\/xerrada-de-nuria-castells-en-el-marc-de-lassignatura-documentacio-audiovisuual\/","og_locale":"ca_ES","og_type":"article","og_title":"Xerrada de N\u00faria Castells en el marc de l'assignatura Documentaci\u00f3 audiovisual - Not\u00edcies de la Facultat d&#039;Informaci\u00f3 i Mitjans Audiovisuals","og_description":"Ahir, 8 de mar&ccedil;, l&#39;exalumna de la Facultat N&uacute;ria Castells&nbsp;va impartir una xerrada sobre la base de dades de premsa MyNews en el marc de l&#39;assignatura Documentaci&oacute; audiovisual, que imparteix Jorge Franganillo al grau de Comunicaci&oacute; Audiovisual. &nbsp;","og_url":"https:\/\/fima.ub.edu\/noticies\/2012\/03\/09\/xerrada-de-nuria-castells-en-el-marc-de-lassignatura-documentacio-audiovisuual\/","og_site_name":"Not\u00edcies de la Facultat d&#039;Informaci\u00f3 i Mitjans Audiovisuals","article_publisher":"https:\/\/www.facebook.com\/FIMAUB","article_published_time":"2012-03-09T06:00:33+00:00","og_image":[{"url":"https:\/\/fima.ub.edu\/noticies\/wp-content\/uploads\/2012\/03\/Xerrada_Nuria_Castells.JPG","type":"","width":"","height":""}],"author":"Anna Rubi\u00f3","twitter_card":"summary_large_image","twitter_creator":"@FIMA_UB","twitter_site":"@FIMA_UB","twitter_misc":{"Escrit per":"Anna Rubi\u00f3"},"schema":{"@context":"https:\/\/schema.org","@graph":[{"@type":"Article","@id":"https:\/\/fima.ub.edu\/noticies\/2012\/03\/09\/xerrada-de-nuria-castells-en-el-marc-de-lassignatura-documentacio-audiovisuual\/#article","isPartOf":{"@id":"https:\/\/fima.ub.edu\/noticies\/2012\/03\/09\/xerrada-de-nuria-castells-en-el-marc-de-lassignatura-documentacio-audiovisuual\/"},"author":{"name":"Anna Rubi\u00f3","@id":"https:\/\/fima.ub.edu\/noticies\/#\/schema\/person\/dc378ff0cdb85eb3d02f0b8b668edc45"},"headline":"Xerrada de N\u00faria Castells en el marc de l&#8217;assignatura Documentaci\u00f3 audiovisual","datePublished":"2012-03-09T06:00:33+00:00","mainEntityOfPage":{"@id":"https:\/\/fima.ub.edu\/noticies\/2012\/03\/09\/xerrada-de-nuria-castells-en-el-marc-de-lassignatura-documentacio-audiovisuual\/"},"wordCount":59,"commentCount":0,"publisher":{"@id":"https:\/\/fima.ub.edu\/noticies\/#organization"},"image":{"@id":"https:\/\/fima.ub.edu\/noticies\/2012\/03\/09\/xerrada-de-nuria-castells-en-el-marc-de-lassignatura-documentacio-audiovisuual\/#primaryimage"},"thumbnailUrl":"https:\/\/fima.ub.edu\/noticies\/wp-content\/uploads\/2012\/03\/Xerrada_Nuria_Castells.JPG","keywords":["Documentaci\u00f3 audiovisual","MyNews","N\u00faria castells","premsa"],"articleSection":["Campus"],"inLanguage":"ca","potentialAction":[{"@type":"CommentAction","name":"Comment","target":["https:\/\/fima.ub.edu\/noticies\/2012\/03\/09\/xerrada-de-nuria-castells-en-el-marc-de-lassignatura-documentacio-audiovisuual\/#respond"]}]},{"@type":"WebPage","@id":"https:\/\/fima.ub.edu\/noticies\/2012\/03\/09\/xerrada-de-nuria-castells-en-el-marc-de-lassignatura-documentacio-audiovisuual\/","url":"https:\/\/fima.ub.edu\/noticies\/2012\/03\/09\/xerrada-de-nuria-castells-en-el-marc-de-lassignatura-documentacio-audiovisuual\/","name":"Xerrada de N\u00faria Castells en el marc de l'assignatura Documentaci\u00f3 audiovisual - Not\u00edcies de la Facultat d&#039;Informaci\u00f3 i Mitjans Audiovisuals","isPartOf":{"@id":"https:\/\/fima.ub.edu\/noticies\/#website"},"primaryImageOfPage":{"@id":"https:\/\/fima.ub.edu\/noticies\/2012\/03\/09\/xerrada-de-nuria-castells-en-el-marc-de-lassignatura-documentacio-audiovisuual\/#primaryimage"},"image":{"@id":"https:\/\/fima.ub.edu\/noticies\/2012\/03\/09\/xerrada-de-nuria-castells-en-el-marc-de-lassignatura-documentacio-audiovisuual\/#primaryimage"},"thumbnailUrl":"https:\/\/fima.ub.edu\/noticies\/wp-content\/uploads\/2012\/03\/Xerrada_Nuria_Castells.JPG","datePublished":"2012-03-09T06:00:33+00:00","breadcrumb":{"@id":"https:\/\/fima.ub.edu\/noticies\/2012\/03\/09\/xerrada-de-nuria-castells-en-el-marc-de-lassignatura-documentacio-audiovisuual\/#breadcrumb"},"inLanguage":"ca","potentialAction":[{"@type":"ReadAction","target":["https:\/\/fima.ub.edu\/noticies\/2012\/03\/09\/xerrada-de-nuria-castells-en-el-marc-de-lassignatura-documentacio-audiovisuual\/"]}]},{"@type":"ImageObject","inLanguage":"ca","@id":"https:\/\/fima.ub.edu\/noticies\/2012\/03\/09\/xerrada-de-nuria-castells-en-el-marc-de-lassignatura-documentacio-audiovisuual\/#primaryimage","url":"https:\/\/fima.ub.edu\/noticies\/wp-content\/uploads\/2012\/03\/Xerrada_Nuria_Castells.JPG","contentUrl":"https:\/\/fima.ub.edu\/noticies\/wp-content\/uploads\/2012\/03\/Xerrada_Nuria_Castells.JPG","width":641,"height":360},{"@type":"BreadcrumbList","@id":"https:\/\/fima.ub.edu\/noticies\/2012\/03\/09\/xerrada-de-nuria-castells-en-el-marc-de-lassignatura-documentacio-audiovisuual\/#breadcrumb","itemListElement":[{"@type":"ListItem","position":1,"name":"Inici","item":"https:\/\/fima.ub.edu\/noticies\/"},{"@type":"ListItem","position":2,"name":"Xerrada de N\u00faria Castells en el marc de l&#8217;assignatura Documentaci\u00f3 audiovisual"}]},{"@type":"WebSite","@id":"https:\/\/fima.ub.edu\/noticies\/#website","url":"https:\/\/fima.ub.edu\/noticies\/","name":"Not\u00edcies de la Facultat d&#039;Informaci\u00f3 i Mitjans Audiovisuals","description":"","publisher":{"@id":"https:\/\/fima.ub.edu\/noticies\/#organization"},"potentialAction":[{"@type":"SearchAction","target":{"@type":"EntryPoint","urlTemplate":"https:\/\/fima.ub.edu\/noticies\/?s={search_term_string}"},"query-input":{"@type":"PropertyValueSpecification","valueRequired":true,"valueName":"search_term_string"}}],"inLanguage":"ca"},{"@type":"Organization","@id":"https:\/\/fima.ub.edu\/noticies\/#organization","name":"Not\u00edcies de la Facultat d&#039;Informaci\u00f3 i Mitjans Audiovisuals","url":"https:\/\/fima.ub.edu\/noticies\/","logo":{"@type":"ImageObject","inLanguage":"ca","@id":"https:\/\/fima.ub.edu\/noticies\/#\/schema\/logo\/image\/","url":"https:\/\/fima.ub.edu\/noticies\/wp-content\/uploads\/2023\/09\/cropped-fima_noticies.png","contentUrl":"https:\/\/fima.ub.edu\/noticies\/wp-content\/uploads\/2023\/09\/cropped-fima_noticies.png","width":1009,"height":200,"caption":"Not\u00edcies de la Facultat d&#039;Informaci\u00f3 i Mitjans Audiovisuals"},"image":{"@id":"https:\/\/fima.ub.edu\/noticies\/#\/schema\/logo\/image\/"},"sameAs":["https:\/\/www.facebook.com\/FIMAUB","https:\/\/x.com\/FIMA_UB","https:\/\/www.instagram.com\/fima_ub\/","https:\/\/www.flickr.com\/photos\/fbid_ub\/","https:\/\/www.slideshare.net\/FBDUB","https:\/\/www.youtube.com\/user\/FBiDUB"]},{"@type":"Person","@id":"https:\/\/fima.ub.edu\/noticies\/#\/schema\/person\/dc378ff0cdb85eb3d02f0b8b668edc45","name":"Anna Rubi\u00f3","image":{"@type":"ImageObject","inLanguage":"ca","@id":"https:\/\/secure.gravatar.com\/avatar\/dee6fdca9caf2bc48bb11cf46822c54cf8ec94b4ee9b965166649a19197cb935?s=96&d=mm&r=g","url":"https:\/\/secure.gravatar.com\/avatar\/dee6fdca9caf2bc48bb11cf46822c54cf8ec94b4ee9b965166649a19197cb935?s=96&d=mm&r=g","contentUrl":"https:\/\/secure.gravatar.com\/avatar\/dee6fdca9caf2bc48bb11cf46822c54cf8ec94b4ee9b965166649a19197cb935?s=96&d=mm&r=g","caption":"Anna Rubi\u00f3"},"url":"https:\/\/fima.ub.edu\/noticies\/author\/anna-rubio\/"}]}},"_links":{"self":[{"href":"https:\/\/fima.ub.edu\/noticies\/wp-json\/wp\/v2\/posts\/122","targetHints":{"allow":["GET"]}}],"collection":[{"href":"https:\/\/fima.ub.edu\/noticies\/wp-json\/wp\/v2\/posts"}],"about":[{"href":"https:\/\/fima.ub.edu\/noticies\/wp-json\/wp\/v2\/types\/post"}],"author":[{"embeddable":true,"href":"https:\/\/fima.ub.edu\/noticies\/wp-json\/wp\/v2\/users\/6"}],"replies":[{"embeddable":true,"href":"https:\/\/fima.ub.edu\/noticies\/wp-json\/wp\/v2\/comments?post=122"}],"version-history":[{"count":0,"href":"https:\/\/fima.ub.edu\/noticies\/wp-json\/wp\/v2\/posts\/122\/revisions"}],"wp:attachment":[{"href":"https:\/\/fima.ub.edu\/noticies\/wp-json\/wp\/v2\/media?parent=122"}],"wp:term":[{"taxonomy":"category","embeddable":true,"href":"https:\/\/fima.ub.edu\/noticies\/wp-json\/wp\/v2\/categories?post=122"},{"taxonomy":"post_tag","embeddable":true,"href":"https:\/\/fima.ub.edu\/noticies\/wp-json\/wp\/v2\/tags?post=122"},{"taxonomy":"vocabulary_5","embeddable":true,"href":"https:\/\/fima.ub.edu\/noticies\/wp-json\/wp\/v2\/vocabulary_5?post=122"}],"curies":[{"name":"wp","href":"https:\/\/api.w.org\/{rel}","templated":true}]}}