{"id":12715,"date":"2025-05-22T17:09:10","date_gmt":"2025-05-22T15:09:10","guid":{"rendered":"https:\/\/fima.ub.edu\/noticies\/?p=12715"},"modified":"2025-05-23T07:49:10","modified_gmt":"2025-05-23T05:49:10","slug":"lestudiantat-de-disseny-dinteraccio-analitza-una-experiencia-immersiva-de-realitat-virtual-a-la-facultat-de-medicina-i-ciencies-de-la-salut","status":"publish","type":"post","link":"https:\/\/fima.ub.edu\/noticies\/2025\/05\/22\/lestudiantat-de-disseny-dinteraccio-analitza-una-experiencia-immersiva-de-realitat-virtual-a-la-facultat-de-medicina-i-ciencies-de-la-salut\/","title":{"rendered":"L\u2019alumnat de GIDD analitza una experi\u00e8ncia\u00a0immersiva de realitat virtual a la Facultat de Medicina i Ci\u00e8ncies de la Salut\u00a0"},"content":{"rendered":"\n<p>L\u2019estudiantat del grau en <a href=\"https:\/\/web.ub.edu\/ca\/web\/facultat-informacio-mitjans-audiovisuals\/w\/infograu-grau-g1098\" target=\"_blank\" rel=\"noreferrer noopener\">Gesti\u00f3 d\u2019Informaci\u00f3 i Documentaci\u00f3 Digital<\/a> de la FIMA, en l&#8217;assignatura de <strong>Disseny d\u2019interacci\u00f3<\/strong>, ha visitat recentment la <a href=\"https:\/\/www.ub.edu\/portal\/web\/medicina-ciencies-salut\" target=\"_blank\" rel=\"noreferrer noopener\">Facultat de Medicina i Ci\u00e8ncies de la Salut<\/a> a Bellvitge\u00a0per experimentar de primera m\u00e0 l\u2019\u00fas de la realitat virtual com a eina per a la sensibilitzaci\u00f3 i l\u2019an\u00e0lisi d\u2019experi\u00e8ncies immersives.<\/p>\n\n\n\n<p>La visita s\u2019ha dut a terme en el marc del projecte <a href=\"https:\/\/www.ub.edu\/rimda\/content\/trans-realitat-virtual-en-la-facultat-de-medicina-i-ci%C3%A8ncies-de-la-salut\" target=\"_blank\" rel=\"noreferrer noopener\"><em>Trans*\u00a0Realitat Virtual<\/em><\/a>, coordinat per la <a href=\"https:\/\/webgrec.ub.edu\/webpages\/000016\/cat\/pgimenez.ub.edu.html\">Dra.\u00a0Pepita Gim\u00e9nez Bonaf\u00e9<\/a>, amb l\u2019objectiu d\u2019analitzar la usabilitat i el disseny de la interacci\u00f3 d\u2019un entorn immersiu. Aquest projecte ofereix a les persones participants l\u2019oportunitat d\u2019endinsar-se en situacions de discriminaci\u00f3 quotidiana que viuen col\u00b7lectius com una parella gai, una noia lesbiana o una persona trans, a trav\u00e9s de l\u2019\u00fas d\u2019ulleres de realitat virtual.<\/p>\n\n\n\n<p>Tot i que la tem\u00e0tica social del projecte t\u00e9 una c\u00e0rrega emocional important i ha estat molt ben valorada pels participants, la visita ha tingut com a focus principal l\u2019an\u00e0lisi de l\u2019experi\u00e8ncia de la persona usu\u00e0ria i la usabilitat dels dispositius immersius. L&#8217;estudiantat ha pogut observar de quina manera es dissenyen aquestes experi\u00e8ncies per afavorir una immersi\u00f3 realista i significativa, tot analitzant aspectes com l\u2019ergonomia, la interf\u00edcie, la navegaci\u00f3 i la resposta emocional de les persones usu\u00e0ries.<\/p>\n\n\n\n<p>Aquesta activitat ha perm\u00e8s a l\u2019estudiantat posar en pr\u00e0ctica els seus coneixements sobre disseny centrat en la persona usu\u00e0ria, adquirits en l&#8217;assignatura impartida per <a href=\"https:\/\/fima.ub.edu\/directori\/ficha391\" target=\"_blank\" rel=\"noreferrer noopener\">N\u00faria Ferran<\/a> i <a href=\"https:\/\/fima.ub.edu\/directori\/ficha458\" target=\"_blank\" rel=\"noreferrer noopener\">Enric Senabre<\/a>, en un entorn tecnol\u00f2gic avan\u00e7at i amb una forta c\u00e0rrega social, establint ponts entre la innovaci\u00f3 tecnol\u00f2gica i la responsabilitat social.<\/p>\n","protected":false},"excerpt":{"rendered":"<p>L\u2019estudiantat del grau en Gesti\u00f3 d\u2019Informaci\u00f3 i Documentaci\u00f3 Digital de la FIMA, en l&#8217;assignatura de Disseny d\u2019interacci\u00f3, ha visitat recentment la Facultat de Medicina i Ci\u00e8ncies de la Salut a Bellvitge\u00a0per experimentar de primera m\u00e0 l\u2019\u00fas de la realitat virtual com a eina per a la sensibilitzaci\u00f3 i l\u2019an\u00e0lisi d\u2019experi\u00e8ncies immersives. La visita s\u2019ha dut a terme en el marc del projecte Trans*\u00a0Realitat Virtual, coordinat per la Dra.\u00a0Pepita Gim\u00e9nez Bonaf\u00e9, amb l\u2019objectiu d\u2019analitzar la usabilitat i el disseny de la interacci\u00f3 d\u2019un entorn immersiu. Aquest projecte ofereix a les persones participants l\u2019oportunitat d\u2019endinsar-se en situacions de discriminaci\u00f3 quotidiana que viuen col\u00b7lectius com una parella gai, una noia lesbiana o una persona trans, a trav\u00e9s de l\u2019\u00fas d\u2019ulleres de realitat virtual. Tot i que la tem\u00e0tica social del projecte t\u00e9 una c\u00e0rrega emocional important i ha estat molt ben valorada pels participants, la visita ha tingut com a focus principal l\u2019an\u00e0lisi de l\u2019experi\u00e8ncia de la persona usu\u00e0ria i la usabilitat dels dispositius immersius. L&#8217;estudiantat ha pogut observar de quina manera es dissenyen aquestes experi\u00e8ncies per afavorir una immersi\u00f3 realista i significativa, tot analitzant aspectes com l\u2019ergonomia, la interf\u00edcie, la navegaci\u00f3 i la resposta emocional de les persones usu\u00e0ries. Aquesta activitat ha perm\u00e8s a l\u2019estudiantat posar en pr\u00e0ctica els seus coneixements sobre disseny centrat en la persona usu\u00e0ria, adquirits en l&#8217;assignatura impartida per N\u00faria Ferran i Enric Senabre, en un entorn tecnol\u00f2gic avan\u00e7at i amb una forta c\u00e0rrega social, establint ponts entre la innovaci\u00f3 tecnol\u00f2gica i la responsabilitat social.<\/p>\n","protected":false},"author":7,"featured_media":12716,"comment_status":"open","ping_status":"open","sticky":false,"template":"","format":"standard","meta":{"_acf_changed":false,"footnotes":""},"categories":[4],"tags":[4189,3118,4184,2718,2454,4187,4185,3530,4186,4188],"vocabulary_5":[],"class_list":["post-12715","post","type-post","status-publish","format-standard","has-post-thumbnail","hentry","category-activitats","tag-dispositius-immersius","tag-disseny-dinteraccio","tag-facultat-de-medicina-i-ciencies-de-la-salut","tag-fima","tag-grau-de-gestio-dinformacio-i-documentacio-digital","tag-lgtbiq","tag-pepita-gimenez-bonafe","tag-realitat-virtual","tag-trans-realitat-virtual","tag-trans"],"acf":[],"yoast_head":"<!-- This site is optimized with the Yoast SEO plugin v27.5 - https:\/\/yoast.com\/product\/yoast-seo-wordpress\/ -->\n<title>L\u2019alumnat de GIDD analitza una experi\u00e8ncia\u00a0immersiva de realitat virtual a la Facultat de Medicina i Ci\u00e8ncies de la Salut\u00a0 - Not\u00edcies de la Facultat d&#039;Informaci\u00f3 i Mitjans Audiovisuals<\/title>\n<meta name=\"robots\" content=\"index, follow, max-snippet:-1, max-image-preview:large, max-video-preview:-1\" \/>\n<link rel=\"canonical\" href=\"https:\/\/fima.ub.edu\/noticies\/2025\/05\/22\/lestudiantat-de-disseny-dinteraccio-analitza-una-experiencia-immersiva-de-realitat-virtual-a-la-facultat-de-medicina-i-ciencies-de-la-salut\/\" \/>\n<meta property=\"og:locale\" content=\"ca_ES\" \/>\n<meta property=\"og:type\" content=\"article\" \/>\n<meta property=\"og:title\" content=\"L\u2019alumnat de GIDD analitza una experi\u00e8ncia\u00a0immersiva de realitat virtual a la Facultat de Medicina i Ci\u00e8ncies de la Salut\u00a0 - Not\u00edcies de la Facultat d&#039;Informaci\u00f3 i Mitjans Audiovisuals\" \/>\n<meta property=\"og:description\" content=\"L\u2019estudiantat del grau en Gesti\u00f3 d\u2019Informaci\u00f3 i Documentaci\u00f3 Digital de la FIMA, en l&#8217;assignatura de Disseny d\u2019interacci\u00f3, ha visitat recentment la Facultat de Medicina i Ci\u00e8ncies de la Salut a Bellvitge\u00a0per experimentar de primera m\u00e0 l\u2019\u00fas de la realitat virtual com a eina per a la sensibilitzaci\u00f3 i l\u2019an\u00e0lisi d\u2019experi\u00e8ncies immersives. La visita s\u2019ha dut a terme en el marc del projecte Trans*\u00a0Realitat Virtual, coordinat per la Dra.\u00a0Pepita Gim\u00e9nez Bonaf\u00e9, amb l\u2019objectiu d\u2019analitzar la usabilitat i el disseny de la interacci\u00f3 d\u2019un entorn immersiu. Aquest projecte ofereix a les persones participants l\u2019oportunitat d\u2019endinsar-se en situacions de discriminaci\u00f3 quotidiana que viuen col\u00b7lectius com una parella gai, una noia lesbiana o una persona trans, a trav\u00e9s de l\u2019\u00fas d\u2019ulleres de realitat virtual. Tot i que la tem\u00e0tica social del projecte t\u00e9 una c\u00e0rrega emocional important i ha estat molt ben valorada pels participants, la visita ha tingut com a focus principal l\u2019an\u00e0lisi de l\u2019experi\u00e8ncia de la persona usu\u00e0ria i la usabilitat dels dispositius immersius. L&#8217;estudiantat ha pogut observar de quina manera es dissenyen aquestes experi\u00e8ncies per afavorir una immersi\u00f3 realista i significativa, tot analitzant aspectes com l\u2019ergonomia, la interf\u00edcie, la navegaci\u00f3 i la resposta emocional de les persones usu\u00e0ries. Aquesta activitat ha perm\u00e8s a l\u2019estudiantat posar en pr\u00e0ctica els seus coneixements sobre disseny centrat en la persona usu\u00e0ria, adquirits en l&#8217;assignatura impartida per N\u00faria Ferran i Enric Senabre, en un entorn tecnol\u00f2gic avan\u00e7at i amb una forta c\u00e0rrega social, establint ponts entre la innovaci\u00f3 tecnol\u00f2gica i la responsabilitat social.\" \/>\n<meta property=\"og:url\" content=\"https:\/\/fima.ub.edu\/noticies\/2025\/05\/22\/lestudiantat-de-disseny-dinteraccio-analitza-una-experiencia-immersiva-de-realitat-virtual-a-la-facultat-de-medicina-i-ciencies-de-la-salut\/\" \/>\n<meta property=\"og:site_name\" content=\"Not\u00edcies de la Facultat d&#039;Informaci\u00f3 i Mitjans Audiovisuals\" \/>\n<meta property=\"article:publisher\" content=\"https:\/\/www.facebook.com\/FIMAUB\" \/>\n<meta property=\"article:published_time\" content=\"2025-05-22T15:09:10+00:00\" \/>\n<meta property=\"article:modified_time\" content=\"2025-05-23T05:49:10+00:00\" \/>\n<meta property=\"og:image\" content=\"https:\/\/fima.ub.edu\/noticies\/wp-content\/uploads\/2025\/05\/trans_realitat-scaled.jpg\" \/>\n\t<meta property=\"og:image:width\" content=\"2560\" \/>\n\t<meta property=\"og:image:height\" content=\"1440\" \/>\n\t<meta property=\"og:image:type\" content=\"image\/jpeg\" \/>\n<meta name=\"author\" content=\"FIMA\" \/>\n<meta name=\"twitter:card\" content=\"summary_large_image\" \/>\n<meta name=\"twitter:creator\" content=\"@FIMA_UB\" \/>\n<meta name=\"twitter:site\" content=\"@FIMA_UB\" \/>\n<meta name=\"twitter:label1\" content=\"Escrit per\" \/>\n\t<meta name=\"twitter:data1\" content=\"FIMA\" \/>\n\t<meta name=\"twitter:label2\" content=\"Temps estimat de lectura\" \/>\n\t<meta name=\"twitter:data2\" content=\"2 minuts\" \/>\n<script type=\"application\/ld+json\" class=\"yoast-schema-graph\">{\"@context\":\"https:\\\/\\\/schema.org\",\"@graph\":[{\"@type\":\"Article\",\"@id\":\"https:\\\/\\\/fima.ub.edu\\\/noticies\\\/2025\\\/05\\\/22\\\/lestudiantat-de-disseny-dinteraccio-analitza-una-experiencia-immersiva-de-realitat-virtual-a-la-facultat-de-medicina-i-ciencies-de-la-salut\\\/#article\",\"isPartOf\":{\"@id\":\"https:\\\/\\\/fima.ub.edu\\\/noticies\\\/2025\\\/05\\\/22\\\/lestudiantat-de-disseny-dinteraccio-analitza-una-experiencia-immersiva-de-realitat-virtual-a-la-facultat-de-medicina-i-ciencies-de-la-salut\\\/\"},\"author\":{\"name\":\"FIMA\",\"@id\":\"https:\\\/\\\/fima.ub.edu\\\/noticies\\\/#\\\/schema\\\/person\\\/3debeefad6254c6d18a294db7ed01f49\"},\"headline\":\"L\u2019alumnat de GIDD analitza una experi\u00e8ncia\u00a0immersiva de realitat virtual a la Facultat de Medicina i Ci\u00e8ncies de la Salut\u00a0\",\"datePublished\":\"2025-05-22T15:09:10+00:00\",\"dateModified\":\"2025-05-23T05:49:10+00:00\",\"mainEntityOfPage\":{\"@id\":\"https:\\\/\\\/fima.ub.edu\\\/noticies\\\/2025\\\/05\\\/22\\\/lestudiantat-de-disseny-dinteraccio-analitza-una-experiencia-immersiva-de-realitat-virtual-a-la-facultat-de-medicina-i-ciencies-de-la-salut\\\/\"},\"wordCount\":316,\"commentCount\":0,\"publisher\":{\"@id\":\"https:\\\/\\\/fima.ub.edu\\\/noticies\\\/#organization\"},\"image\":{\"@id\":\"https:\\\/\\\/fima.ub.edu\\\/noticies\\\/2025\\\/05\\\/22\\\/lestudiantat-de-disseny-dinteraccio-analitza-una-experiencia-immersiva-de-realitat-virtual-a-la-facultat-de-medicina-i-ciencies-de-la-salut\\\/#primaryimage\"},\"thumbnailUrl\":\"https:\\\/\\\/fima.ub.edu\\\/noticies\\\/wp-content\\\/uploads\\\/2025\\\/05\\\/trans_realitat-scaled.jpg\",\"keywords\":[\"dispositius immersius\",\"Disseny d'interacci\u00f3\",\"Facultat de Medicina i Ci\u00e8ncies de la Salut\",\"FIMA\",\"grau de Gesti\u00f3 d'Informaci\u00f3 i Documentaci\u00f3 Digital\",\"LGTBIQ+\",\"Pepita Gimenez Bonafe\",\"realitat virtual\",\"Trans Realitat Virtual*\",\"trans*\"],\"articleSection\":[\"Activitats\"],\"inLanguage\":\"ca\",\"potentialAction\":[{\"@type\":\"CommentAction\",\"name\":\"Comment\",\"target\":[\"https:\\\/\\\/fima.ub.edu\\\/noticies\\\/2025\\\/05\\\/22\\\/lestudiantat-de-disseny-dinteraccio-analitza-una-experiencia-immersiva-de-realitat-virtual-a-la-facultat-de-medicina-i-ciencies-de-la-salut\\\/#respond\"]}]},{\"@type\":\"WebPage\",\"@id\":\"https:\\\/\\\/fima.ub.edu\\\/noticies\\\/2025\\\/05\\\/22\\\/lestudiantat-de-disseny-dinteraccio-analitza-una-experiencia-immersiva-de-realitat-virtual-a-la-facultat-de-medicina-i-ciencies-de-la-salut\\\/\",\"url\":\"https:\\\/\\\/fima.ub.edu\\\/noticies\\\/2025\\\/05\\\/22\\\/lestudiantat-de-disseny-dinteraccio-analitza-una-experiencia-immersiva-de-realitat-virtual-a-la-facultat-de-medicina-i-ciencies-de-la-salut\\\/\",\"name\":\"L\u2019alumnat de GIDD analitza una experi\u00e8ncia\u00a0immersiva de realitat virtual a la Facultat de Medicina i Ci\u00e8ncies de la Salut\u00a0 - Not\u00edcies de la Facultat d&#039;Informaci\u00f3 i Mitjans Audiovisuals\",\"isPartOf\":{\"@id\":\"https:\\\/\\\/fima.ub.edu\\\/noticies\\\/#website\"},\"primaryImageOfPage\":{\"@id\":\"https:\\\/\\\/fima.ub.edu\\\/noticies\\\/2025\\\/05\\\/22\\\/lestudiantat-de-disseny-dinteraccio-analitza-una-experiencia-immersiva-de-realitat-virtual-a-la-facultat-de-medicina-i-ciencies-de-la-salut\\\/#primaryimage\"},\"image\":{\"@id\":\"https:\\\/\\\/fima.ub.edu\\\/noticies\\\/2025\\\/05\\\/22\\\/lestudiantat-de-disseny-dinteraccio-analitza-una-experiencia-immersiva-de-realitat-virtual-a-la-facultat-de-medicina-i-ciencies-de-la-salut\\\/#primaryimage\"},\"thumbnailUrl\":\"https:\\\/\\\/fima.ub.edu\\\/noticies\\\/wp-content\\\/uploads\\\/2025\\\/05\\\/trans_realitat-scaled.jpg\",\"datePublished\":\"2025-05-22T15:09:10+00:00\",\"dateModified\":\"2025-05-23T05:49:10+00:00\",\"breadcrumb\":{\"@id\":\"https:\\\/\\\/fima.ub.edu\\\/noticies\\\/2025\\\/05\\\/22\\\/lestudiantat-de-disseny-dinteraccio-analitza-una-experiencia-immersiva-de-realitat-virtual-a-la-facultat-de-medicina-i-ciencies-de-la-salut\\\/#breadcrumb\"},\"inLanguage\":\"ca\",\"potentialAction\":[{\"@type\":\"ReadAction\",\"target\":[\"https:\\\/\\\/fima.ub.edu\\\/noticies\\\/2025\\\/05\\\/22\\\/lestudiantat-de-disseny-dinteraccio-analitza-una-experiencia-immersiva-de-realitat-virtual-a-la-facultat-de-medicina-i-ciencies-de-la-salut\\\/\"]}]},{\"@type\":\"ImageObject\",\"inLanguage\":\"ca\",\"@id\":\"https:\\\/\\\/fima.ub.edu\\\/noticies\\\/2025\\\/05\\\/22\\\/lestudiantat-de-disseny-dinteraccio-analitza-una-experiencia-immersiva-de-realitat-virtual-a-la-facultat-de-medicina-i-ciencies-de-la-salut\\\/#primaryimage\",\"url\":\"https:\\\/\\\/fima.ub.edu\\\/noticies\\\/wp-content\\\/uploads\\\/2025\\\/05\\\/trans_realitat-scaled.jpg\",\"contentUrl\":\"https:\\\/\\\/fima.ub.edu\\\/noticies\\\/wp-content\\\/uploads\\\/2025\\\/05\\\/trans_realitat-scaled.jpg\",\"width\":2560,\"height\":1440,\"caption\":\"Trans Realitat Virtual*\"},{\"@type\":\"BreadcrumbList\",\"@id\":\"https:\\\/\\\/fima.ub.edu\\\/noticies\\\/2025\\\/05\\\/22\\\/lestudiantat-de-disseny-dinteraccio-analitza-una-experiencia-immersiva-de-realitat-virtual-a-la-facultat-de-medicina-i-ciencies-de-la-salut\\\/#breadcrumb\",\"itemListElement\":[{\"@type\":\"ListItem\",\"position\":1,\"name\":\"Inici\",\"item\":\"https:\\\/\\\/fima.ub.edu\\\/noticies\\\/\"},{\"@type\":\"ListItem\",\"position\":2,\"name\":\"L\u2019alumnat de GIDD analitza una experi\u00e8ncia\u00a0immersiva de realitat virtual a la Facultat de Medicina i Ci\u00e8ncies de la Salut\u00a0\"}]},{\"@type\":\"WebSite\",\"@id\":\"https:\\\/\\\/fima.ub.edu\\\/noticies\\\/#website\",\"url\":\"https:\\\/\\\/fima.ub.edu\\\/noticies\\\/\",\"name\":\"Not\u00edcies de la Facultat d&#039;Informaci\u00f3 i Mitjans Audiovisuals\",\"description\":\"\",\"publisher\":{\"@id\":\"https:\\\/\\\/fima.ub.edu\\\/noticies\\\/#organization\"},\"potentialAction\":[{\"@type\":\"SearchAction\",\"target\":{\"@type\":\"EntryPoint\",\"urlTemplate\":\"https:\\\/\\\/fima.ub.edu\\\/noticies\\\/?s={search_term_string}\"},\"query-input\":{\"@type\":\"PropertyValueSpecification\",\"valueRequired\":true,\"valueName\":\"search_term_string\"}}],\"inLanguage\":\"ca\"},{\"@type\":\"Organization\",\"@id\":\"https:\\\/\\\/fima.ub.edu\\\/noticies\\\/#organization\",\"name\":\"Not\u00edcies de la Facultat d&#039;Informaci\u00f3 i Mitjans Audiovisuals\",\"url\":\"https:\\\/\\\/fima.ub.edu\\\/noticies\\\/\",\"logo\":{\"@type\":\"ImageObject\",\"inLanguage\":\"ca\",\"@id\":\"https:\\\/\\\/fima.ub.edu\\\/noticies\\\/#\\\/schema\\\/logo\\\/image\\\/\",\"url\":\"https:\\\/\\\/fima.ub.edu\\\/noticies\\\/wp-content\\\/uploads\\\/2023\\\/09\\\/cropped-fima_noticies.png\",\"contentUrl\":\"https:\\\/\\\/fima.ub.edu\\\/noticies\\\/wp-content\\\/uploads\\\/2023\\\/09\\\/cropped-fima_noticies.png\",\"width\":1009,\"height\":200,\"caption\":\"Not\u00edcies de la Facultat d&#039;Informaci\u00f3 i Mitjans Audiovisuals\"},\"image\":{\"@id\":\"https:\\\/\\\/fima.ub.edu\\\/noticies\\\/#\\\/schema\\\/logo\\\/image\\\/\"},\"sameAs\":[\"https:\\\/\\\/www.facebook.com\\\/FIMAUB\",\"https:\\\/\\\/x.com\\\/FIMA_UB\",\"https:\\\/\\\/www.instagram.com\\\/fima_ub\\\/\",\"https:\\\/\\\/www.flickr.com\\\/photos\\\/fbid_ub\\\/\",\"https:\\\/\\\/www.slideshare.net\\\/FBDUB\",\"https:\\\/\\\/www.youtube.com\\\/user\\\/FBiDUB\"]},{\"@type\":\"Person\",\"@id\":\"https:\\\/\\\/fima.ub.edu\\\/noticies\\\/#\\\/schema\\\/person\\\/3debeefad6254c6d18a294db7ed01f49\",\"name\":\"FIMA\",\"image\":{\"@type\":\"ImageObject\",\"inLanguage\":\"ca\",\"@id\":\"https:\\\/\\\/secure.gravatar.com\\\/avatar\\\/a5eb35c10cfc5762dc4d1f1e3e2a6749bcd2eadf91a6377242fdc1b1bacde41d?s=96&d=mm&r=g\",\"url\":\"https:\\\/\\\/secure.gravatar.com\\\/avatar\\\/a5eb35c10cfc5762dc4d1f1e3e2a6749bcd2eadf91a6377242fdc1b1bacde41d?s=96&d=mm&r=g\",\"contentUrl\":\"https:\\\/\\\/secure.gravatar.com\\\/avatar\\\/a5eb35c10cfc5762dc4d1f1e3e2a6749bcd2eadf91a6377242fdc1b1bacde41d?s=96&d=mm&r=g\",\"caption\":\"FIMA\"},\"url\":\"https:\\\/\\\/fima.ub.edu\\\/noticies\\\/author\\\/fima\\\/\"}]}<\/script>\n<!-- \/ Yoast SEO plugin. -->","yoast_head_json":{"title":"L\u2019alumnat de GIDD analitza una experi\u00e8ncia\u00a0immersiva de realitat virtual a la Facultat de Medicina i Ci\u00e8ncies de la Salut\u00a0 - Not\u00edcies de la Facultat d&#039;Informaci\u00f3 i Mitjans Audiovisuals","robots":{"index":"index","follow":"follow","max-snippet":"max-snippet:-1","max-image-preview":"max-image-preview:large","max-video-preview":"max-video-preview:-1"},"canonical":"https:\/\/fima.ub.edu\/noticies\/2025\/05\/22\/lestudiantat-de-disseny-dinteraccio-analitza-una-experiencia-immersiva-de-realitat-virtual-a-la-facultat-de-medicina-i-ciencies-de-la-salut\/","og_locale":"ca_ES","og_type":"article","og_title":"L\u2019alumnat de GIDD analitza una experi\u00e8ncia\u00a0immersiva de realitat virtual a la Facultat de Medicina i Ci\u00e8ncies de la Salut\u00a0 - Not\u00edcies de la Facultat d&#039;Informaci\u00f3 i Mitjans Audiovisuals","og_description":"L\u2019estudiantat del grau en Gesti\u00f3 d\u2019Informaci\u00f3 i Documentaci\u00f3 Digital de la FIMA, en l&#8217;assignatura de Disseny d\u2019interacci\u00f3, ha visitat recentment la Facultat de Medicina i Ci\u00e8ncies de la Salut a Bellvitge\u00a0per experimentar de primera m\u00e0 l\u2019\u00fas de la realitat virtual com a eina per a la sensibilitzaci\u00f3 i l\u2019an\u00e0lisi d\u2019experi\u00e8ncies immersives. La visita s\u2019ha dut a terme en el marc del projecte Trans*\u00a0Realitat Virtual, coordinat per la Dra.\u00a0Pepita Gim\u00e9nez Bonaf\u00e9, amb l\u2019objectiu d\u2019analitzar la usabilitat i el disseny de la interacci\u00f3 d\u2019un entorn immersiu. Aquest projecte ofereix a les persones participants l\u2019oportunitat d\u2019endinsar-se en situacions de discriminaci\u00f3 quotidiana que viuen col\u00b7lectius com una parella gai, una noia lesbiana o una persona trans, a trav\u00e9s de l\u2019\u00fas d\u2019ulleres de realitat virtual. Tot i que la tem\u00e0tica social del projecte t\u00e9 una c\u00e0rrega emocional important i ha estat molt ben valorada pels participants, la visita ha tingut com a focus principal l\u2019an\u00e0lisi de l\u2019experi\u00e8ncia de la persona usu\u00e0ria i la usabilitat dels dispositius immersius. L&#8217;estudiantat ha pogut observar de quina manera es dissenyen aquestes experi\u00e8ncies per afavorir una immersi\u00f3 realista i significativa, tot analitzant aspectes com l\u2019ergonomia, la interf\u00edcie, la navegaci\u00f3 i la resposta emocional de les persones usu\u00e0ries. Aquesta activitat ha perm\u00e8s a l\u2019estudiantat posar en pr\u00e0ctica els seus coneixements sobre disseny centrat en la persona usu\u00e0ria, adquirits en l&#8217;assignatura impartida per N\u00faria Ferran i Enric Senabre, en un entorn tecnol\u00f2gic avan\u00e7at i amb una forta c\u00e0rrega social, establint ponts entre la innovaci\u00f3 tecnol\u00f2gica i la responsabilitat social.","og_url":"https:\/\/fima.ub.edu\/noticies\/2025\/05\/22\/lestudiantat-de-disseny-dinteraccio-analitza-una-experiencia-immersiva-de-realitat-virtual-a-la-facultat-de-medicina-i-ciencies-de-la-salut\/","og_site_name":"Not\u00edcies de la Facultat d&#039;Informaci\u00f3 i Mitjans Audiovisuals","article_publisher":"https:\/\/www.facebook.com\/FIMAUB","article_published_time":"2025-05-22T15:09:10+00:00","article_modified_time":"2025-05-23T05:49:10+00:00","og_image":[{"width":2560,"height":1440,"url":"https:\/\/fima.ub.edu\/noticies\/wp-content\/uploads\/2025\/05\/trans_realitat-scaled.jpg","type":"image\/jpeg"}],"author":"FIMA","twitter_card":"summary_large_image","twitter_creator":"@FIMA_UB","twitter_site":"@FIMA_UB","twitter_misc":{"Escrit per":"FIMA","Temps estimat de lectura":"2 minuts"},"schema":{"@context":"https:\/\/schema.org","@graph":[{"@type":"Article","@id":"https:\/\/fima.ub.edu\/noticies\/2025\/05\/22\/lestudiantat-de-disseny-dinteraccio-analitza-una-experiencia-immersiva-de-realitat-virtual-a-la-facultat-de-medicina-i-ciencies-de-la-salut\/#article","isPartOf":{"@id":"https:\/\/fima.ub.edu\/noticies\/2025\/05\/22\/lestudiantat-de-disseny-dinteraccio-analitza-una-experiencia-immersiva-de-realitat-virtual-a-la-facultat-de-medicina-i-ciencies-de-la-salut\/"},"author":{"name":"FIMA","@id":"https:\/\/fima.ub.edu\/noticies\/#\/schema\/person\/3debeefad6254c6d18a294db7ed01f49"},"headline":"L\u2019alumnat de GIDD analitza una experi\u00e8ncia\u00a0immersiva de realitat virtual a la Facultat de Medicina i Ci\u00e8ncies de la Salut\u00a0","datePublished":"2025-05-22T15:09:10+00:00","dateModified":"2025-05-23T05:49:10+00:00","mainEntityOfPage":{"@id":"https:\/\/fima.ub.edu\/noticies\/2025\/05\/22\/lestudiantat-de-disseny-dinteraccio-analitza-una-experiencia-immersiva-de-realitat-virtual-a-la-facultat-de-medicina-i-ciencies-de-la-salut\/"},"wordCount":316,"commentCount":0,"publisher":{"@id":"https:\/\/fima.ub.edu\/noticies\/#organization"},"image":{"@id":"https:\/\/fima.ub.edu\/noticies\/2025\/05\/22\/lestudiantat-de-disseny-dinteraccio-analitza-una-experiencia-immersiva-de-realitat-virtual-a-la-facultat-de-medicina-i-ciencies-de-la-salut\/#primaryimage"},"thumbnailUrl":"https:\/\/fima.ub.edu\/noticies\/wp-content\/uploads\/2025\/05\/trans_realitat-scaled.jpg","keywords":["dispositius immersius","Disseny d'interacci\u00f3","Facultat de Medicina i Ci\u00e8ncies de la Salut","FIMA","grau de Gesti\u00f3 d'Informaci\u00f3 i Documentaci\u00f3 Digital","LGTBIQ+","Pepita Gimenez Bonafe","realitat virtual","Trans Realitat Virtual*","trans*"],"articleSection":["Activitats"],"inLanguage":"ca","potentialAction":[{"@type":"CommentAction","name":"Comment","target":["https:\/\/fima.ub.edu\/noticies\/2025\/05\/22\/lestudiantat-de-disseny-dinteraccio-analitza-una-experiencia-immersiva-de-realitat-virtual-a-la-facultat-de-medicina-i-ciencies-de-la-salut\/#respond"]}]},{"@type":"WebPage","@id":"https:\/\/fima.ub.edu\/noticies\/2025\/05\/22\/lestudiantat-de-disseny-dinteraccio-analitza-una-experiencia-immersiva-de-realitat-virtual-a-la-facultat-de-medicina-i-ciencies-de-la-salut\/","url":"https:\/\/fima.ub.edu\/noticies\/2025\/05\/22\/lestudiantat-de-disseny-dinteraccio-analitza-una-experiencia-immersiva-de-realitat-virtual-a-la-facultat-de-medicina-i-ciencies-de-la-salut\/","name":"L\u2019alumnat de GIDD analitza una experi\u00e8ncia\u00a0immersiva de realitat virtual a la Facultat de Medicina i Ci\u00e8ncies de la Salut\u00a0 - Not\u00edcies de la Facultat d&#039;Informaci\u00f3 i Mitjans Audiovisuals","isPartOf":{"@id":"https:\/\/fima.ub.edu\/noticies\/#website"},"primaryImageOfPage":{"@id":"https:\/\/fima.ub.edu\/noticies\/2025\/05\/22\/lestudiantat-de-disseny-dinteraccio-analitza-una-experiencia-immersiva-de-realitat-virtual-a-la-facultat-de-medicina-i-ciencies-de-la-salut\/#primaryimage"},"image":{"@id":"https:\/\/fima.ub.edu\/noticies\/2025\/05\/22\/lestudiantat-de-disseny-dinteraccio-analitza-una-experiencia-immersiva-de-realitat-virtual-a-la-facultat-de-medicina-i-ciencies-de-la-salut\/#primaryimage"},"thumbnailUrl":"https:\/\/fima.ub.edu\/noticies\/wp-content\/uploads\/2025\/05\/trans_realitat-scaled.jpg","datePublished":"2025-05-22T15:09:10+00:00","dateModified":"2025-05-23T05:49:10+00:00","breadcrumb":{"@id":"https:\/\/fima.ub.edu\/noticies\/2025\/05\/22\/lestudiantat-de-disseny-dinteraccio-analitza-una-experiencia-immersiva-de-realitat-virtual-a-la-facultat-de-medicina-i-ciencies-de-la-salut\/#breadcrumb"},"inLanguage":"ca","potentialAction":[{"@type":"ReadAction","target":["https:\/\/fima.ub.edu\/noticies\/2025\/05\/22\/lestudiantat-de-disseny-dinteraccio-analitza-una-experiencia-immersiva-de-realitat-virtual-a-la-facultat-de-medicina-i-ciencies-de-la-salut\/"]}]},{"@type":"ImageObject","inLanguage":"ca","@id":"https:\/\/fima.ub.edu\/noticies\/2025\/05\/22\/lestudiantat-de-disseny-dinteraccio-analitza-una-experiencia-immersiva-de-realitat-virtual-a-la-facultat-de-medicina-i-ciencies-de-la-salut\/#primaryimage","url":"https:\/\/fima.ub.edu\/noticies\/wp-content\/uploads\/2025\/05\/trans_realitat-scaled.jpg","contentUrl":"https:\/\/fima.ub.edu\/noticies\/wp-content\/uploads\/2025\/05\/trans_realitat-scaled.jpg","width":2560,"height":1440,"caption":"Trans Realitat Virtual*"},{"@type":"BreadcrumbList","@id":"https:\/\/fima.ub.edu\/noticies\/2025\/05\/22\/lestudiantat-de-disseny-dinteraccio-analitza-una-experiencia-immersiva-de-realitat-virtual-a-la-facultat-de-medicina-i-ciencies-de-la-salut\/#breadcrumb","itemListElement":[{"@type":"ListItem","position":1,"name":"Inici","item":"https:\/\/fima.ub.edu\/noticies\/"},{"@type":"ListItem","position":2,"name":"L\u2019alumnat de GIDD analitza una experi\u00e8ncia\u00a0immersiva de realitat virtual a la Facultat de Medicina i Ci\u00e8ncies de la Salut\u00a0"}]},{"@type":"WebSite","@id":"https:\/\/fima.ub.edu\/noticies\/#website","url":"https:\/\/fima.ub.edu\/noticies\/","name":"Not\u00edcies de la Facultat d&#039;Informaci\u00f3 i Mitjans Audiovisuals","description":"","publisher":{"@id":"https:\/\/fima.ub.edu\/noticies\/#organization"},"potentialAction":[{"@type":"SearchAction","target":{"@type":"EntryPoint","urlTemplate":"https:\/\/fima.ub.edu\/noticies\/?s={search_term_string}"},"query-input":{"@type":"PropertyValueSpecification","valueRequired":true,"valueName":"search_term_string"}}],"inLanguage":"ca"},{"@type":"Organization","@id":"https:\/\/fima.ub.edu\/noticies\/#organization","name":"Not\u00edcies de la Facultat d&#039;Informaci\u00f3 i Mitjans Audiovisuals","url":"https:\/\/fima.ub.edu\/noticies\/","logo":{"@type":"ImageObject","inLanguage":"ca","@id":"https:\/\/fima.ub.edu\/noticies\/#\/schema\/logo\/image\/","url":"https:\/\/fima.ub.edu\/noticies\/wp-content\/uploads\/2023\/09\/cropped-fima_noticies.png","contentUrl":"https:\/\/fima.ub.edu\/noticies\/wp-content\/uploads\/2023\/09\/cropped-fima_noticies.png","width":1009,"height":200,"caption":"Not\u00edcies de la Facultat d&#039;Informaci\u00f3 i Mitjans Audiovisuals"},"image":{"@id":"https:\/\/fima.ub.edu\/noticies\/#\/schema\/logo\/image\/"},"sameAs":["https:\/\/www.facebook.com\/FIMAUB","https:\/\/x.com\/FIMA_UB","https:\/\/www.instagram.com\/fima_ub\/","https:\/\/www.flickr.com\/photos\/fbid_ub\/","https:\/\/www.slideshare.net\/FBDUB","https:\/\/www.youtube.com\/user\/FBiDUB"]},{"@type":"Person","@id":"https:\/\/fima.ub.edu\/noticies\/#\/schema\/person\/3debeefad6254c6d18a294db7ed01f49","name":"FIMA","image":{"@type":"ImageObject","inLanguage":"ca","@id":"https:\/\/secure.gravatar.com\/avatar\/a5eb35c10cfc5762dc4d1f1e3e2a6749bcd2eadf91a6377242fdc1b1bacde41d?s=96&d=mm&r=g","url":"https:\/\/secure.gravatar.com\/avatar\/a5eb35c10cfc5762dc4d1f1e3e2a6749bcd2eadf91a6377242fdc1b1bacde41d?s=96&d=mm&r=g","contentUrl":"https:\/\/secure.gravatar.com\/avatar\/a5eb35c10cfc5762dc4d1f1e3e2a6749bcd2eadf91a6377242fdc1b1bacde41d?s=96&d=mm&r=g","caption":"FIMA"},"url":"https:\/\/fima.ub.edu\/noticies\/author\/fima\/"}]}},"_links":{"self":[{"href":"https:\/\/fima.ub.edu\/noticies\/wp-json\/wp\/v2\/posts\/12715","targetHints":{"allow":["GET"]}}],"collection":[{"href":"https:\/\/fima.ub.edu\/noticies\/wp-json\/wp\/v2\/posts"}],"about":[{"href":"https:\/\/fima.ub.edu\/noticies\/wp-json\/wp\/v2\/types\/post"}],"author":[{"embeddable":true,"href":"https:\/\/fima.ub.edu\/noticies\/wp-json\/wp\/v2\/users\/7"}],"replies":[{"embeddable":true,"href":"https:\/\/fima.ub.edu\/noticies\/wp-json\/wp\/v2\/comments?post=12715"}],"version-history":[{"count":4,"href":"https:\/\/fima.ub.edu\/noticies\/wp-json\/wp\/v2\/posts\/12715\/revisions"}],"predecessor-version":[{"id":12728,"href":"https:\/\/fima.ub.edu\/noticies\/wp-json\/wp\/v2\/posts\/12715\/revisions\/12728"}],"wp:featuredmedia":[{"embeddable":true,"href":"https:\/\/fima.ub.edu\/noticies\/wp-json\/wp\/v2\/media\/12716"}],"wp:attachment":[{"href":"https:\/\/fima.ub.edu\/noticies\/wp-json\/wp\/v2\/media?parent=12715"}],"wp:term":[{"taxonomy":"category","embeddable":true,"href":"https:\/\/fima.ub.edu\/noticies\/wp-json\/wp\/v2\/categories?post=12715"},{"taxonomy":"post_tag","embeddable":true,"href":"https:\/\/fima.ub.edu\/noticies\/wp-json\/wp\/v2\/tags?post=12715"},{"taxonomy":"vocabulary_5","embeddable":true,"href":"https:\/\/fima.ub.edu\/noticies\/wp-json\/wp\/v2\/vocabulary_5?post=12715"}],"curies":[{"name":"wp","href":"https:\/\/api.w.org\/{rel}","templated":true}]}}