{"id":14891,"date":"2026-02-09T09:01:29","date_gmt":"2026-02-09T08:01:29","guid":{"rendered":"https:\/\/fima.ub.edu\/noticies\/?p=14891"},"modified":"2026-02-13T22:16:47","modified_gmt":"2026-02-13T21:16:47","slug":"mor-jose-martinez-de-sousa-referent-en-ortotipografia-lexicografia-i-llengua-espanyola","status":"publish","type":"post","link":"https:\/\/fima.ub.edu\/noticies\/2026\/02\/09\/mor-jose-martinez-de-sousa-referent-en-ortotipografia-lexicografia-i-llengua-espanyola\/","title":{"rendered":"Mor Jos\u00e9 Mart\u00ednez de Sousa, referent en ortotipografia, lexicografia i llengua espanyola"},"content":{"rendered":"\n<p>El passat 27 de gener de 2026 va morir a Barcelona <a href=\"https:\/\/ca.wikipedia.org\/wiki\/Jos%C3%A9_Mart%C3%ADnez_de_Sousa\">Jos\u00e9 Mart\u00ednez de Sousa<\/a>, especialista en ortotipografia, lexicografia i llengua espanyola. Nascut el 1933 a O Rosal (Pontevedra), de jove s\u2019instal\u00b7l\u00e0 a Barcelona, on desenvolup\u00e0 una vida professional molt intensa en diferents empreses de les arts gr\u00e0fiques: Bruguera, La Vanguardia, Labor i Biblograf. A m\u00e9s de la seva feina quotidiana com a t\u00e8cnic editorial, i gr\u00e0cies a ella, destaca notablement la seva aportaci\u00f3 a la bibliografia professional, amb 25 llibres publicats, molts d\u2019ells de consulta obligada per a correctors i dissenyadors.<\/p>\n\n\n\n<p>En l\u2019\u00e0mbit de la informaci\u00f3 i la documentaci\u00f3, \u00e9s essencial els seu diccionari enciclop\u00e8dic <em>Diccionario de bibliolog\u00eda y ciencias afines <\/em>(3a ed., Trea, 2004), aix\u00ed com d\u2019altres d\u2019un alt inter\u00e8s: <em>Diccionario de lexicograf\u00eda pr\u00e1ctica <\/em>(Biblograf, 1995), <em>Diccionario de edici\u00f3n, tipograf\u00eda y artes gr\u00e1ficas<\/em> (Trea, 2001), <em>Ortograf\u00eda y ortotipograf\u00eda del espa\u00f1ol actual<\/em> (Trea, 2008), <em>Diccionario de usos y dudas del espa\u00f1ol actual<\/em> (Trea, 2008), <em>Manual b\u00e1sico de lexicograf\u00eda<\/em> (Trea, 2009), <em>Manual de estilo de la lengua espa\u00f1ola<\/em> (Trea, 2015), <em>Manual de edici\u00f3n y autoedici\u00f3n<\/em> (Pir\u00e1mide 2024). Tots ells, disponibles al <a href=\"https:\/\/cercabib.ub.edu\/discovery\/search?query=creator,exact,Mart%C3%ADnez%20de%20Sousa,AND&amp;tab=LibraryCatalog&amp;search_scope=MyInstitution&amp;sortby=rank&amp;vid=34CSUC_UB:VU1&amp;mode=advanced&amp;offset=0\" type=\"link\" id=\"https:\/\/cercabib.ub.edu\/discovery\/search?query=creator,exact,Mart%C3%ADnez%20de%20Sousa,AND&amp;tab=LibraryCatalog&amp;search_scope=MyInstitution&amp;sortby=rank&amp;vid=34CSUC_UB:VU1&amp;mode=advanced&amp;offset=0\">CRAI Biblioteca d&#8217;Informaci\u00f3 i Mitjans Audiovisuals<\/a>.<\/p>\n\n\n\n<p>Amb la Facultat va mantenir durant molts anys una relaci\u00f3 for\u00e7a intensa, impartint una confer\u00e8ncia anual sobre els diccionaris i l\u2019article lexicogr\u00e0fic (de 2001 a 2008), i un article a la revista <em>BiD:<\/em> \u00ab<a href=\"https:\/\/bid.ub.edu\/08sousa.htm\">Influencia del ingl\u00e9s en el lenguaje bibliol\u00f3gico y tipogr\u00e1fico moderno<\/a>\u00bb (n\u00fam. 8, juny 2002). A la Universitat de Barcelona va ser responsable de diversos m\u00e0sters i postgraus en t\u00e8cniques editorials i lexicografia, entre 1990 i 1994.<\/p>\n\n\n\n<p>Des d\u2019aqu\u00ed volem enviar el nostre condol a la fam\u00edlia i amics. Descansi en pau.<\/p>\n","protected":false},"excerpt":{"rendered":"<p>El passat 27 de gener de 2026 va morir a Barcelona Jos\u00e9 Mart\u00ednez de Sousa, especialista en ortotipografia, lexicografia i llengua espanyola. Nascut el 1933 a O Rosal (Pontevedra), de jove s\u2019instal\u00b7l\u00e0 a Barcelona, on desenvolup\u00e0 una vida professional molt intensa en diferents empreses de les arts gr\u00e0fiques: Bruguera, La Vanguardia, Labor i Biblograf. A m\u00e9s de la seva feina quotidiana com a t\u00e8cnic editorial, i gr\u00e0cies a ella, destaca notablement la seva aportaci\u00f3 a la bibliografia professional, amb 25 llibres publicats, molts d\u2019ells de consulta obligada per a correctors i dissenyadors. En l\u2019\u00e0mbit de la informaci\u00f3 i la documentaci\u00f3, \u00e9s essencial els seu diccionari enciclop\u00e8dic Diccionario de bibliolog\u00eda y ciencias afines (3a ed., Trea, 2004), aix\u00ed com d\u2019altres d\u2019un alt inter\u00e8s: Diccionario de lexicograf\u00eda pr\u00e1ctica (Biblograf, 1995), Diccionario de edici\u00f3n, tipograf\u00eda y artes gr\u00e1ficas (Trea, 2001), Ortograf\u00eda y ortotipograf\u00eda del espa\u00f1ol actual (Trea, 2008), Diccionario de usos y dudas del espa\u00f1ol actual (Trea, 2008), Manual b\u00e1sico de lexicograf\u00eda (Trea, 2009), Manual de estilo de la lengua espa\u00f1ola (Trea, 2015), Manual de edici\u00f3n y autoedici\u00f3n (Pir\u00e1mide 2024). Tots ells, disponibles al CRAI Biblioteca d&#8217;Informaci\u00f3 i Mitjans Audiovisuals. Amb la Facultat va mantenir durant molts anys una relaci\u00f3 for\u00e7a intensa, impartint una confer\u00e8ncia anual sobre els diccionaris i l\u2019article lexicogr\u00e0fic (de 2001 a 2008), i un article a la revista BiD: \u00abInfluencia del ingl\u00e9s en el lenguaje bibliol\u00f3gico y tipogr\u00e1fico moderno\u00bb (n\u00fam. 8, juny 2002). A la Universitat de Barcelona va ser responsable de diversos m\u00e0sters i postgraus en t\u00e8cniques editorials i lexicografia, entre 1990 i 1994. Des d\u2019aqu\u00ed volem enviar el nostre condol a la fam\u00edlia i amics. Descansi en pau.<\/p>\n","protected":false},"author":7,"featured_media":14893,"comment_status":"open","ping_status":"open","sticky":false,"template":"","format":"standard","meta":{"_acf_changed":false,"footnotes":""},"categories":[7],"tags":[4621,254,4624,4622],"vocabulary_5":[],"class_list":["post-14891","post","type-post","status-publish","format-standard","has-post-thumbnail","hentry","category-professio","tag-da-sousa","tag-defuncio","tag-lexicografia","tag-ortotipografia"],"acf":[],"yoast_head":"<!-- This site is optimized with the Yoast SEO plugin v27.2 - https:\/\/yoast.com\/product\/yoast-seo-wordpress\/ -->\n<title>Mor Jos\u00e9 Mart\u00ednez de Sousa, referent en ortotipografia, lexicografia i llengua espanyola - Not\u00edcies de la Facultat d&#039;Informaci\u00f3 i Mitjans Audiovisuals<\/title>\n<meta name=\"robots\" content=\"index, follow, max-snippet:-1, max-image-preview:large, max-video-preview:-1\" \/>\n<link rel=\"canonical\" href=\"https:\/\/fima.ub.edu\/noticies\/2026\/02\/09\/mor-jose-martinez-de-sousa-referent-en-ortotipografia-lexicografia-i-llengua-espanyola\/\" \/>\n<meta property=\"og:locale\" content=\"ca_ES\" \/>\n<meta property=\"og:type\" content=\"article\" \/>\n<meta property=\"og:title\" content=\"Mor Jos\u00e9 Mart\u00ednez de Sousa, referent en ortotipografia, lexicografia i llengua espanyola - Not\u00edcies de la Facultat d&#039;Informaci\u00f3 i Mitjans Audiovisuals\" \/>\n<meta property=\"og:description\" content=\"El passat 27 de gener de 2026 va morir a Barcelona Jos\u00e9 Mart\u00ednez de Sousa, especialista en ortotipografia, lexicografia i llengua espanyola. Nascut el 1933 a O Rosal (Pontevedra), de jove s\u2019instal\u00b7l\u00e0 a Barcelona, on desenvolup\u00e0 una vida professional molt intensa en diferents empreses de les arts gr\u00e0fiques: Bruguera, La Vanguardia, Labor i Biblograf. A m\u00e9s de la seva feina quotidiana com a t\u00e8cnic editorial, i gr\u00e0cies a ella, destaca notablement la seva aportaci\u00f3 a la bibliografia professional, amb 25 llibres publicats, molts d\u2019ells de consulta obligada per a correctors i dissenyadors. En l\u2019\u00e0mbit de la informaci\u00f3 i la documentaci\u00f3, \u00e9s essencial els seu diccionari enciclop\u00e8dic Diccionario de bibliolog\u00eda y ciencias afines (3a ed., Trea, 2004), aix\u00ed com d\u2019altres d\u2019un alt inter\u00e8s: Diccionario de lexicograf\u00eda pr\u00e1ctica (Biblograf, 1995), Diccionario de edici\u00f3n, tipograf\u00eda y artes gr\u00e1ficas (Trea, 2001), Ortograf\u00eda y ortotipograf\u00eda del espa\u00f1ol actual (Trea, 2008), Diccionario de usos y dudas del espa\u00f1ol actual (Trea, 2008), Manual b\u00e1sico de lexicograf\u00eda (Trea, 2009), Manual de estilo de la lengua espa\u00f1ola (Trea, 2015), Manual de edici\u00f3n y autoedici\u00f3n (Pir\u00e1mide 2024). Tots ells, disponibles al CRAI Biblioteca d&#8217;Informaci\u00f3 i Mitjans Audiovisuals. Amb la Facultat va mantenir durant molts anys una relaci\u00f3 for\u00e7a intensa, impartint una confer\u00e8ncia anual sobre els diccionaris i l\u2019article lexicogr\u00e0fic (de 2001 a 2008), i un article a la revista BiD: \u00abInfluencia del ingl\u00e9s en el lenguaje bibliol\u00f3gico y tipogr\u00e1fico moderno\u00bb (n\u00fam. 8, juny 2002). A la Universitat de Barcelona va ser responsable de diversos m\u00e0sters i postgraus en t\u00e8cniques editorials i lexicografia, entre 1990 i 1994. Des d\u2019aqu\u00ed volem enviar el nostre condol a la fam\u00edlia i amics. Descansi en pau.\" \/>\n<meta property=\"og:url\" content=\"https:\/\/fima.ub.edu\/noticies\/2026\/02\/09\/mor-jose-martinez-de-sousa-referent-en-ortotipografia-lexicografia-i-llengua-espanyola\/\" \/>\n<meta property=\"og:site_name\" content=\"Not\u00edcies de la Facultat d&#039;Informaci\u00f3 i Mitjans Audiovisuals\" \/>\n<meta property=\"article:publisher\" content=\"https:\/\/www.facebook.com\/FIMAUB\" \/>\n<meta property=\"article:published_time\" content=\"2026-02-09T08:01:29+00:00\" \/>\n<meta property=\"article:modified_time\" content=\"2026-02-13T21:16:47+00:00\" \/>\n<meta property=\"og:image\" content=\"https:\/\/fima.ub.edu\/noticies\/wp-content\/uploads\/2026\/02\/sousa-1536x957-1.jpg\" \/>\n\t<meta property=\"og:image:width\" content=\"1536\" \/>\n\t<meta property=\"og:image:height\" content=\"957\" \/>\n\t<meta property=\"og:image:type\" content=\"image\/jpeg\" \/>\n<meta name=\"author\" content=\"FIMA\" \/>\n<meta name=\"twitter:card\" content=\"summary_large_image\" \/>\n<meta name=\"twitter:creator\" content=\"@FIMA_UB\" \/>\n<meta name=\"twitter:site\" content=\"@FIMA_UB\" \/>\n<meta name=\"twitter:label1\" content=\"Escrit per\" \/>\n\t<meta name=\"twitter:data1\" content=\"FIMA\" \/>\n\t<meta name=\"twitter:label2\" content=\"Temps estimat de lectura\" \/>\n\t<meta name=\"twitter:data2\" content=\"2 minuts\" \/>\n<script type=\"application\/ld+json\" class=\"yoast-schema-graph\">{\"@context\":\"https:\/\/schema.org\",\"@graph\":[{\"@type\":\"Article\",\"@id\":\"https:\/\/fima.ub.edu\/noticies\/2026\/02\/09\/mor-jose-martinez-de-sousa-referent-en-ortotipografia-lexicografia-i-llengua-espanyola\/#article\",\"isPartOf\":{\"@id\":\"https:\/\/fima.ub.edu\/noticies\/2026\/02\/09\/mor-jose-martinez-de-sousa-referent-en-ortotipografia-lexicografia-i-llengua-espanyola\/\"},\"author\":{\"name\":\"FIMA\",\"@id\":\"https:\/\/fima.ub.edu\/noticies\/#\/schema\/person\/3debeefad6254c6d18a294db7ed01f49\"},\"headline\":\"Mor Jos\u00e9 Mart\u00ednez de Sousa, referent en ortotipografia, lexicografia i llengua espanyola\",\"datePublished\":\"2026-02-09T08:01:29+00:00\",\"dateModified\":\"2026-02-13T21:16:47+00:00\",\"mainEntityOfPage\":{\"@id\":\"https:\/\/fima.ub.edu\/noticies\/2026\/02\/09\/mor-jose-martinez-de-sousa-referent-en-ortotipografia-lexicografia-i-llengua-espanyola\/\"},\"wordCount\":308,\"commentCount\":0,\"publisher\":{\"@id\":\"https:\/\/fima.ub.edu\/noticies\/#organization\"},\"image\":{\"@id\":\"https:\/\/fima.ub.edu\/noticies\/2026\/02\/09\/mor-jose-martinez-de-sousa-referent-en-ortotipografia-lexicografia-i-llengua-espanyola\/#primaryimage\"},\"thumbnailUrl\":\"https:\/\/fima.ub.edu\/noticies\/wp-content\/uploads\/2026\/02\/sousa-1536x957-1.jpg\",\"keywords\":[\"Da Sousa\",\"defunci\u00f3\",\"lexicografia\",\"ortotipografia\"],\"articleSection\":[\"Professi\u00f3\"],\"inLanguage\":\"ca\",\"potentialAction\":[{\"@type\":\"CommentAction\",\"name\":\"Comment\",\"target\":[\"https:\/\/fima.ub.edu\/noticies\/2026\/02\/09\/mor-jose-martinez-de-sousa-referent-en-ortotipografia-lexicografia-i-llengua-espanyola\/#respond\"]}]},{\"@type\":\"WebPage\",\"@id\":\"https:\/\/fima.ub.edu\/noticies\/2026\/02\/09\/mor-jose-martinez-de-sousa-referent-en-ortotipografia-lexicografia-i-llengua-espanyola\/\",\"url\":\"https:\/\/fima.ub.edu\/noticies\/2026\/02\/09\/mor-jose-martinez-de-sousa-referent-en-ortotipografia-lexicografia-i-llengua-espanyola\/\",\"name\":\"Mor Jos\u00e9 Mart\u00ednez de Sousa, referent en ortotipografia, lexicografia i llengua espanyola - Not\u00edcies de la Facultat d&#039;Informaci\u00f3 i Mitjans Audiovisuals\",\"isPartOf\":{\"@id\":\"https:\/\/fima.ub.edu\/noticies\/#website\"},\"primaryImageOfPage\":{\"@id\":\"https:\/\/fima.ub.edu\/noticies\/2026\/02\/09\/mor-jose-martinez-de-sousa-referent-en-ortotipografia-lexicografia-i-llengua-espanyola\/#primaryimage\"},\"image\":{\"@id\":\"https:\/\/fima.ub.edu\/noticies\/2026\/02\/09\/mor-jose-martinez-de-sousa-referent-en-ortotipografia-lexicografia-i-llengua-espanyola\/#primaryimage\"},\"thumbnailUrl\":\"https:\/\/fima.ub.edu\/noticies\/wp-content\/uploads\/2026\/02\/sousa-1536x957-1.jpg\",\"datePublished\":\"2026-02-09T08:01:29+00:00\",\"dateModified\":\"2026-02-13T21:16:47+00:00\",\"breadcrumb\":{\"@id\":\"https:\/\/fima.ub.edu\/noticies\/2026\/02\/09\/mor-jose-martinez-de-sousa-referent-en-ortotipografia-lexicografia-i-llengua-espanyola\/#breadcrumb\"},\"inLanguage\":\"ca\",\"potentialAction\":[{\"@type\":\"ReadAction\",\"target\":[\"https:\/\/fima.ub.edu\/noticies\/2026\/02\/09\/mor-jose-martinez-de-sousa-referent-en-ortotipografia-lexicografia-i-llengua-espanyola\/\"]}]},{\"@type\":\"ImageObject\",\"inLanguage\":\"ca\",\"@id\":\"https:\/\/fima.ub.edu\/noticies\/2026\/02\/09\/mor-jose-martinez-de-sousa-referent-en-ortotipografia-lexicografia-i-llengua-espanyola\/#primaryimage\",\"url\":\"https:\/\/fima.ub.edu\/noticies\/wp-content\/uploads\/2026\/02\/sousa-1536x957-1.jpg\",\"contentUrl\":\"https:\/\/fima.ub.edu\/noticies\/wp-content\/uploads\/2026\/02\/sousa-1536x957-1.jpg\",\"width\":1536,\"height\":957,\"caption\":\"Mor Jos\u00e9 Mart\u00ednez de Sousa, referent en ortotipografia, lexicografia i llengua espanyola\"},{\"@type\":\"BreadcrumbList\",\"@id\":\"https:\/\/fima.ub.edu\/noticies\/2026\/02\/09\/mor-jose-martinez-de-sousa-referent-en-ortotipografia-lexicografia-i-llengua-espanyola\/#breadcrumb\",\"itemListElement\":[{\"@type\":\"ListItem\",\"position\":1,\"name\":\"Inici\",\"item\":\"https:\/\/fima.ub.edu\/noticies\/\"},{\"@type\":\"ListItem\",\"position\":2,\"name\":\"Mor Jos\u00e9 Mart\u00ednez de Sousa, referent en ortotipografia, lexicografia i llengua espanyola\"}]},{\"@type\":\"WebSite\",\"@id\":\"https:\/\/fima.ub.edu\/noticies\/#website\",\"url\":\"https:\/\/fima.ub.edu\/noticies\/\",\"name\":\"Not\u00edcies de la Facultat d&#039;Informaci\u00f3 i Mitjans Audiovisuals\",\"description\":\"\",\"publisher\":{\"@id\":\"https:\/\/fima.ub.edu\/noticies\/#organization\"},\"potentialAction\":[{\"@type\":\"SearchAction\",\"target\":{\"@type\":\"EntryPoint\",\"urlTemplate\":\"https:\/\/fima.ub.edu\/noticies\/?s={search_term_string}\"},\"query-input\":{\"@type\":\"PropertyValueSpecification\",\"valueRequired\":true,\"valueName\":\"search_term_string\"}}],\"inLanguage\":\"ca\"},{\"@type\":\"Organization\",\"@id\":\"https:\/\/fima.ub.edu\/noticies\/#organization\",\"name\":\"Not\u00edcies de la Facultat d&#039;Informaci\u00f3 i Mitjans Audiovisuals\",\"url\":\"https:\/\/fima.ub.edu\/noticies\/\",\"logo\":{\"@type\":\"ImageObject\",\"inLanguage\":\"ca\",\"@id\":\"https:\/\/fima.ub.edu\/noticies\/#\/schema\/logo\/image\/\",\"url\":\"https:\/\/fima.ub.edu\/noticies\/wp-content\/uploads\/2023\/09\/cropped-fima_noticies.png\",\"contentUrl\":\"https:\/\/fima.ub.edu\/noticies\/wp-content\/uploads\/2023\/09\/cropped-fima_noticies.png\",\"width\":1009,\"height\":200,\"caption\":\"Not\u00edcies de la Facultat d&#039;Informaci\u00f3 i Mitjans Audiovisuals\"},\"image\":{\"@id\":\"https:\/\/fima.ub.edu\/noticies\/#\/schema\/logo\/image\/\"},\"sameAs\":[\"https:\/\/www.facebook.com\/FIMAUB\",\"https:\/\/x.com\/FIMA_UB\",\"https:\/\/www.instagram.com\/fima_ub\/\",\"https:\/\/www.flickr.com\/photos\/fbid_ub\/\",\"https:\/\/www.slideshare.net\/FBDUB\",\"https:\/\/www.youtube.com\/user\/FBiDUB\"]},{\"@type\":\"Person\",\"@id\":\"https:\/\/fima.ub.edu\/noticies\/#\/schema\/person\/3debeefad6254c6d18a294db7ed01f49\",\"name\":\"FIMA\",\"image\":{\"@type\":\"ImageObject\",\"inLanguage\":\"ca\",\"@id\":\"https:\/\/secure.gravatar.com\/avatar\/a5eb35c10cfc5762dc4d1f1e3e2a6749bcd2eadf91a6377242fdc1b1bacde41d?s=96&d=mm&r=g\",\"url\":\"https:\/\/secure.gravatar.com\/avatar\/a5eb35c10cfc5762dc4d1f1e3e2a6749bcd2eadf91a6377242fdc1b1bacde41d?s=96&d=mm&r=g\",\"contentUrl\":\"https:\/\/secure.gravatar.com\/avatar\/a5eb35c10cfc5762dc4d1f1e3e2a6749bcd2eadf91a6377242fdc1b1bacde41d?s=96&d=mm&r=g\",\"caption\":\"FIMA\"},\"url\":\"https:\/\/fima.ub.edu\/noticies\/author\/fima\/\"}]}<\/script>\n<!-- \/ Yoast SEO plugin. -->","yoast_head_json":{"title":"Mor Jos\u00e9 Mart\u00ednez de Sousa, referent en ortotipografia, lexicografia i llengua espanyola - Not\u00edcies de la Facultat d&#039;Informaci\u00f3 i Mitjans Audiovisuals","robots":{"index":"index","follow":"follow","max-snippet":"max-snippet:-1","max-image-preview":"max-image-preview:large","max-video-preview":"max-video-preview:-1"},"canonical":"https:\/\/fima.ub.edu\/noticies\/2026\/02\/09\/mor-jose-martinez-de-sousa-referent-en-ortotipografia-lexicografia-i-llengua-espanyola\/","og_locale":"ca_ES","og_type":"article","og_title":"Mor Jos\u00e9 Mart\u00ednez de Sousa, referent en ortotipografia, lexicografia i llengua espanyola - Not\u00edcies de la Facultat d&#039;Informaci\u00f3 i Mitjans Audiovisuals","og_description":"El passat 27 de gener de 2026 va morir a Barcelona Jos\u00e9 Mart\u00ednez de Sousa, especialista en ortotipografia, lexicografia i llengua espanyola. Nascut el 1933 a O Rosal (Pontevedra), de jove s\u2019instal\u00b7l\u00e0 a Barcelona, on desenvolup\u00e0 una vida professional molt intensa en diferents empreses de les arts gr\u00e0fiques: Bruguera, La Vanguardia, Labor i Biblograf. A m\u00e9s de la seva feina quotidiana com a t\u00e8cnic editorial, i gr\u00e0cies a ella, destaca notablement la seva aportaci\u00f3 a la bibliografia professional, amb 25 llibres publicats, molts d\u2019ells de consulta obligada per a correctors i dissenyadors. En l\u2019\u00e0mbit de la informaci\u00f3 i la documentaci\u00f3, \u00e9s essencial els seu diccionari enciclop\u00e8dic Diccionario de bibliolog\u00eda y ciencias afines (3a ed., Trea, 2004), aix\u00ed com d\u2019altres d\u2019un alt inter\u00e8s: Diccionario de lexicograf\u00eda pr\u00e1ctica (Biblograf, 1995), Diccionario de edici\u00f3n, tipograf\u00eda y artes gr\u00e1ficas (Trea, 2001), Ortograf\u00eda y ortotipograf\u00eda del espa\u00f1ol actual (Trea, 2008), Diccionario de usos y dudas del espa\u00f1ol actual (Trea, 2008), Manual b\u00e1sico de lexicograf\u00eda (Trea, 2009), Manual de estilo de la lengua espa\u00f1ola (Trea, 2015), Manual de edici\u00f3n y autoedici\u00f3n (Pir\u00e1mide 2024). Tots ells, disponibles al CRAI Biblioteca d&#8217;Informaci\u00f3 i Mitjans Audiovisuals. Amb la Facultat va mantenir durant molts anys una relaci\u00f3 for\u00e7a intensa, impartint una confer\u00e8ncia anual sobre els diccionaris i l\u2019article lexicogr\u00e0fic (de 2001 a 2008), i un article a la revista BiD: \u00abInfluencia del ingl\u00e9s en el lenguaje bibliol\u00f3gico y tipogr\u00e1fico moderno\u00bb (n\u00fam. 8, juny 2002). A la Universitat de Barcelona va ser responsable de diversos m\u00e0sters i postgraus en t\u00e8cniques editorials i lexicografia, entre 1990 i 1994. Des d\u2019aqu\u00ed volem enviar el nostre condol a la fam\u00edlia i amics. Descansi en pau.","og_url":"https:\/\/fima.ub.edu\/noticies\/2026\/02\/09\/mor-jose-martinez-de-sousa-referent-en-ortotipografia-lexicografia-i-llengua-espanyola\/","og_site_name":"Not\u00edcies de la Facultat d&#039;Informaci\u00f3 i Mitjans Audiovisuals","article_publisher":"https:\/\/www.facebook.com\/FIMAUB","article_published_time":"2026-02-09T08:01:29+00:00","article_modified_time":"2026-02-13T21:16:47+00:00","og_image":[{"width":1536,"height":957,"url":"https:\/\/fima.ub.edu\/noticies\/wp-content\/uploads\/2026\/02\/sousa-1536x957-1.jpg","type":"image\/jpeg"}],"author":"FIMA","twitter_card":"summary_large_image","twitter_creator":"@FIMA_UB","twitter_site":"@FIMA_UB","twitter_misc":{"Escrit per":"FIMA","Temps estimat de lectura":"2 minuts"},"schema":{"@context":"https:\/\/schema.org","@graph":[{"@type":"Article","@id":"https:\/\/fima.ub.edu\/noticies\/2026\/02\/09\/mor-jose-martinez-de-sousa-referent-en-ortotipografia-lexicografia-i-llengua-espanyola\/#article","isPartOf":{"@id":"https:\/\/fima.ub.edu\/noticies\/2026\/02\/09\/mor-jose-martinez-de-sousa-referent-en-ortotipografia-lexicografia-i-llengua-espanyola\/"},"author":{"name":"FIMA","@id":"https:\/\/fima.ub.edu\/noticies\/#\/schema\/person\/3debeefad6254c6d18a294db7ed01f49"},"headline":"Mor Jos\u00e9 Mart\u00ednez de Sousa, referent en ortotipografia, lexicografia i llengua espanyola","datePublished":"2026-02-09T08:01:29+00:00","dateModified":"2026-02-13T21:16:47+00:00","mainEntityOfPage":{"@id":"https:\/\/fima.ub.edu\/noticies\/2026\/02\/09\/mor-jose-martinez-de-sousa-referent-en-ortotipografia-lexicografia-i-llengua-espanyola\/"},"wordCount":308,"commentCount":0,"publisher":{"@id":"https:\/\/fima.ub.edu\/noticies\/#organization"},"image":{"@id":"https:\/\/fima.ub.edu\/noticies\/2026\/02\/09\/mor-jose-martinez-de-sousa-referent-en-ortotipografia-lexicografia-i-llengua-espanyola\/#primaryimage"},"thumbnailUrl":"https:\/\/fima.ub.edu\/noticies\/wp-content\/uploads\/2026\/02\/sousa-1536x957-1.jpg","keywords":["Da Sousa","defunci\u00f3","lexicografia","ortotipografia"],"articleSection":["Professi\u00f3"],"inLanguage":"ca","potentialAction":[{"@type":"CommentAction","name":"Comment","target":["https:\/\/fima.ub.edu\/noticies\/2026\/02\/09\/mor-jose-martinez-de-sousa-referent-en-ortotipografia-lexicografia-i-llengua-espanyola\/#respond"]}]},{"@type":"WebPage","@id":"https:\/\/fima.ub.edu\/noticies\/2026\/02\/09\/mor-jose-martinez-de-sousa-referent-en-ortotipografia-lexicografia-i-llengua-espanyola\/","url":"https:\/\/fima.ub.edu\/noticies\/2026\/02\/09\/mor-jose-martinez-de-sousa-referent-en-ortotipografia-lexicografia-i-llengua-espanyola\/","name":"Mor Jos\u00e9 Mart\u00ednez de Sousa, referent en ortotipografia, lexicografia i llengua espanyola - Not\u00edcies de la Facultat d&#039;Informaci\u00f3 i Mitjans Audiovisuals","isPartOf":{"@id":"https:\/\/fima.ub.edu\/noticies\/#website"},"primaryImageOfPage":{"@id":"https:\/\/fima.ub.edu\/noticies\/2026\/02\/09\/mor-jose-martinez-de-sousa-referent-en-ortotipografia-lexicografia-i-llengua-espanyola\/#primaryimage"},"image":{"@id":"https:\/\/fima.ub.edu\/noticies\/2026\/02\/09\/mor-jose-martinez-de-sousa-referent-en-ortotipografia-lexicografia-i-llengua-espanyola\/#primaryimage"},"thumbnailUrl":"https:\/\/fima.ub.edu\/noticies\/wp-content\/uploads\/2026\/02\/sousa-1536x957-1.jpg","datePublished":"2026-02-09T08:01:29+00:00","dateModified":"2026-02-13T21:16:47+00:00","breadcrumb":{"@id":"https:\/\/fima.ub.edu\/noticies\/2026\/02\/09\/mor-jose-martinez-de-sousa-referent-en-ortotipografia-lexicografia-i-llengua-espanyola\/#breadcrumb"},"inLanguage":"ca","potentialAction":[{"@type":"ReadAction","target":["https:\/\/fima.ub.edu\/noticies\/2026\/02\/09\/mor-jose-martinez-de-sousa-referent-en-ortotipografia-lexicografia-i-llengua-espanyola\/"]}]},{"@type":"ImageObject","inLanguage":"ca","@id":"https:\/\/fima.ub.edu\/noticies\/2026\/02\/09\/mor-jose-martinez-de-sousa-referent-en-ortotipografia-lexicografia-i-llengua-espanyola\/#primaryimage","url":"https:\/\/fima.ub.edu\/noticies\/wp-content\/uploads\/2026\/02\/sousa-1536x957-1.jpg","contentUrl":"https:\/\/fima.ub.edu\/noticies\/wp-content\/uploads\/2026\/02\/sousa-1536x957-1.jpg","width":1536,"height":957,"caption":"Mor Jos\u00e9 Mart\u00ednez de Sousa, referent en ortotipografia, lexicografia i llengua espanyola"},{"@type":"BreadcrumbList","@id":"https:\/\/fima.ub.edu\/noticies\/2026\/02\/09\/mor-jose-martinez-de-sousa-referent-en-ortotipografia-lexicografia-i-llengua-espanyola\/#breadcrumb","itemListElement":[{"@type":"ListItem","position":1,"name":"Inici","item":"https:\/\/fima.ub.edu\/noticies\/"},{"@type":"ListItem","position":2,"name":"Mor Jos\u00e9 Mart\u00ednez de Sousa, referent en ortotipografia, lexicografia i llengua espanyola"}]},{"@type":"WebSite","@id":"https:\/\/fima.ub.edu\/noticies\/#website","url":"https:\/\/fima.ub.edu\/noticies\/","name":"Not\u00edcies de la Facultat d&#039;Informaci\u00f3 i Mitjans Audiovisuals","description":"","publisher":{"@id":"https:\/\/fima.ub.edu\/noticies\/#organization"},"potentialAction":[{"@type":"SearchAction","target":{"@type":"EntryPoint","urlTemplate":"https:\/\/fima.ub.edu\/noticies\/?s={search_term_string}"},"query-input":{"@type":"PropertyValueSpecification","valueRequired":true,"valueName":"search_term_string"}}],"inLanguage":"ca"},{"@type":"Organization","@id":"https:\/\/fima.ub.edu\/noticies\/#organization","name":"Not\u00edcies de la Facultat d&#039;Informaci\u00f3 i Mitjans Audiovisuals","url":"https:\/\/fima.ub.edu\/noticies\/","logo":{"@type":"ImageObject","inLanguage":"ca","@id":"https:\/\/fima.ub.edu\/noticies\/#\/schema\/logo\/image\/","url":"https:\/\/fima.ub.edu\/noticies\/wp-content\/uploads\/2023\/09\/cropped-fima_noticies.png","contentUrl":"https:\/\/fima.ub.edu\/noticies\/wp-content\/uploads\/2023\/09\/cropped-fima_noticies.png","width":1009,"height":200,"caption":"Not\u00edcies de la Facultat d&#039;Informaci\u00f3 i Mitjans Audiovisuals"},"image":{"@id":"https:\/\/fima.ub.edu\/noticies\/#\/schema\/logo\/image\/"},"sameAs":["https:\/\/www.facebook.com\/FIMAUB","https:\/\/x.com\/FIMA_UB","https:\/\/www.instagram.com\/fima_ub\/","https:\/\/www.flickr.com\/photos\/fbid_ub\/","https:\/\/www.slideshare.net\/FBDUB","https:\/\/www.youtube.com\/user\/FBiDUB"]},{"@type":"Person","@id":"https:\/\/fima.ub.edu\/noticies\/#\/schema\/person\/3debeefad6254c6d18a294db7ed01f49","name":"FIMA","image":{"@type":"ImageObject","inLanguage":"ca","@id":"https:\/\/secure.gravatar.com\/avatar\/a5eb35c10cfc5762dc4d1f1e3e2a6749bcd2eadf91a6377242fdc1b1bacde41d?s=96&d=mm&r=g","url":"https:\/\/secure.gravatar.com\/avatar\/a5eb35c10cfc5762dc4d1f1e3e2a6749bcd2eadf91a6377242fdc1b1bacde41d?s=96&d=mm&r=g","contentUrl":"https:\/\/secure.gravatar.com\/avatar\/a5eb35c10cfc5762dc4d1f1e3e2a6749bcd2eadf91a6377242fdc1b1bacde41d?s=96&d=mm&r=g","caption":"FIMA"},"url":"https:\/\/fima.ub.edu\/noticies\/author\/fima\/"}]}},"_links":{"self":[{"href":"https:\/\/fima.ub.edu\/noticies\/wp-json\/wp\/v2\/posts\/14891","targetHints":{"allow":["GET"]}}],"collection":[{"href":"https:\/\/fima.ub.edu\/noticies\/wp-json\/wp\/v2\/posts"}],"about":[{"href":"https:\/\/fima.ub.edu\/noticies\/wp-json\/wp\/v2\/types\/post"}],"author":[{"embeddable":true,"href":"https:\/\/fima.ub.edu\/noticies\/wp-json\/wp\/v2\/users\/7"}],"replies":[{"embeddable":true,"href":"https:\/\/fima.ub.edu\/noticies\/wp-json\/wp\/v2\/comments?post=14891"}],"version-history":[{"count":2,"href":"https:\/\/fima.ub.edu\/noticies\/wp-json\/wp\/v2\/posts\/14891\/revisions"}],"predecessor-version":[{"id":14920,"href":"https:\/\/fima.ub.edu\/noticies\/wp-json\/wp\/v2\/posts\/14891\/revisions\/14920"}],"wp:featuredmedia":[{"embeddable":true,"href":"https:\/\/fima.ub.edu\/noticies\/wp-json\/wp\/v2\/media\/14893"}],"wp:attachment":[{"href":"https:\/\/fima.ub.edu\/noticies\/wp-json\/wp\/v2\/media?parent=14891"}],"wp:term":[{"taxonomy":"category","embeddable":true,"href":"https:\/\/fima.ub.edu\/noticies\/wp-json\/wp\/v2\/categories?post=14891"},{"taxonomy":"post_tag","embeddable":true,"href":"https:\/\/fima.ub.edu\/noticies\/wp-json\/wp\/v2\/tags?post=14891"},{"taxonomy":"vocabulary_5","embeddable":true,"href":"https:\/\/fima.ub.edu\/noticies\/wp-json\/wp\/v2\/vocabulary_5?post=14891"}],"curies":[{"name":"wp","href":"https:\/\/api.w.org\/{rel}","templated":true}]}}