{"id":14981,"date":"2026-03-04T12:19:47","date_gmt":"2026-03-04T11:19:47","guid":{"rendered":"https:\/\/fima.ub.edu\/noticies\/?p=14981"},"modified":"2026-03-04T12:21:23","modified_gmt":"2026-03-04T11:21:23","slug":"mario-perez-montoro-membre-de-la-comissio-davaluacio-de-la-recerca-de-laqu-catalunya","status":"publish","type":"post","link":"https:\/\/fima.ub.edu\/noticies\/2026\/03\/04\/mario-perez-montoro-membre-de-la-comissio-davaluacio-de-la-recerca-de-laqu-catalunya\/","title":{"rendered":"Mario P\u00e9rez-Montoro, membre de la Comissi\u00f3 d&#8217;Avaluaci\u00f3 de la Recerca de l\u2019AQU Catalunya"},"content":{"rendered":"\n<p>El professor de la FIMA <a href=\"https:\/\/fima.ub.edu\/directori\/ficha3\">Mario P\u00e9rez-Montoro<\/a> ha estat nomenat membre de la Comissi\u00f3 d&#8217;Avaluaci\u00f3 de la Recerca\u00a0(CAR, Comissi\u00f3 espec\u00edfica de Ci\u00e8ncies Socials) de l\u2019<a href=\"https:\/\/www.aqu.cat\/ca\/\" type=\"link\" id=\"https:\/\/www.aqu.cat\/ca\/\">AQU Catalunya<\/a> (Ag\u00e8ncia per a la Qualitat del Sistema Universitari de Catalunya).<\/p>\n\n\n\n<p>Aquesta comissi\u00f3, formada per 15 investigadors de reconegut prestigi dins del sistema nacional de ci\u00e8ncia, t\u00e9 entre les seves principals compet\u00e8ncies: l\u2019emissi\u00f3 de les acreditacions de professorat agregat (acreditaci\u00f3 de recerca) i de catedr\u00e0tics i catedr\u00e0tiques (acreditaci\u00f3 de recerca avan\u00e7ada); l&#8217;avaluaci\u00f3 de l&#8217;activitat desenvolupada pels investigadors, i la valoraci\u00f3 dels m\u00e8rits individuals de recerca del personal docent i investigador, funcionari i contractat, per a l&#8217;assignaci\u00f3 de complements retributius; i l&#8217;avaluaci\u00f3 de l&#8217;activitat investigadora del personal docent i investigador de les universitats privades.<\/p>\n\n\n\n<p>Des del 2018, P\u00e9rez-Montoro ja col\u00b7laborava amb aquesta Comissi\u00f3 com a assessor extern en temes d\u2019avaluaci\u00f3 del personal docent i investigador.<\/p>\n\n\n\n<p>Des de la FIMA volem felicitar el professor P\u00e9rez-Montoro pel reconeixement que comporta aquest nou nomenament i li desitgem tots els \u00e8xits en el desenvolupament d\u2019aquest nou enc\u00e0rrec.<\/p>\n","protected":false},"excerpt":{"rendered":"<p>El professor de la FIMA Mario P\u00e9rez-Montoro ha estat nomenat membre de la Comissi\u00f3 d&#8217;Avaluaci\u00f3 de la Recerca\u00a0(CAR, Comissi\u00f3 espec\u00edfica de Ci\u00e8ncies Socials) de l\u2019AQU Catalunya (Ag\u00e8ncia per a la Qualitat del Sistema Universitari de Catalunya). Aquesta comissi\u00f3, formada per 15 investigadors de reconegut prestigi dins del sistema nacional de ci\u00e8ncia, t\u00e9 entre les seves principals compet\u00e8ncies: l\u2019emissi\u00f3 de les acreditacions de professorat agregat (acreditaci\u00f3 de recerca) i de catedr\u00e0tics i catedr\u00e0tiques (acreditaci\u00f3 de recerca avan\u00e7ada); l&#8217;avaluaci\u00f3 de l&#8217;activitat desenvolupada pels investigadors, i la valoraci\u00f3 dels m\u00e8rits individuals de recerca del personal docent i investigador, funcionari i contractat, per a l&#8217;assignaci\u00f3 de complements retributius; i l&#8217;avaluaci\u00f3 de l&#8217;activitat investigadora del personal docent i investigador de les universitats privades. Des del 2018, P\u00e9rez-Montoro ja col\u00b7laborava amb aquesta Comissi\u00f3 com a assessor extern en temes d\u2019avaluaci\u00f3 del personal docent i investigador. Des de la FIMA volem felicitar el professor P\u00e9rez-Montoro pel reconeixement que comporta aquest nou nomenament i li desitgem tots els \u00e8xits en el desenvolupament d\u2019aquest nou enc\u00e0rrec.<\/p>\n","protected":false},"author":7,"featured_media":14983,"comment_status":"open","ping_status":"open","sticky":false,"template":"","format":"standard","meta":{"_acf_changed":false,"footnotes":""},"categories":[5],"tags":[4634,4635,34],"vocabulary_5":[],"class_list":["post-14981","post","type-post","status-publish","format-standard","has-post-thumbnail","hentry","category-professorat","tag-aqu-catalunya","tag-comissio-davaluacio","tag-mario-perez-montoro"],"acf":[],"yoast_head":"<!-- This site is optimized with the Yoast SEO plugin v27.5 - https:\/\/yoast.com\/product\/yoast-seo-wordpress\/ -->\n<title>Mario P\u00e9rez-Montoro, membre de la Comissi\u00f3 d&#039;Avaluaci\u00f3 de la Recerca de l\u2019AQU Catalunya - Not\u00edcies de la Facultat d&#039;Informaci\u00f3 i Mitjans Audiovisuals<\/title>\n<meta name=\"robots\" content=\"index, follow, max-snippet:-1, max-image-preview:large, max-video-preview:-1\" \/>\n<link rel=\"canonical\" href=\"https:\/\/fima.ub.edu\/noticies\/2026\/03\/04\/mario-perez-montoro-membre-de-la-comissio-davaluacio-de-la-recerca-de-laqu-catalunya\/\" \/>\n<meta property=\"og:locale\" content=\"ca_ES\" \/>\n<meta property=\"og:type\" content=\"article\" \/>\n<meta property=\"og:title\" content=\"Mario P\u00e9rez-Montoro, membre de la Comissi\u00f3 d&#039;Avaluaci\u00f3 de la Recerca de l\u2019AQU Catalunya - Not\u00edcies de la Facultat d&#039;Informaci\u00f3 i Mitjans Audiovisuals\" \/>\n<meta property=\"og:description\" content=\"El professor de la FIMA Mario P\u00e9rez-Montoro ha estat nomenat membre de la Comissi\u00f3 d&#8217;Avaluaci\u00f3 de la Recerca\u00a0(CAR, Comissi\u00f3 espec\u00edfica de Ci\u00e8ncies Socials) de l\u2019AQU Catalunya (Ag\u00e8ncia per a la Qualitat del Sistema Universitari de Catalunya). Aquesta comissi\u00f3, formada per 15 investigadors de reconegut prestigi dins del sistema nacional de ci\u00e8ncia, t\u00e9 entre les seves principals compet\u00e8ncies: l\u2019emissi\u00f3 de les acreditacions de professorat agregat (acreditaci\u00f3 de recerca) i de catedr\u00e0tics i catedr\u00e0tiques (acreditaci\u00f3 de recerca avan\u00e7ada); l&#8217;avaluaci\u00f3 de l&#8217;activitat desenvolupada pels investigadors, i la valoraci\u00f3 dels m\u00e8rits individuals de recerca del personal docent i investigador, funcionari i contractat, per a l&#8217;assignaci\u00f3 de complements retributius; i l&#8217;avaluaci\u00f3 de l&#8217;activitat investigadora del personal docent i investigador de les universitats privades. Des del 2018, P\u00e9rez-Montoro ja col\u00b7laborava amb aquesta Comissi\u00f3 com a assessor extern en temes d\u2019avaluaci\u00f3 del personal docent i investigador. Des de la FIMA volem felicitar el professor P\u00e9rez-Montoro pel reconeixement que comporta aquest nou nomenament i li desitgem tots els \u00e8xits en el desenvolupament d\u2019aquest nou enc\u00e0rrec.\" \/>\n<meta property=\"og:url\" content=\"https:\/\/fima.ub.edu\/noticies\/2026\/03\/04\/mario-perez-montoro-membre-de-la-comissio-davaluacio-de-la-recerca-de-laqu-catalunya\/\" \/>\n<meta property=\"og:site_name\" content=\"Not\u00edcies de la Facultat d&#039;Informaci\u00f3 i Mitjans Audiovisuals\" \/>\n<meta property=\"article:publisher\" content=\"https:\/\/www.facebook.com\/FIMAUB\" \/>\n<meta property=\"article:published_time\" content=\"2026-03-04T11:19:47+00:00\" \/>\n<meta property=\"article:modified_time\" content=\"2026-03-04T11:21:23+00:00\" \/>\n<meta property=\"og:image\" content=\"https:\/\/fima.ub.edu\/noticies\/wp-content\/uploads\/2026\/03\/AQU.png\" \/>\n\t<meta property=\"og:image:width\" content=\"1536\" \/>\n\t<meta property=\"og:image:height\" content=\"1024\" \/>\n\t<meta property=\"og:image:type\" content=\"image\/png\" \/>\n<meta name=\"author\" content=\"FIMA\" \/>\n<meta name=\"twitter:card\" content=\"summary_large_image\" \/>\n<meta name=\"twitter:creator\" content=\"@FIMA_UB\" \/>\n<meta name=\"twitter:site\" content=\"@FIMA_UB\" \/>\n<meta name=\"twitter:label1\" content=\"Escrit per\" \/>\n\t<meta name=\"twitter:data1\" content=\"FIMA\" \/>\n\t<meta name=\"twitter:label2\" content=\"Temps estimat de lectura\" \/>\n\t<meta name=\"twitter:data2\" content=\"2 minuts\" \/>\n<script type=\"application\/ld+json\" class=\"yoast-schema-graph\">{\"@context\":\"https:\\\/\\\/schema.org\",\"@graph\":[{\"@type\":\"Article\",\"@id\":\"https:\\\/\\\/fima.ub.edu\\\/noticies\\\/2026\\\/03\\\/04\\\/mario-perez-montoro-membre-de-la-comissio-davaluacio-de-la-recerca-de-laqu-catalunya\\\/#article\",\"isPartOf\":{\"@id\":\"https:\\\/\\\/fima.ub.edu\\\/noticies\\\/2026\\\/03\\\/04\\\/mario-perez-montoro-membre-de-la-comissio-davaluacio-de-la-recerca-de-laqu-catalunya\\\/\"},\"author\":{\"name\":\"FIMA\",\"@id\":\"https:\\\/\\\/fima.ub.edu\\\/noticies\\\/#\\\/schema\\\/person\\\/3debeefad6254c6d18a294db7ed01f49\"},\"headline\":\"Mario P\u00e9rez-Montoro, membre de la Comissi\u00f3 d&#8217;Avaluaci\u00f3 de la Recerca de l\u2019AQU Catalunya\",\"datePublished\":\"2026-03-04T11:19:47+00:00\",\"dateModified\":\"2026-03-04T11:21:23+00:00\",\"mainEntityOfPage\":{\"@id\":\"https:\\\/\\\/fima.ub.edu\\\/noticies\\\/2026\\\/03\\\/04\\\/mario-perez-montoro-membre-de-la-comissio-davaluacio-de-la-recerca-de-laqu-catalunya\\\/\"},\"wordCount\":206,\"commentCount\":0,\"publisher\":{\"@id\":\"https:\\\/\\\/fima.ub.edu\\\/noticies\\\/#organization\"},\"image\":{\"@id\":\"https:\\\/\\\/fima.ub.edu\\\/noticies\\\/2026\\\/03\\\/04\\\/mario-perez-montoro-membre-de-la-comissio-davaluacio-de-la-recerca-de-laqu-catalunya\\\/#primaryimage\"},\"thumbnailUrl\":\"https:\\\/\\\/fima.ub.edu\\\/noticies\\\/wp-content\\\/uploads\\\/2026\\\/03\\\/AQU.png\",\"keywords\":[\"AQU Catalunya\",\"Comissi\u00f3 d'avaluaci\u00f3\",\"Mario P\u00e9rez-Montoro\"],\"articleSection\":[\"Professorat\"],\"inLanguage\":\"ca\",\"potentialAction\":[{\"@type\":\"CommentAction\",\"name\":\"Comment\",\"target\":[\"https:\\\/\\\/fima.ub.edu\\\/noticies\\\/2026\\\/03\\\/04\\\/mario-perez-montoro-membre-de-la-comissio-davaluacio-de-la-recerca-de-laqu-catalunya\\\/#respond\"]}]},{\"@type\":\"WebPage\",\"@id\":\"https:\\\/\\\/fima.ub.edu\\\/noticies\\\/2026\\\/03\\\/04\\\/mario-perez-montoro-membre-de-la-comissio-davaluacio-de-la-recerca-de-laqu-catalunya\\\/\",\"url\":\"https:\\\/\\\/fima.ub.edu\\\/noticies\\\/2026\\\/03\\\/04\\\/mario-perez-montoro-membre-de-la-comissio-davaluacio-de-la-recerca-de-laqu-catalunya\\\/\",\"name\":\"Mario P\u00e9rez-Montoro, membre de la Comissi\u00f3 d'Avaluaci\u00f3 de la Recerca de l\u2019AQU Catalunya - Not\u00edcies de la Facultat d&#039;Informaci\u00f3 i Mitjans Audiovisuals\",\"isPartOf\":{\"@id\":\"https:\\\/\\\/fima.ub.edu\\\/noticies\\\/#website\"},\"primaryImageOfPage\":{\"@id\":\"https:\\\/\\\/fima.ub.edu\\\/noticies\\\/2026\\\/03\\\/04\\\/mario-perez-montoro-membre-de-la-comissio-davaluacio-de-la-recerca-de-laqu-catalunya\\\/#primaryimage\"},\"image\":{\"@id\":\"https:\\\/\\\/fima.ub.edu\\\/noticies\\\/2026\\\/03\\\/04\\\/mario-perez-montoro-membre-de-la-comissio-davaluacio-de-la-recerca-de-laqu-catalunya\\\/#primaryimage\"},\"thumbnailUrl\":\"https:\\\/\\\/fima.ub.edu\\\/noticies\\\/wp-content\\\/uploads\\\/2026\\\/03\\\/AQU.png\",\"datePublished\":\"2026-03-04T11:19:47+00:00\",\"dateModified\":\"2026-03-04T11:21:23+00:00\",\"breadcrumb\":{\"@id\":\"https:\\\/\\\/fima.ub.edu\\\/noticies\\\/2026\\\/03\\\/04\\\/mario-perez-montoro-membre-de-la-comissio-davaluacio-de-la-recerca-de-laqu-catalunya\\\/#breadcrumb\"},\"inLanguage\":\"ca\",\"potentialAction\":[{\"@type\":\"ReadAction\",\"target\":[\"https:\\\/\\\/fima.ub.edu\\\/noticies\\\/2026\\\/03\\\/04\\\/mario-perez-montoro-membre-de-la-comissio-davaluacio-de-la-recerca-de-laqu-catalunya\\\/\"]}]},{\"@type\":\"ImageObject\",\"inLanguage\":\"ca\",\"@id\":\"https:\\\/\\\/fima.ub.edu\\\/noticies\\\/2026\\\/03\\\/04\\\/mario-perez-montoro-membre-de-la-comissio-davaluacio-de-la-recerca-de-laqu-catalunya\\\/#primaryimage\",\"url\":\"https:\\\/\\\/fima.ub.edu\\\/noticies\\\/wp-content\\\/uploads\\\/2026\\\/03\\\/AQU.png\",\"contentUrl\":\"https:\\\/\\\/fima.ub.edu\\\/noticies\\\/wp-content\\\/uploads\\\/2026\\\/03\\\/AQU.png\",\"width\":1536,\"height\":1024,\"caption\":\"AQU Catalunya\"},{\"@type\":\"BreadcrumbList\",\"@id\":\"https:\\\/\\\/fima.ub.edu\\\/noticies\\\/2026\\\/03\\\/04\\\/mario-perez-montoro-membre-de-la-comissio-davaluacio-de-la-recerca-de-laqu-catalunya\\\/#breadcrumb\",\"itemListElement\":[{\"@type\":\"ListItem\",\"position\":1,\"name\":\"Inici\",\"item\":\"https:\\\/\\\/fima.ub.edu\\\/noticies\\\/\"},{\"@type\":\"ListItem\",\"position\":2,\"name\":\"Mario P\u00e9rez-Montoro, membre de la Comissi\u00f3 d&#8217;Avaluaci\u00f3 de la Recerca de l\u2019AQU Catalunya\"}]},{\"@type\":\"WebSite\",\"@id\":\"https:\\\/\\\/fima.ub.edu\\\/noticies\\\/#website\",\"url\":\"https:\\\/\\\/fima.ub.edu\\\/noticies\\\/\",\"name\":\"Not\u00edcies de la Facultat d&#039;Informaci\u00f3 i Mitjans Audiovisuals\",\"description\":\"\",\"publisher\":{\"@id\":\"https:\\\/\\\/fima.ub.edu\\\/noticies\\\/#organization\"},\"potentialAction\":[{\"@type\":\"SearchAction\",\"target\":{\"@type\":\"EntryPoint\",\"urlTemplate\":\"https:\\\/\\\/fima.ub.edu\\\/noticies\\\/?s={search_term_string}\"},\"query-input\":{\"@type\":\"PropertyValueSpecification\",\"valueRequired\":true,\"valueName\":\"search_term_string\"}}],\"inLanguage\":\"ca\"},{\"@type\":\"Organization\",\"@id\":\"https:\\\/\\\/fima.ub.edu\\\/noticies\\\/#organization\",\"name\":\"Not\u00edcies de la Facultat d&#039;Informaci\u00f3 i Mitjans Audiovisuals\",\"url\":\"https:\\\/\\\/fima.ub.edu\\\/noticies\\\/\",\"logo\":{\"@type\":\"ImageObject\",\"inLanguage\":\"ca\",\"@id\":\"https:\\\/\\\/fima.ub.edu\\\/noticies\\\/#\\\/schema\\\/logo\\\/image\\\/\",\"url\":\"https:\\\/\\\/fima.ub.edu\\\/noticies\\\/wp-content\\\/uploads\\\/2023\\\/09\\\/cropped-fima_noticies.png\",\"contentUrl\":\"https:\\\/\\\/fima.ub.edu\\\/noticies\\\/wp-content\\\/uploads\\\/2023\\\/09\\\/cropped-fima_noticies.png\",\"width\":1009,\"height\":200,\"caption\":\"Not\u00edcies de la Facultat d&#039;Informaci\u00f3 i Mitjans Audiovisuals\"},\"image\":{\"@id\":\"https:\\\/\\\/fima.ub.edu\\\/noticies\\\/#\\\/schema\\\/logo\\\/image\\\/\"},\"sameAs\":[\"https:\\\/\\\/www.facebook.com\\\/FIMAUB\",\"https:\\\/\\\/x.com\\\/FIMA_UB\",\"https:\\\/\\\/www.instagram.com\\\/fima_ub\\\/\",\"https:\\\/\\\/www.flickr.com\\\/photos\\\/fbid_ub\\\/\",\"https:\\\/\\\/www.slideshare.net\\\/FBDUB\",\"https:\\\/\\\/www.youtube.com\\\/user\\\/FBiDUB\"]},{\"@type\":\"Person\",\"@id\":\"https:\\\/\\\/fima.ub.edu\\\/noticies\\\/#\\\/schema\\\/person\\\/3debeefad6254c6d18a294db7ed01f49\",\"name\":\"FIMA\",\"image\":{\"@type\":\"ImageObject\",\"inLanguage\":\"ca\",\"@id\":\"https:\\\/\\\/secure.gravatar.com\\\/avatar\\\/a5eb35c10cfc5762dc4d1f1e3e2a6749bcd2eadf91a6377242fdc1b1bacde41d?s=96&d=mm&r=g\",\"url\":\"https:\\\/\\\/secure.gravatar.com\\\/avatar\\\/a5eb35c10cfc5762dc4d1f1e3e2a6749bcd2eadf91a6377242fdc1b1bacde41d?s=96&d=mm&r=g\",\"contentUrl\":\"https:\\\/\\\/secure.gravatar.com\\\/avatar\\\/a5eb35c10cfc5762dc4d1f1e3e2a6749bcd2eadf91a6377242fdc1b1bacde41d?s=96&d=mm&r=g\",\"caption\":\"FIMA\"},\"url\":\"https:\\\/\\\/fima.ub.edu\\\/noticies\\\/author\\\/fima\\\/\"}]}<\/script>\n<!-- \/ Yoast SEO plugin. -->","yoast_head_json":{"title":"Mario P\u00e9rez-Montoro, membre de la Comissi\u00f3 d'Avaluaci\u00f3 de la Recerca de l\u2019AQU Catalunya - Not\u00edcies de la Facultat d&#039;Informaci\u00f3 i Mitjans Audiovisuals","robots":{"index":"index","follow":"follow","max-snippet":"max-snippet:-1","max-image-preview":"max-image-preview:large","max-video-preview":"max-video-preview:-1"},"canonical":"https:\/\/fima.ub.edu\/noticies\/2026\/03\/04\/mario-perez-montoro-membre-de-la-comissio-davaluacio-de-la-recerca-de-laqu-catalunya\/","og_locale":"ca_ES","og_type":"article","og_title":"Mario P\u00e9rez-Montoro, membre de la Comissi\u00f3 d'Avaluaci\u00f3 de la Recerca de l\u2019AQU Catalunya - Not\u00edcies de la Facultat d&#039;Informaci\u00f3 i Mitjans Audiovisuals","og_description":"El professor de la FIMA Mario P\u00e9rez-Montoro ha estat nomenat membre de la Comissi\u00f3 d&#8217;Avaluaci\u00f3 de la Recerca\u00a0(CAR, Comissi\u00f3 espec\u00edfica de Ci\u00e8ncies Socials) de l\u2019AQU Catalunya (Ag\u00e8ncia per a la Qualitat del Sistema Universitari de Catalunya). Aquesta comissi\u00f3, formada per 15 investigadors de reconegut prestigi dins del sistema nacional de ci\u00e8ncia, t\u00e9 entre les seves principals compet\u00e8ncies: l\u2019emissi\u00f3 de les acreditacions de professorat agregat (acreditaci\u00f3 de recerca) i de catedr\u00e0tics i catedr\u00e0tiques (acreditaci\u00f3 de recerca avan\u00e7ada); l&#8217;avaluaci\u00f3 de l&#8217;activitat desenvolupada pels investigadors, i la valoraci\u00f3 dels m\u00e8rits individuals de recerca del personal docent i investigador, funcionari i contractat, per a l&#8217;assignaci\u00f3 de complements retributius; i l&#8217;avaluaci\u00f3 de l&#8217;activitat investigadora del personal docent i investigador de les universitats privades. Des del 2018, P\u00e9rez-Montoro ja col\u00b7laborava amb aquesta Comissi\u00f3 com a assessor extern en temes d\u2019avaluaci\u00f3 del personal docent i investigador. Des de la FIMA volem felicitar el professor P\u00e9rez-Montoro pel reconeixement que comporta aquest nou nomenament i li desitgem tots els \u00e8xits en el desenvolupament d\u2019aquest nou enc\u00e0rrec.","og_url":"https:\/\/fima.ub.edu\/noticies\/2026\/03\/04\/mario-perez-montoro-membre-de-la-comissio-davaluacio-de-la-recerca-de-laqu-catalunya\/","og_site_name":"Not\u00edcies de la Facultat d&#039;Informaci\u00f3 i Mitjans Audiovisuals","article_publisher":"https:\/\/www.facebook.com\/FIMAUB","article_published_time":"2026-03-04T11:19:47+00:00","article_modified_time":"2026-03-04T11:21:23+00:00","og_image":[{"width":1536,"height":1024,"url":"https:\/\/fima.ub.edu\/noticies\/wp-content\/uploads\/2026\/03\/AQU.png","type":"image\/png"}],"author":"FIMA","twitter_card":"summary_large_image","twitter_creator":"@FIMA_UB","twitter_site":"@FIMA_UB","twitter_misc":{"Escrit per":"FIMA","Temps estimat de lectura":"2 minuts"},"schema":{"@context":"https:\/\/schema.org","@graph":[{"@type":"Article","@id":"https:\/\/fima.ub.edu\/noticies\/2026\/03\/04\/mario-perez-montoro-membre-de-la-comissio-davaluacio-de-la-recerca-de-laqu-catalunya\/#article","isPartOf":{"@id":"https:\/\/fima.ub.edu\/noticies\/2026\/03\/04\/mario-perez-montoro-membre-de-la-comissio-davaluacio-de-la-recerca-de-laqu-catalunya\/"},"author":{"name":"FIMA","@id":"https:\/\/fima.ub.edu\/noticies\/#\/schema\/person\/3debeefad6254c6d18a294db7ed01f49"},"headline":"Mario P\u00e9rez-Montoro, membre de la Comissi\u00f3 d&#8217;Avaluaci\u00f3 de la Recerca de l\u2019AQU Catalunya","datePublished":"2026-03-04T11:19:47+00:00","dateModified":"2026-03-04T11:21:23+00:00","mainEntityOfPage":{"@id":"https:\/\/fima.ub.edu\/noticies\/2026\/03\/04\/mario-perez-montoro-membre-de-la-comissio-davaluacio-de-la-recerca-de-laqu-catalunya\/"},"wordCount":206,"commentCount":0,"publisher":{"@id":"https:\/\/fima.ub.edu\/noticies\/#organization"},"image":{"@id":"https:\/\/fima.ub.edu\/noticies\/2026\/03\/04\/mario-perez-montoro-membre-de-la-comissio-davaluacio-de-la-recerca-de-laqu-catalunya\/#primaryimage"},"thumbnailUrl":"https:\/\/fima.ub.edu\/noticies\/wp-content\/uploads\/2026\/03\/AQU.png","keywords":["AQU Catalunya","Comissi\u00f3 d'avaluaci\u00f3","Mario P\u00e9rez-Montoro"],"articleSection":["Professorat"],"inLanguage":"ca","potentialAction":[{"@type":"CommentAction","name":"Comment","target":["https:\/\/fima.ub.edu\/noticies\/2026\/03\/04\/mario-perez-montoro-membre-de-la-comissio-davaluacio-de-la-recerca-de-laqu-catalunya\/#respond"]}]},{"@type":"WebPage","@id":"https:\/\/fima.ub.edu\/noticies\/2026\/03\/04\/mario-perez-montoro-membre-de-la-comissio-davaluacio-de-la-recerca-de-laqu-catalunya\/","url":"https:\/\/fima.ub.edu\/noticies\/2026\/03\/04\/mario-perez-montoro-membre-de-la-comissio-davaluacio-de-la-recerca-de-laqu-catalunya\/","name":"Mario P\u00e9rez-Montoro, membre de la Comissi\u00f3 d'Avaluaci\u00f3 de la Recerca de l\u2019AQU Catalunya - Not\u00edcies de la Facultat d&#039;Informaci\u00f3 i Mitjans Audiovisuals","isPartOf":{"@id":"https:\/\/fima.ub.edu\/noticies\/#website"},"primaryImageOfPage":{"@id":"https:\/\/fima.ub.edu\/noticies\/2026\/03\/04\/mario-perez-montoro-membre-de-la-comissio-davaluacio-de-la-recerca-de-laqu-catalunya\/#primaryimage"},"image":{"@id":"https:\/\/fima.ub.edu\/noticies\/2026\/03\/04\/mario-perez-montoro-membre-de-la-comissio-davaluacio-de-la-recerca-de-laqu-catalunya\/#primaryimage"},"thumbnailUrl":"https:\/\/fima.ub.edu\/noticies\/wp-content\/uploads\/2026\/03\/AQU.png","datePublished":"2026-03-04T11:19:47+00:00","dateModified":"2026-03-04T11:21:23+00:00","breadcrumb":{"@id":"https:\/\/fima.ub.edu\/noticies\/2026\/03\/04\/mario-perez-montoro-membre-de-la-comissio-davaluacio-de-la-recerca-de-laqu-catalunya\/#breadcrumb"},"inLanguage":"ca","potentialAction":[{"@type":"ReadAction","target":["https:\/\/fima.ub.edu\/noticies\/2026\/03\/04\/mario-perez-montoro-membre-de-la-comissio-davaluacio-de-la-recerca-de-laqu-catalunya\/"]}]},{"@type":"ImageObject","inLanguage":"ca","@id":"https:\/\/fima.ub.edu\/noticies\/2026\/03\/04\/mario-perez-montoro-membre-de-la-comissio-davaluacio-de-la-recerca-de-laqu-catalunya\/#primaryimage","url":"https:\/\/fima.ub.edu\/noticies\/wp-content\/uploads\/2026\/03\/AQU.png","contentUrl":"https:\/\/fima.ub.edu\/noticies\/wp-content\/uploads\/2026\/03\/AQU.png","width":1536,"height":1024,"caption":"AQU Catalunya"},{"@type":"BreadcrumbList","@id":"https:\/\/fima.ub.edu\/noticies\/2026\/03\/04\/mario-perez-montoro-membre-de-la-comissio-davaluacio-de-la-recerca-de-laqu-catalunya\/#breadcrumb","itemListElement":[{"@type":"ListItem","position":1,"name":"Inici","item":"https:\/\/fima.ub.edu\/noticies\/"},{"@type":"ListItem","position":2,"name":"Mario P\u00e9rez-Montoro, membre de la Comissi\u00f3 d&#8217;Avaluaci\u00f3 de la Recerca de l\u2019AQU Catalunya"}]},{"@type":"WebSite","@id":"https:\/\/fima.ub.edu\/noticies\/#website","url":"https:\/\/fima.ub.edu\/noticies\/","name":"Not\u00edcies de la Facultat d&#039;Informaci\u00f3 i Mitjans Audiovisuals","description":"","publisher":{"@id":"https:\/\/fima.ub.edu\/noticies\/#organization"},"potentialAction":[{"@type":"SearchAction","target":{"@type":"EntryPoint","urlTemplate":"https:\/\/fima.ub.edu\/noticies\/?s={search_term_string}"},"query-input":{"@type":"PropertyValueSpecification","valueRequired":true,"valueName":"search_term_string"}}],"inLanguage":"ca"},{"@type":"Organization","@id":"https:\/\/fima.ub.edu\/noticies\/#organization","name":"Not\u00edcies de la Facultat d&#039;Informaci\u00f3 i Mitjans Audiovisuals","url":"https:\/\/fima.ub.edu\/noticies\/","logo":{"@type":"ImageObject","inLanguage":"ca","@id":"https:\/\/fima.ub.edu\/noticies\/#\/schema\/logo\/image\/","url":"https:\/\/fima.ub.edu\/noticies\/wp-content\/uploads\/2023\/09\/cropped-fima_noticies.png","contentUrl":"https:\/\/fima.ub.edu\/noticies\/wp-content\/uploads\/2023\/09\/cropped-fima_noticies.png","width":1009,"height":200,"caption":"Not\u00edcies de la Facultat d&#039;Informaci\u00f3 i Mitjans Audiovisuals"},"image":{"@id":"https:\/\/fima.ub.edu\/noticies\/#\/schema\/logo\/image\/"},"sameAs":["https:\/\/www.facebook.com\/FIMAUB","https:\/\/x.com\/FIMA_UB","https:\/\/www.instagram.com\/fima_ub\/","https:\/\/www.flickr.com\/photos\/fbid_ub\/","https:\/\/www.slideshare.net\/FBDUB","https:\/\/www.youtube.com\/user\/FBiDUB"]},{"@type":"Person","@id":"https:\/\/fima.ub.edu\/noticies\/#\/schema\/person\/3debeefad6254c6d18a294db7ed01f49","name":"FIMA","image":{"@type":"ImageObject","inLanguage":"ca","@id":"https:\/\/secure.gravatar.com\/avatar\/a5eb35c10cfc5762dc4d1f1e3e2a6749bcd2eadf91a6377242fdc1b1bacde41d?s=96&d=mm&r=g","url":"https:\/\/secure.gravatar.com\/avatar\/a5eb35c10cfc5762dc4d1f1e3e2a6749bcd2eadf91a6377242fdc1b1bacde41d?s=96&d=mm&r=g","contentUrl":"https:\/\/secure.gravatar.com\/avatar\/a5eb35c10cfc5762dc4d1f1e3e2a6749bcd2eadf91a6377242fdc1b1bacde41d?s=96&d=mm&r=g","caption":"FIMA"},"url":"https:\/\/fima.ub.edu\/noticies\/author\/fima\/"}]}},"_links":{"self":[{"href":"https:\/\/fima.ub.edu\/noticies\/wp-json\/wp\/v2\/posts\/14981","targetHints":{"allow":["GET"]}}],"collection":[{"href":"https:\/\/fima.ub.edu\/noticies\/wp-json\/wp\/v2\/posts"}],"about":[{"href":"https:\/\/fima.ub.edu\/noticies\/wp-json\/wp\/v2\/types\/post"}],"author":[{"embeddable":true,"href":"https:\/\/fima.ub.edu\/noticies\/wp-json\/wp\/v2\/users\/7"}],"replies":[{"embeddable":true,"href":"https:\/\/fima.ub.edu\/noticies\/wp-json\/wp\/v2\/comments?post=14981"}],"version-history":[{"count":2,"href":"https:\/\/fima.ub.edu\/noticies\/wp-json\/wp\/v2\/posts\/14981\/revisions"}],"predecessor-version":[{"id":14984,"href":"https:\/\/fima.ub.edu\/noticies\/wp-json\/wp\/v2\/posts\/14981\/revisions\/14984"}],"wp:featuredmedia":[{"embeddable":true,"href":"https:\/\/fima.ub.edu\/noticies\/wp-json\/wp\/v2\/media\/14983"}],"wp:attachment":[{"href":"https:\/\/fima.ub.edu\/noticies\/wp-json\/wp\/v2\/media?parent=14981"}],"wp:term":[{"taxonomy":"category","embeddable":true,"href":"https:\/\/fima.ub.edu\/noticies\/wp-json\/wp\/v2\/categories?post=14981"},{"taxonomy":"post_tag","embeddable":true,"href":"https:\/\/fima.ub.edu\/noticies\/wp-json\/wp\/v2\/tags?post=14981"},{"taxonomy":"vocabulary_5","embeddable":true,"href":"https:\/\/fima.ub.edu\/noticies\/wp-json\/wp\/v2\/vocabulary_5?post=14981"}],"curies":[{"name":"wp","href":"https:\/\/api.w.org\/{rel}","templated":true}]}}