{"id":15002,"date":"2026-03-06T11:58:38","date_gmt":"2026-03-06T10:58:38","guid":{"rendered":"https:\/\/fima.ub.edu\/noticies\/?p=15002"},"modified":"2026-03-06T17:55:32","modified_gmt":"2026-03-06T16:55:32","slug":"la-professora-paulina-szafran-visita-la-fima-com-a-professora-convidada","status":"publish","type":"post","link":"https:\/\/fima.ub.edu\/noticies\/2026\/03\/06\/la-professora-paulina-szafran-visita-la-fima-com-a-professora-convidada\/","title":{"rendered":"Paulina Szafran visita la FIMA com a professora convidada"},"content":{"rendered":"\n<p>La professora Paulina Szafran, professora agregada de la Facultad de Informaci\u00f3n y Documentaci\u00f3n de la Universidad de la Rep\u00fablica (Uruguai), es troba a la FIMA com a professora convidada durant els mesos de febrer i mar\u00e7 de 2026.<\/p>\n\n\n\n<p>En el marc d\u2019aquesta estada acad\u00e8mica, la professora Szafran va mantenir una conversa amb els estudiants de segon curs dels graus en Gesti\u00f3 d\u2019Informaci\u00f3 i Documentaci\u00f3 Digital (GIDD) i en Comunicaci\u00f3 Audiovisual i Gesti\u00f3 d\u2019Informaci\u00f3 i Documentaci\u00f3 Digital\u00a0(InfoCom), dins de l\u2019assignatura Desenvolupament de col\u00b7leccions.<\/p>\n\n\n\n<p>La sessi\u00f3 va permetre als estudiants con\u00e8ixer de primera m\u00e0 el funcionament del sistema de biblioteques p\u00fabliques de l\u2019Uruguai i, especialment, el paper que hi tenen les anomenades <em>bibliotecas populares<\/em>. Es tracta de biblioteques comunit\u00e0ries autogestionades que han tingut recentment un paper rellevant en la promoci\u00f3 de la lectura i en la difusi\u00f3 cultural al pa\u00eds.<\/p>\n\n\n\n<p>Durant la conversa, la professora Szafran va explicar el desenvolupament d\u2019aquestes institucions i el seu paper actual dins les pol\u00edtiques p\u00fabliques de lectura de la Rep\u00fablica Oriental de l\u2019Uruguai. Les <em>bibliotecas populares<\/em> constitueixen una experi\u00e8ncia especialment interessant de participaci\u00f3 ciutadana en la gesti\u00f3 cultural i bibliotec\u00e0ria, i continuen sent avui un element significatiu de la vida cultural de moltes comunitats.<\/p>\n\n\n\n<p>La trobada va oferir als estudiants una perspectiva internacional sobre els models de biblioteca p\u00fablica.<\/p>\n","protected":false},"excerpt":{"rendered":"<p>La professora Paulina Szafran, professora agregada de la Facultad de Informaci\u00f3n y Documentaci\u00f3n de la Universidad de la Rep\u00fablica (Uruguai), es troba a la FIMA com a professora convidada durant els mesos de febrer i mar\u00e7 de 2026. En el marc d\u2019aquesta estada acad\u00e8mica, la professora Szafran va mantenir una conversa amb els estudiants de segon curs dels graus en Gesti\u00f3 d\u2019Informaci\u00f3 i Documentaci\u00f3 Digital (GIDD) i en Comunicaci\u00f3 Audiovisual i Gesti\u00f3 d\u2019Informaci\u00f3 i Documentaci\u00f3 Digital\u00a0(InfoCom), dins de l\u2019assignatura Desenvolupament de col\u00b7leccions. La sessi\u00f3 va permetre als estudiants con\u00e8ixer de primera m\u00e0 el funcionament del sistema de biblioteques p\u00fabliques de l\u2019Uruguai i, especialment, el paper que hi tenen les anomenades bibliotecas populares. Es tracta de biblioteques comunit\u00e0ries autogestionades que han tingut recentment un paper rellevant en la promoci\u00f3 de la lectura i en la difusi\u00f3 cultural al pa\u00eds. Durant la conversa, la professora Szafran va explicar el desenvolupament d\u2019aquestes institucions i el seu paper actual dins les pol\u00edtiques p\u00fabliques de lectura de la Rep\u00fablica Oriental de l\u2019Uruguai. Les bibliotecas populares constitueixen una experi\u00e8ncia especialment interessant de participaci\u00f3 ciutadana en la gesti\u00f3 cultural i bibliotec\u00e0ria, i continuen sent avui un element significatiu de la vida cultural de moltes comunitats. La trobada va oferir als estudiants una perspectiva internacional sobre els models de biblioteca p\u00fablica.<\/p>\n","protected":false},"author":7,"featured_media":15003,"comment_status":"open","ping_status":"open","sticky":false,"template":"","format":"standard","meta":{"_acf_changed":false,"footnotes":""},"categories":[5],"tags":[1728,4637,3784],"vocabulary_5":[],"class_list":["post-15002","post","type-post","status-publish","format-standard","has-post-thumbnail","hentry","category-professorat","tag-biblioteques-publiques","tag-paulina-szafran","tag-uruguai"],"acf":[],"yoast_head":"<!-- This site is optimized with the Yoast SEO plugin v27.2 - https:\/\/yoast.com\/product\/yoast-seo-wordpress\/ -->\n<title>Paulina Szafran visita la FIMA com a professora convidada - Not\u00edcies de la Facultat d&#039;Informaci\u00f3 i Mitjans Audiovisuals<\/title>\n<meta name=\"robots\" content=\"index, follow, max-snippet:-1, max-image-preview:large, max-video-preview:-1\" \/>\n<link rel=\"canonical\" href=\"https:\/\/fima.ub.edu\/noticies\/2026\/03\/06\/la-professora-paulina-szafran-visita-la-fima-com-a-professora-convidada\/\" \/>\n<meta property=\"og:locale\" content=\"ca_ES\" \/>\n<meta property=\"og:type\" content=\"article\" \/>\n<meta property=\"og:title\" content=\"Paulina Szafran visita la FIMA com a professora convidada - Not\u00edcies de la Facultat d&#039;Informaci\u00f3 i Mitjans Audiovisuals\" \/>\n<meta property=\"og:description\" content=\"La professora Paulina Szafran, professora agregada de la Facultad de Informaci\u00f3n y Documentaci\u00f3n de la Universidad de la Rep\u00fablica (Uruguai), es troba a la FIMA com a professora convidada durant els mesos de febrer i mar\u00e7 de 2026. En el marc d\u2019aquesta estada acad\u00e8mica, la professora Szafran va mantenir una conversa amb els estudiants de segon curs dels graus en Gesti\u00f3 d\u2019Informaci\u00f3 i Documentaci\u00f3 Digital (GIDD) i en Comunicaci\u00f3 Audiovisual i Gesti\u00f3 d\u2019Informaci\u00f3 i Documentaci\u00f3 Digital\u00a0(InfoCom), dins de l\u2019assignatura Desenvolupament de col\u00b7leccions. La sessi\u00f3 va permetre als estudiants con\u00e8ixer de primera m\u00e0 el funcionament del sistema de biblioteques p\u00fabliques de l\u2019Uruguai i, especialment, el paper que hi tenen les anomenades bibliotecas populares. Es tracta de biblioteques comunit\u00e0ries autogestionades que han tingut recentment un paper rellevant en la promoci\u00f3 de la lectura i en la difusi\u00f3 cultural al pa\u00eds. Durant la conversa, la professora Szafran va explicar el desenvolupament d\u2019aquestes institucions i el seu paper actual dins les pol\u00edtiques p\u00fabliques de lectura de la Rep\u00fablica Oriental de l\u2019Uruguai. Les bibliotecas populares constitueixen una experi\u00e8ncia especialment interessant de participaci\u00f3 ciutadana en la gesti\u00f3 cultural i bibliotec\u00e0ria, i continuen sent avui un element significatiu de la vida cultural de moltes comunitats. La trobada va oferir als estudiants una perspectiva internacional sobre els models de biblioteca p\u00fablica.\" \/>\n<meta property=\"og:url\" content=\"https:\/\/fima.ub.edu\/noticies\/2026\/03\/06\/la-professora-paulina-szafran-visita-la-fima-com-a-professora-convidada\/\" \/>\n<meta property=\"og:site_name\" content=\"Not\u00edcies de la Facultat d&#039;Informaci\u00f3 i Mitjans Audiovisuals\" \/>\n<meta property=\"article:publisher\" content=\"https:\/\/www.facebook.com\/FIMAUB\" \/>\n<meta property=\"article:published_time\" content=\"2026-03-06T10:58:38+00:00\" \/>\n<meta property=\"article:modified_time\" content=\"2026-03-06T16:55:32+00:00\" \/>\n<meta property=\"og:image\" content=\"https:\/\/fima.ub.edu\/noticies\/wp-content\/uploads\/2026\/03\/Paulina-Szafran-scaled.jpg\" \/>\n\t<meta property=\"og:image:width\" content=\"2560\" \/>\n\t<meta property=\"og:image:height\" content=\"1920\" \/>\n\t<meta property=\"og:image:type\" content=\"image\/jpeg\" \/>\n<meta name=\"author\" content=\"FIMA\" \/>\n<meta name=\"twitter:card\" content=\"summary_large_image\" \/>\n<meta name=\"twitter:creator\" content=\"@FIMA_UB\" \/>\n<meta name=\"twitter:site\" content=\"@FIMA_UB\" \/>\n<meta name=\"twitter:label1\" content=\"Escrit per\" \/>\n\t<meta name=\"twitter:data1\" content=\"FIMA\" \/>\n\t<meta name=\"twitter:label2\" content=\"Temps estimat de lectura\" \/>\n\t<meta name=\"twitter:data2\" content=\"2 minuts\" \/>\n<script type=\"application\/ld+json\" class=\"yoast-schema-graph\">{\"@context\":\"https:\/\/schema.org\",\"@graph\":[{\"@type\":\"Article\",\"@id\":\"https:\/\/fima.ub.edu\/noticies\/2026\/03\/06\/la-professora-paulina-szafran-visita-la-fima-com-a-professora-convidada\/#article\",\"isPartOf\":{\"@id\":\"https:\/\/fima.ub.edu\/noticies\/2026\/03\/06\/la-professora-paulina-szafran-visita-la-fima-com-a-professora-convidada\/\"},\"author\":{\"name\":\"FIMA\",\"@id\":\"https:\/\/fima.ub.edu\/noticies\/#\/schema\/person\/3debeefad6254c6d18a294db7ed01f49\"},\"headline\":\"Paulina Szafran visita la FIMA com a professora convidada\",\"datePublished\":\"2026-03-06T10:58:38+00:00\",\"dateModified\":\"2026-03-06T16:55:32+00:00\",\"mainEntityOfPage\":{\"@id\":\"https:\/\/fima.ub.edu\/noticies\/2026\/03\/06\/la-professora-paulina-szafran-visita-la-fima-com-a-professora-convidada\/\"},\"wordCount\":244,\"commentCount\":0,\"publisher\":{\"@id\":\"https:\/\/fima.ub.edu\/noticies\/#organization\"},\"image\":{\"@id\":\"https:\/\/fima.ub.edu\/noticies\/2026\/03\/06\/la-professora-paulina-szafran-visita-la-fima-com-a-professora-convidada\/#primaryimage\"},\"thumbnailUrl\":\"https:\/\/fima.ub.edu\/noticies\/wp-content\/uploads\/2026\/03\/Paulina-Szafran-scaled.jpg\",\"keywords\":[\"biblioteques p\u00fabliques\",\"Paulina Szafran\",\"Uruguai\"],\"articleSection\":[\"Professorat\"],\"inLanguage\":\"ca\",\"potentialAction\":[{\"@type\":\"CommentAction\",\"name\":\"Comment\",\"target\":[\"https:\/\/fima.ub.edu\/noticies\/2026\/03\/06\/la-professora-paulina-szafran-visita-la-fima-com-a-professora-convidada\/#respond\"]}]},{\"@type\":\"WebPage\",\"@id\":\"https:\/\/fima.ub.edu\/noticies\/2026\/03\/06\/la-professora-paulina-szafran-visita-la-fima-com-a-professora-convidada\/\",\"url\":\"https:\/\/fima.ub.edu\/noticies\/2026\/03\/06\/la-professora-paulina-szafran-visita-la-fima-com-a-professora-convidada\/\",\"name\":\"Paulina Szafran visita la FIMA com a professora convidada - Not\u00edcies de la Facultat d&#039;Informaci\u00f3 i Mitjans Audiovisuals\",\"isPartOf\":{\"@id\":\"https:\/\/fima.ub.edu\/noticies\/#website\"},\"primaryImageOfPage\":{\"@id\":\"https:\/\/fima.ub.edu\/noticies\/2026\/03\/06\/la-professora-paulina-szafran-visita-la-fima-com-a-professora-convidada\/#primaryimage\"},\"image\":{\"@id\":\"https:\/\/fima.ub.edu\/noticies\/2026\/03\/06\/la-professora-paulina-szafran-visita-la-fima-com-a-professora-convidada\/#primaryimage\"},\"thumbnailUrl\":\"https:\/\/fima.ub.edu\/noticies\/wp-content\/uploads\/2026\/03\/Paulina-Szafran-scaled.jpg\",\"datePublished\":\"2026-03-06T10:58:38+00:00\",\"dateModified\":\"2026-03-06T16:55:32+00:00\",\"breadcrumb\":{\"@id\":\"https:\/\/fima.ub.edu\/noticies\/2026\/03\/06\/la-professora-paulina-szafran-visita-la-fima-com-a-professora-convidada\/#breadcrumb\"},\"inLanguage\":\"ca\",\"potentialAction\":[{\"@type\":\"ReadAction\",\"target\":[\"https:\/\/fima.ub.edu\/noticies\/2026\/03\/06\/la-professora-paulina-szafran-visita-la-fima-com-a-professora-convidada\/\"]}]},{\"@type\":\"ImageObject\",\"inLanguage\":\"ca\",\"@id\":\"https:\/\/fima.ub.edu\/noticies\/2026\/03\/06\/la-professora-paulina-szafran-visita-la-fima-com-a-professora-convidada\/#primaryimage\",\"url\":\"https:\/\/fima.ub.edu\/noticies\/wp-content\/uploads\/2026\/03\/Paulina-Szafran-scaled.jpg\",\"contentUrl\":\"https:\/\/fima.ub.edu\/noticies\/wp-content\/uploads\/2026\/03\/Paulina-Szafran-scaled.jpg\",\"width\":2560,\"height\":1920,\"caption\":\"Paulina Szafran visita la FIMA\"},{\"@type\":\"BreadcrumbList\",\"@id\":\"https:\/\/fima.ub.edu\/noticies\/2026\/03\/06\/la-professora-paulina-szafran-visita-la-fima-com-a-professora-convidada\/#breadcrumb\",\"itemListElement\":[{\"@type\":\"ListItem\",\"position\":1,\"name\":\"Inici\",\"item\":\"https:\/\/fima.ub.edu\/noticies\/\"},{\"@type\":\"ListItem\",\"position\":2,\"name\":\"Paulina Szafran visita la FIMA com a professora convidada\"}]},{\"@type\":\"WebSite\",\"@id\":\"https:\/\/fima.ub.edu\/noticies\/#website\",\"url\":\"https:\/\/fima.ub.edu\/noticies\/\",\"name\":\"Not\u00edcies de la Facultat d&#039;Informaci\u00f3 i Mitjans Audiovisuals\",\"description\":\"\",\"publisher\":{\"@id\":\"https:\/\/fima.ub.edu\/noticies\/#organization\"},\"potentialAction\":[{\"@type\":\"SearchAction\",\"target\":{\"@type\":\"EntryPoint\",\"urlTemplate\":\"https:\/\/fima.ub.edu\/noticies\/?s={search_term_string}\"},\"query-input\":{\"@type\":\"PropertyValueSpecification\",\"valueRequired\":true,\"valueName\":\"search_term_string\"}}],\"inLanguage\":\"ca\"},{\"@type\":\"Organization\",\"@id\":\"https:\/\/fima.ub.edu\/noticies\/#organization\",\"name\":\"Not\u00edcies de la Facultat d&#039;Informaci\u00f3 i Mitjans Audiovisuals\",\"url\":\"https:\/\/fima.ub.edu\/noticies\/\",\"logo\":{\"@type\":\"ImageObject\",\"inLanguage\":\"ca\",\"@id\":\"https:\/\/fima.ub.edu\/noticies\/#\/schema\/logo\/image\/\",\"url\":\"https:\/\/fima.ub.edu\/noticies\/wp-content\/uploads\/2023\/09\/cropped-fima_noticies.png\",\"contentUrl\":\"https:\/\/fima.ub.edu\/noticies\/wp-content\/uploads\/2023\/09\/cropped-fima_noticies.png\",\"width\":1009,\"height\":200,\"caption\":\"Not\u00edcies de la Facultat d&#039;Informaci\u00f3 i Mitjans Audiovisuals\"},\"image\":{\"@id\":\"https:\/\/fima.ub.edu\/noticies\/#\/schema\/logo\/image\/\"},\"sameAs\":[\"https:\/\/www.facebook.com\/FIMAUB\",\"https:\/\/x.com\/FIMA_UB\",\"https:\/\/www.instagram.com\/fima_ub\/\",\"https:\/\/www.flickr.com\/photos\/fbid_ub\/\",\"https:\/\/www.slideshare.net\/FBDUB\",\"https:\/\/www.youtube.com\/user\/FBiDUB\"]},{\"@type\":\"Person\",\"@id\":\"https:\/\/fima.ub.edu\/noticies\/#\/schema\/person\/3debeefad6254c6d18a294db7ed01f49\",\"name\":\"FIMA\",\"image\":{\"@type\":\"ImageObject\",\"inLanguage\":\"ca\",\"@id\":\"https:\/\/secure.gravatar.com\/avatar\/a5eb35c10cfc5762dc4d1f1e3e2a6749bcd2eadf91a6377242fdc1b1bacde41d?s=96&d=mm&r=g\",\"url\":\"https:\/\/secure.gravatar.com\/avatar\/a5eb35c10cfc5762dc4d1f1e3e2a6749bcd2eadf91a6377242fdc1b1bacde41d?s=96&d=mm&r=g\",\"contentUrl\":\"https:\/\/secure.gravatar.com\/avatar\/a5eb35c10cfc5762dc4d1f1e3e2a6749bcd2eadf91a6377242fdc1b1bacde41d?s=96&d=mm&r=g\",\"caption\":\"FIMA\"},\"url\":\"https:\/\/fima.ub.edu\/noticies\/author\/fima\/\"}]}<\/script>\n<!-- \/ Yoast SEO plugin. -->","yoast_head_json":{"title":"Paulina Szafran visita la FIMA com a professora convidada - Not\u00edcies de la Facultat d&#039;Informaci\u00f3 i Mitjans Audiovisuals","robots":{"index":"index","follow":"follow","max-snippet":"max-snippet:-1","max-image-preview":"max-image-preview:large","max-video-preview":"max-video-preview:-1"},"canonical":"https:\/\/fima.ub.edu\/noticies\/2026\/03\/06\/la-professora-paulina-szafran-visita-la-fima-com-a-professora-convidada\/","og_locale":"ca_ES","og_type":"article","og_title":"Paulina Szafran visita la FIMA com a professora convidada - Not\u00edcies de la Facultat d&#039;Informaci\u00f3 i Mitjans Audiovisuals","og_description":"La professora Paulina Szafran, professora agregada de la Facultad de Informaci\u00f3n y Documentaci\u00f3n de la Universidad de la Rep\u00fablica (Uruguai), es troba a la FIMA com a professora convidada durant els mesos de febrer i mar\u00e7 de 2026. En el marc d\u2019aquesta estada acad\u00e8mica, la professora Szafran va mantenir una conversa amb els estudiants de segon curs dels graus en Gesti\u00f3 d\u2019Informaci\u00f3 i Documentaci\u00f3 Digital (GIDD) i en Comunicaci\u00f3 Audiovisual i Gesti\u00f3 d\u2019Informaci\u00f3 i Documentaci\u00f3 Digital\u00a0(InfoCom), dins de l\u2019assignatura Desenvolupament de col\u00b7leccions. La sessi\u00f3 va permetre als estudiants con\u00e8ixer de primera m\u00e0 el funcionament del sistema de biblioteques p\u00fabliques de l\u2019Uruguai i, especialment, el paper que hi tenen les anomenades bibliotecas populares. Es tracta de biblioteques comunit\u00e0ries autogestionades que han tingut recentment un paper rellevant en la promoci\u00f3 de la lectura i en la difusi\u00f3 cultural al pa\u00eds. Durant la conversa, la professora Szafran va explicar el desenvolupament d\u2019aquestes institucions i el seu paper actual dins les pol\u00edtiques p\u00fabliques de lectura de la Rep\u00fablica Oriental de l\u2019Uruguai. Les bibliotecas populares constitueixen una experi\u00e8ncia especialment interessant de participaci\u00f3 ciutadana en la gesti\u00f3 cultural i bibliotec\u00e0ria, i continuen sent avui un element significatiu de la vida cultural de moltes comunitats. La trobada va oferir als estudiants una perspectiva internacional sobre els models de biblioteca p\u00fablica.","og_url":"https:\/\/fima.ub.edu\/noticies\/2026\/03\/06\/la-professora-paulina-szafran-visita-la-fima-com-a-professora-convidada\/","og_site_name":"Not\u00edcies de la Facultat d&#039;Informaci\u00f3 i Mitjans Audiovisuals","article_publisher":"https:\/\/www.facebook.com\/FIMAUB","article_published_time":"2026-03-06T10:58:38+00:00","article_modified_time":"2026-03-06T16:55:32+00:00","og_image":[{"width":2560,"height":1920,"url":"https:\/\/fima.ub.edu\/noticies\/wp-content\/uploads\/2026\/03\/Paulina-Szafran-scaled.jpg","type":"image\/jpeg"}],"author":"FIMA","twitter_card":"summary_large_image","twitter_creator":"@FIMA_UB","twitter_site":"@FIMA_UB","twitter_misc":{"Escrit per":"FIMA","Temps estimat de lectura":"2 minuts"},"schema":{"@context":"https:\/\/schema.org","@graph":[{"@type":"Article","@id":"https:\/\/fima.ub.edu\/noticies\/2026\/03\/06\/la-professora-paulina-szafran-visita-la-fima-com-a-professora-convidada\/#article","isPartOf":{"@id":"https:\/\/fima.ub.edu\/noticies\/2026\/03\/06\/la-professora-paulina-szafran-visita-la-fima-com-a-professora-convidada\/"},"author":{"name":"FIMA","@id":"https:\/\/fima.ub.edu\/noticies\/#\/schema\/person\/3debeefad6254c6d18a294db7ed01f49"},"headline":"Paulina Szafran visita la FIMA com a professora convidada","datePublished":"2026-03-06T10:58:38+00:00","dateModified":"2026-03-06T16:55:32+00:00","mainEntityOfPage":{"@id":"https:\/\/fima.ub.edu\/noticies\/2026\/03\/06\/la-professora-paulina-szafran-visita-la-fima-com-a-professora-convidada\/"},"wordCount":244,"commentCount":0,"publisher":{"@id":"https:\/\/fima.ub.edu\/noticies\/#organization"},"image":{"@id":"https:\/\/fima.ub.edu\/noticies\/2026\/03\/06\/la-professora-paulina-szafran-visita-la-fima-com-a-professora-convidada\/#primaryimage"},"thumbnailUrl":"https:\/\/fima.ub.edu\/noticies\/wp-content\/uploads\/2026\/03\/Paulina-Szafran-scaled.jpg","keywords":["biblioteques p\u00fabliques","Paulina Szafran","Uruguai"],"articleSection":["Professorat"],"inLanguage":"ca","potentialAction":[{"@type":"CommentAction","name":"Comment","target":["https:\/\/fima.ub.edu\/noticies\/2026\/03\/06\/la-professora-paulina-szafran-visita-la-fima-com-a-professora-convidada\/#respond"]}]},{"@type":"WebPage","@id":"https:\/\/fima.ub.edu\/noticies\/2026\/03\/06\/la-professora-paulina-szafran-visita-la-fima-com-a-professora-convidada\/","url":"https:\/\/fima.ub.edu\/noticies\/2026\/03\/06\/la-professora-paulina-szafran-visita-la-fima-com-a-professora-convidada\/","name":"Paulina Szafran visita la FIMA com a professora convidada - Not\u00edcies de la Facultat d&#039;Informaci\u00f3 i Mitjans Audiovisuals","isPartOf":{"@id":"https:\/\/fima.ub.edu\/noticies\/#website"},"primaryImageOfPage":{"@id":"https:\/\/fima.ub.edu\/noticies\/2026\/03\/06\/la-professora-paulina-szafran-visita-la-fima-com-a-professora-convidada\/#primaryimage"},"image":{"@id":"https:\/\/fima.ub.edu\/noticies\/2026\/03\/06\/la-professora-paulina-szafran-visita-la-fima-com-a-professora-convidada\/#primaryimage"},"thumbnailUrl":"https:\/\/fima.ub.edu\/noticies\/wp-content\/uploads\/2026\/03\/Paulina-Szafran-scaled.jpg","datePublished":"2026-03-06T10:58:38+00:00","dateModified":"2026-03-06T16:55:32+00:00","breadcrumb":{"@id":"https:\/\/fima.ub.edu\/noticies\/2026\/03\/06\/la-professora-paulina-szafran-visita-la-fima-com-a-professora-convidada\/#breadcrumb"},"inLanguage":"ca","potentialAction":[{"@type":"ReadAction","target":["https:\/\/fima.ub.edu\/noticies\/2026\/03\/06\/la-professora-paulina-szafran-visita-la-fima-com-a-professora-convidada\/"]}]},{"@type":"ImageObject","inLanguage":"ca","@id":"https:\/\/fima.ub.edu\/noticies\/2026\/03\/06\/la-professora-paulina-szafran-visita-la-fima-com-a-professora-convidada\/#primaryimage","url":"https:\/\/fima.ub.edu\/noticies\/wp-content\/uploads\/2026\/03\/Paulina-Szafran-scaled.jpg","contentUrl":"https:\/\/fima.ub.edu\/noticies\/wp-content\/uploads\/2026\/03\/Paulina-Szafran-scaled.jpg","width":2560,"height":1920,"caption":"Paulina Szafran visita la FIMA"},{"@type":"BreadcrumbList","@id":"https:\/\/fima.ub.edu\/noticies\/2026\/03\/06\/la-professora-paulina-szafran-visita-la-fima-com-a-professora-convidada\/#breadcrumb","itemListElement":[{"@type":"ListItem","position":1,"name":"Inici","item":"https:\/\/fima.ub.edu\/noticies\/"},{"@type":"ListItem","position":2,"name":"Paulina Szafran visita la FIMA com a professora convidada"}]},{"@type":"WebSite","@id":"https:\/\/fima.ub.edu\/noticies\/#website","url":"https:\/\/fima.ub.edu\/noticies\/","name":"Not\u00edcies de la Facultat d&#039;Informaci\u00f3 i Mitjans Audiovisuals","description":"","publisher":{"@id":"https:\/\/fima.ub.edu\/noticies\/#organization"},"potentialAction":[{"@type":"SearchAction","target":{"@type":"EntryPoint","urlTemplate":"https:\/\/fima.ub.edu\/noticies\/?s={search_term_string}"},"query-input":{"@type":"PropertyValueSpecification","valueRequired":true,"valueName":"search_term_string"}}],"inLanguage":"ca"},{"@type":"Organization","@id":"https:\/\/fima.ub.edu\/noticies\/#organization","name":"Not\u00edcies de la Facultat d&#039;Informaci\u00f3 i Mitjans Audiovisuals","url":"https:\/\/fima.ub.edu\/noticies\/","logo":{"@type":"ImageObject","inLanguage":"ca","@id":"https:\/\/fima.ub.edu\/noticies\/#\/schema\/logo\/image\/","url":"https:\/\/fima.ub.edu\/noticies\/wp-content\/uploads\/2023\/09\/cropped-fima_noticies.png","contentUrl":"https:\/\/fima.ub.edu\/noticies\/wp-content\/uploads\/2023\/09\/cropped-fima_noticies.png","width":1009,"height":200,"caption":"Not\u00edcies de la Facultat d&#039;Informaci\u00f3 i Mitjans Audiovisuals"},"image":{"@id":"https:\/\/fima.ub.edu\/noticies\/#\/schema\/logo\/image\/"},"sameAs":["https:\/\/www.facebook.com\/FIMAUB","https:\/\/x.com\/FIMA_UB","https:\/\/www.instagram.com\/fima_ub\/","https:\/\/www.flickr.com\/photos\/fbid_ub\/","https:\/\/www.slideshare.net\/FBDUB","https:\/\/www.youtube.com\/user\/FBiDUB"]},{"@type":"Person","@id":"https:\/\/fima.ub.edu\/noticies\/#\/schema\/person\/3debeefad6254c6d18a294db7ed01f49","name":"FIMA","image":{"@type":"ImageObject","inLanguage":"ca","@id":"https:\/\/secure.gravatar.com\/avatar\/a5eb35c10cfc5762dc4d1f1e3e2a6749bcd2eadf91a6377242fdc1b1bacde41d?s=96&d=mm&r=g","url":"https:\/\/secure.gravatar.com\/avatar\/a5eb35c10cfc5762dc4d1f1e3e2a6749bcd2eadf91a6377242fdc1b1bacde41d?s=96&d=mm&r=g","contentUrl":"https:\/\/secure.gravatar.com\/avatar\/a5eb35c10cfc5762dc4d1f1e3e2a6749bcd2eadf91a6377242fdc1b1bacde41d?s=96&d=mm&r=g","caption":"FIMA"},"url":"https:\/\/fima.ub.edu\/noticies\/author\/fima\/"}]}},"_links":{"self":[{"href":"https:\/\/fima.ub.edu\/noticies\/wp-json\/wp\/v2\/posts\/15002","targetHints":{"allow":["GET"]}}],"collection":[{"href":"https:\/\/fima.ub.edu\/noticies\/wp-json\/wp\/v2\/posts"}],"about":[{"href":"https:\/\/fima.ub.edu\/noticies\/wp-json\/wp\/v2\/types\/post"}],"author":[{"embeddable":true,"href":"https:\/\/fima.ub.edu\/noticies\/wp-json\/wp\/v2\/users\/7"}],"replies":[{"embeddable":true,"href":"https:\/\/fima.ub.edu\/noticies\/wp-json\/wp\/v2\/comments?post=15002"}],"version-history":[{"count":2,"href":"https:\/\/fima.ub.edu\/noticies\/wp-json\/wp\/v2\/posts\/15002\/revisions"}],"predecessor-version":[{"id":15011,"href":"https:\/\/fima.ub.edu\/noticies\/wp-json\/wp\/v2\/posts\/15002\/revisions\/15011"}],"wp:featuredmedia":[{"embeddable":true,"href":"https:\/\/fima.ub.edu\/noticies\/wp-json\/wp\/v2\/media\/15003"}],"wp:attachment":[{"href":"https:\/\/fima.ub.edu\/noticies\/wp-json\/wp\/v2\/media?parent=15002"}],"wp:term":[{"taxonomy":"category","embeddable":true,"href":"https:\/\/fima.ub.edu\/noticies\/wp-json\/wp\/v2\/categories?post=15002"},{"taxonomy":"post_tag","embeddable":true,"href":"https:\/\/fima.ub.edu\/noticies\/wp-json\/wp\/v2\/tags?post=15002"},{"taxonomy":"vocabulary_5","embeddable":true,"href":"https:\/\/fima.ub.edu\/noticies\/wp-json\/wp\/v2\/vocabulary_5?post=15002"}],"curies":[{"name":"wp","href":"https:\/\/api.w.org\/{rel}","templated":true}]}}