{"id":15015,"date":"2026-03-09T09:01:05","date_gmt":"2026-03-09T08:01:05","guid":{"rendered":"https:\/\/fima.ub.edu\/noticies\/?p=15015"},"modified":"2026-03-10T07:33:00","modified_gmt":"2026-03-10T06:33:00","slug":"els-alumnes-de-preparacio-al-practicum-de-3r-de-gidd-a-la-fundacio-miro","status":"publish","type":"post","link":"https:\/\/fima.ub.edu\/noticies\/2026\/03\/09\/els-alumnes-de-preparacio-al-practicum-de-3r-de-gidd-a-la-fundacio-miro\/","title":{"rendered":"Els alumnes de Preparaci\u00f3 al Pr\u00e0cticum de 3r de GIDD, a la Fundaci\u00f3 Mir\u00f3"},"content":{"rendered":"\n<p>El passat 4 de mar\u00e7 de 2026, els alumnes de GIDD i d\u2019InfoCom que estan cursant l\u2019assignatura Preparaci\u00f3 al Pr\u00e0cticum van participar en la primera de les sortides programades al llarg del semestre per con\u00e8ixer de primera m\u00e0 la vida professional i els possibles centres on portar a terme el Pr\u00e0cticum el curs que ve.<\/p>\n\n\n\n<p>En aquest cas, van poder visitar la <a href=\"https:\/\/www.fmirobcn.org\/ca\/col-leccio\/biblioteca-jacques-dupin\/\">Biblioteca Jacques Dupin<\/a> de la <a href=\"https:\/\/www.fmirobcn.org\/ca\/\">Fundaci\u00f3 Joan Mir\u00f3<\/a> de Barcelona, de la m\u00e0 de la seva responsable, Cristina Ferrer.<\/p>\n\n\n\n<figure class=\"wp-block-image size-full\"><img loading=\"lazy\" decoding=\"async\" width=\"990\" height=\"770\" src=\"https:\/\/fima.ub.edu\/noticies\/wp-content\/uploads\/2026\/03\/Imatge3.jpg\" alt=\"\" class=\"wp-image-15018\" srcset=\"https:\/\/fima.ub.edu\/noticies\/wp-content\/uploads\/2026\/03\/Imatge3.jpg 990w, https:\/\/fima.ub.edu\/noticies\/wp-content\/uploads\/2026\/03\/Imatge3-300x233.jpg 300w, https:\/\/fima.ub.edu\/noticies\/wp-content\/uploads\/2026\/03\/Imatge3-768x597.jpg 768w\" sizes=\"auto, (max-width: 990px) 100vw, 990px\" \/><\/figure>\n\n\n\n<p>Entre altres q\u00fcestions, va parlar de la import\u00e0ncia de posar l\u2019usuari al centre, dels reptes que implica ser una biblioteca unipersonal, de les dificultats d\u2019entendre i gestionar una col\u00b7lecci\u00f3 tan complexa o de la necessitat de sumar amb la resta de departaments i de crear aliances.<\/p>\n\n\n\n<p>En relaci\u00f3 amb les compet\u00e8ncies professionals, recomanava saber escoltar, observar l\u2019entorn, ser proactiu, ser realista a l\u2019hora de plantejar-se reptes i projectes, ser creatiu i tenir il\u00b7lusi\u00f3 per la feina.<\/p>\n\n\n\n<figure class=\"wp-block-image size-full\"><img loading=\"lazy\" decoding=\"async\" width=\"974\" height=\"942\" src=\"https:\/\/fima.ub.edu\/noticies\/wp-content\/uploads\/2026\/03\/Imatge2.jpg\" alt=\"\" class=\"wp-image-15017\" srcset=\"https:\/\/fima.ub.edu\/noticies\/wp-content\/uploads\/2026\/03\/Imatge2.jpg 974w, https:\/\/fima.ub.edu\/noticies\/wp-content\/uploads\/2026\/03\/Imatge2-300x290.jpg 300w, https:\/\/fima.ub.edu\/noticies\/wp-content\/uploads\/2026\/03\/Imatge2-768x743.jpg 768w\" sizes=\"auto, (max-width: 974px) 100vw, 974px\" \/><\/figure>\n\n\n\n<p>Una visita interessant i motivadora.<\/p>\n","protected":false},"excerpt":{"rendered":"<p>El passat 4 de mar\u00e7 de 2026, els alumnes de GIDD i d\u2019InfoCom que estan cursant l\u2019assignatura Preparaci\u00f3 al Pr\u00e0cticum van participar en la primera de les sortides programades al llarg del semestre per con\u00e8ixer de primera m\u00e0 la vida professional i els possibles centres on portar a terme el Pr\u00e0cticum el curs que ve. En aquest cas, van poder visitar la Biblioteca Jacques Dupin de la Fundaci\u00f3 Joan Mir\u00f3 de Barcelona, de la m\u00e0 de la seva responsable, Cristina Ferrer. Entre altres q\u00fcestions, va parlar de la import\u00e0ncia de posar l\u2019usuari al centre, dels reptes que implica ser una biblioteca unipersonal, de les dificultats d\u2019entendre i gestionar una col\u00b7lecci\u00f3 tan complexa o de la necessitat de sumar amb la resta de departaments i de crear aliances. En relaci\u00f3 amb les compet\u00e8ncies professionals, recomanava saber escoltar, observar l\u2019entorn, ser proactiu, ser realista a l\u2019hora de plantejar-se reptes i projectes, ser creatiu i tenir il\u00b7lusi\u00f3 per la feina. Una visita interessant i motivadora.<\/p>\n","protected":false},"author":7,"featured_media":15020,"comment_status":"open","ping_status":"open","sticky":false,"template":"","format":"standard","meta":{"_acf_changed":false,"footnotes":""},"categories":[4,6],"tags":[4639,349,749,46,390],"vocabulary_5":[],"class_list":["post-15015","post","type-post","status-publish","format-standard","has-post-thumbnail","hentry","category-activitats","category-practicum","tag-alummat","tag-biblioteca","tag-fundacio-joan-miro","tag-practicum","tag-visita"],"acf":[],"yoast_head":"<!-- This site is optimized with the Yoast SEO plugin v27.2 - https:\/\/yoast.com\/product\/yoast-seo-wordpress\/ -->\n<title>Els alumnes de Preparaci\u00f3 al Pr\u00e0cticum de 3r de GIDD, a la Fundaci\u00f3 Mir\u00f3 - Not\u00edcies de la Facultat d&#039;Informaci\u00f3 i Mitjans Audiovisuals<\/title>\n<meta name=\"robots\" content=\"index, follow, max-snippet:-1, max-image-preview:large, max-video-preview:-1\" \/>\n<link rel=\"canonical\" href=\"https:\/\/fima.ub.edu\/noticies\/2026\/03\/09\/els-alumnes-de-preparacio-al-practicum-de-3r-de-gidd-a-la-fundacio-miro\/\" \/>\n<meta property=\"og:locale\" content=\"ca_ES\" \/>\n<meta property=\"og:type\" content=\"article\" \/>\n<meta property=\"og:title\" content=\"Els alumnes de Preparaci\u00f3 al Pr\u00e0cticum de 3r de GIDD, a la Fundaci\u00f3 Mir\u00f3 - Not\u00edcies de la Facultat d&#039;Informaci\u00f3 i Mitjans Audiovisuals\" \/>\n<meta property=\"og:description\" content=\"El passat 4 de mar\u00e7 de 2026, els alumnes de GIDD i d\u2019InfoCom que estan cursant l\u2019assignatura Preparaci\u00f3 al Pr\u00e0cticum van participar en la primera de les sortides programades al llarg del semestre per con\u00e8ixer de primera m\u00e0 la vida professional i els possibles centres on portar a terme el Pr\u00e0cticum el curs que ve. En aquest cas, van poder visitar la Biblioteca Jacques Dupin de la Fundaci\u00f3 Joan Mir\u00f3 de Barcelona, de la m\u00e0 de la seva responsable, Cristina Ferrer. Entre altres q\u00fcestions, va parlar de la import\u00e0ncia de posar l\u2019usuari al centre, dels reptes que implica ser una biblioteca unipersonal, de les dificultats d\u2019entendre i gestionar una col\u00b7lecci\u00f3 tan complexa o de la necessitat de sumar amb la resta de departaments i de crear aliances. En relaci\u00f3 amb les compet\u00e8ncies professionals, recomanava saber escoltar, observar l\u2019entorn, ser proactiu, ser realista a l\u2019hora de plantejar-se reptes i projectes, ser creatiu i tenir il\u00b7lusi\u00f3 per la feina. Una visita interessant i motivadora.\" \/>\n<meta property=\"og:url\" content=\"https:\/\/fima.ub.edu\/noticies\/2026\/03\/09\/els-alumnes-de-preparacio-al-practicum-de-3r-de-gidd-a-la-fundacio-miro\/\" \/>\n<meta property=\"og:site_name\" content=\"Not\u00edcies de la Facultat d&#039;Informaci\u00f3 i Mitjans Audiovisuals\" \/>\n<meta property=\"article:publisher\" content=\"https:\/\/www.facebook.com\/FIMAUB\" \/>\n<meta property=\"article:published_time\" content=\"2026-03-09T08:01:05+00:00\" \/>\n<meta property=\"article:modified_time\" content=\"2026-03-10T06:33:00+00:00\" \/>\n<meta property=\"og:image\" content=\"https:\/\/fima.ub.edu\/noticies\/wp-content\/uploads\/2026\/03\/Imatge1-1.jpg\" \/>\n\t<meta property=\"og:image:width\" content=\"1299\" \/>\n\t<meta property=\"og:image:height\" content=\"723\" \/>\n\t<meta property=\"og:image:type\" content=\"image\/jpeg\" \/>\n<meta name=\"author\" content=\"FIMA\" \/>\n<meta name=\"twitter:card\" content=\"summary_large_image\" \/>\n<meta name=\"twitter:creator\" content=\"@FIMA_UB\" \/>\n<meta name=\"twitter:site\" content=\"@FIMA_UB\" \/>\n<meta name=\"twitter:label1\" content=\"Escrit per\" \/>\n\t<meta name=\"twitter:data1\" content=\"FIMA\" \/>\n\t<meta name=\"twitter:label2\" content=\"Temps estimat de lectura\" \/>\n\t<meta name=\"twitter:data2\" content=\"2 minuts\" \/>\n<script type=\"application\/ld+json\" class=\"yoast-schema-graph\">{\"@context\":\"https:\/\/schema.org\",\"@graph\":[{\"@type\":\"Article\",\"@id\":\"https:\/\/fima.ub.edu\/noticies\/2026\/03\/09\/els-alumnes-de-preparacio-al-practicum-de-3r-de-gidd-a-la-fundacio-miro\/#article\",\"isPartOf\":{\"@id\":\"https:\/\/fima.ub.edu\/noticies\/2026\/03\/09\/els-alumnes-de-preparacio-al-practicum-de-3r-de-gidd-a-la-fundacio-miro\/\"},\"author\":{\"name\":\"FIMA\",\"@id\":\"https:\/\/fima.ub.edu\/noticies\/#\/schema\/person\/3debeefad6254c6d18a294db7ed01f49\"},\"headline\":\"Els alumnes de Preparaci\u00f3 al Pr\u00e0cticum de 3r de GIDD, a la Fundaci\u00f3 Mir\u00f3\",\"datePublished\":\"2026-03-09T08:01:05+00:00\",\"dateModified\":\"2026-03-10T06:33:00+00:00\",\"mainEntityOfPage\":{\"@id\":\"https:\/\/fima.ub.edu\/noticies\/2026\/03\/09\/els-alumnes-de-preparacio-al-practicum-de-3r-de-gidd-a-la-fundacio-miro\/\"},\"wordCount\":189,\"commentCount\":0,\"publisher\":{\"@id\":\"https:\/\/fima.ub.edu\/noticies\/#organization\"},\"image\":{\"@id\":\"https:\/\/fima.ub.edu\/noticies\/2026\/03\/09\/els-alumnes-de-preparacio-al-practicum-de-3r-de-gidd-a-la-fundacio-miro\/#primaryimage\"},\"thumbnailUrl\":\"https:\/\/fima.ub.edu\/noticies\/wp-content\/uploads\/2026\/03\/Imatge1-1.jpg\",\"keywords\":[\"alummat\",\"biblioteca\",\"Fundaci\u00f3 Joan Mir\u00f3\",\"Pr\u00e0cticum\",\"visita\"],\"articleSection\":[\"Activitats\",\"Practicum\"],\"inLanguage\":\"ca\",\"potentialAction\":[{\"@type\":\"CommentAction\",\"name\":\"Comment\",\"target\":[\"https:\/\/fima.ub.edu\/noticies\/2026\/03\/09\/els-alumnes-de-preparacio-al-practicum-de-3r-de-gidd-a-la-fundacio-miro\/#respond\"]}]},{\"@type\":\"WebPage\",\"@id\":\"https:\/\/fima.ub.edu\/noticies\/2026\/03\/09\/els-alumnes-de-preparacio-al-practicum-de-3r-de-gidd-a-la-fundacio-miro\/\",\"url\":\"https:\/\/fima.ub.edu\/noticies\/2026\/03\/09\/els-alumnes-de-preparacio-al-practicum-de-3r-de-gidd-a-la-fundacio-miro\/\",\"name\":\"Els alumnes de Preparaci\u00f3 al Pr\u00e0cticum de 3r de GIDD, a la Fundaci\u00f3 Mir\u00f3 - Not\u00edcies de la Facultat d&#039;Informaci\u00f3 i Mitjans Audiovisuals\",\"isPartOf\":{\"@id\":\"https:\/\/fima.ub.edu\/noticies\/#website\"},\"primaryImageOfPage\":{\"@id\":\"https:\/\/fima.ub.edu\/noticies\/2026\/03\/09\/els-alumnes-de-preparacio-al-practicum-de-3r-de-gidd-a-la-fundacio-miro\/#primaryimage\"},\"image\":{\"@id\":\"https:\/\/fima.ub.edu\/noticies\/2026\/03\/09\/els-alumnes-de-preparacio-al-practicum-de-3r-de-gidd-a-la-fundacio-miro\/#primaryimage\"},\"thumbnailUrl\":\"https:\/\/fima.ub.edu\/noticies\/wp-content\/uploads\/2026\/03\/Imatge1-1.jpg\",\"datePublished\":\"2026-03-09T08:01:05+00:00\",\"dateModified\":\"2026-03-10T06:33:00+00:00\",\"breadcrumb\":{\"@id\":\"https:\/\/fima.ub.edu\/noticies\/2026\/03\/09\/els-alumnes-de-preparacio-al-practicum-de-3r-de-gidd-a-la-fundacio-miro\/#breadcrumb\"},\"inLanguage\":\"ca\",\"potentialAction\":[{\"@type\":\"ReadAction\",\"target\":[\"https:\/\/fima.ub.edu\/noticies\/2026\/03\/09\/els-alumnes-de-preparacio-al-practicum-de-3r-de-gidd-a-la-fundacio-miro\/\"]}]},{\"@type\":\"ImageObject\",\"inLanguage\":\"ca\",\"@id\":\"https:\/\/fima.ub.edu\/noticies\/2026\/03\/09\/els-alumnes-de-preparacio-al-practicum-de-3r-de-gidd-a-la-fundacio-miro\/#primaryimage\",\"url\":\"https:\/\/fima.ub.edu\/noticies\/wp-content\/uploads\/2026\/03\/Imatge1-1.jpg\",\"contentUrl\":\"https:\/\/fima.ub.edu\/noticies\/wp-content\/uploads\/2026\/03\/Imatge1-1.jpg\",\"width\":1299,\"height\":723,\"caption\":\"Els alumnes de Preparaci\u00f3 al Pr\u00e0cticum de 3r de GIDD a la Fundaci\u00f3 Mir\u00f3\"},{\"@type\":\"BreadcrumbList\",\"@id\":\"https:\/\/fima.ub.edu\/noticies\/2026\/03\/09\/els-alumnes-de-preparacio-al-practicum-de-3r-de-gidd-a-la-fundacio-miro\/#breadcrumb\",\"itemListElement\":[{\"@type\":\"ListItem\",\"position\":1,\"name\":\"Inici\",\"item\":\"https:\/\/fima.ub.edu\/noticies\/\"},{\"@type\":\"ListItem\",\"position\":2,\"name\":\"Els alumnes de Preparaci\u00f3 al Pr\u00e0cticum de 3r de GIDD, a la Fundaci\u00f3 Mir\u00f3\"}]},{\"@type\":\"WebSite\",\"@id\":\"https:\/\/fima.ub.edu\/noticies\/#website\",\"url\":\"https:\/\/fima.ub.edu\/noticies\/\",\"name\":\"Not\u00edcies de la Facultat d&#039;Informaci\u00f3 i Mitjans Audiovisuals\",\"description\":\"\",\"publisher\":{\"@id\":\"https:\/\/fima.ub.edu\/noticies\/#organization\"},\"potentialAction\":[{\"@type\":\"SearchAction\",\"target\":{\"@type\":\"EntryPoint\",\"urlTemplate\":\"https:\/\/fima.ub.edu\/noticies\/?s={search_term_string}\"},\"query-input\":{\"@type\":\"PropertyValueSpecification\",\"valueRequired\":true,\"valueName\":\"search_term_string\"}}],\"inLanguage\":\"ca\"},{\"@type\":\"Organization\",\"@id\":\"https:\/\/fima.ub.edu\/noticies\/#organization\",\"name\":\"Not\u00edcies de la Facultat d&#039;Informaci\u00f3 i Mitjans Audiovisuals\",\"url\":\"https:\/\/fima.ub.edu\/noticies\/\",\"logo\":{\"@type\":\"ImageObject\",\"inLanguage\":\"ca\",\"@id\":\"https:\/\/fima.ub.edu\/noticies\/#\/schema\/logo\/image\/\",\"url\":\"https:\/\/fima.ub.edu\/noticies\/wp-content\/uploads\/2023\/09\/cropped-fima_noticies.png\",\"contentUrl\":\"https:\/\/fima.ub.edu\/noticies\/wp-content\/uploads\/2023\/09\/cropped-fima_noticies.png\",\"width\":1009,\"height\":200,\"caption\":\"Not\u00edcies de la Facultat d&#039;Informaci\u00f3 i Mitjans Audiovisuals\"},\"image\":{\"@id\":\"https:\/\/fima.ub.edu\/noticies\/#\/schema\/logo\/image\/\"},\"sameAs\":[\"https:\/\/www.facebook.com\/FIMAUB\",\"https:\/\/x.com\/FIMA_UB\",\"https:\/\/www.instagram.com\/fima_ub\/\",\"https:\/\/www.flickr.com\/photos\/fbid_ub\/\",\"https:\/\/www.slideshare.net\/FBDUB\",\"https:\/\/www.youtube.com\/user\/FBiDUB\"]},{\"@type\":\"Person\",\"@id\":\"https:\/\/fima.ub.edu\/noticies\/#\/schema\/person\/3debeefad6254c6d18a294db7ed01f49\",\"name\":\"FIMA\",\"image\":{\"@type\":\"ImageObject\",\"inLanguage\":\"ca\",\"@id\":\"https:\/\/secure.gravatar.com\/avatar\/a5eb35c10cfc5762dc4d1f1e3e2a6749bcd2eadf91a6377242fdc1b1bacde41d?s=96&d=mm&r=g\",\"url\":\"https:\/\/secure.gravatar.com\/avatar\/a5eb35c10cfc5762dc4d1f1e3e2a6749bcd2eadf91a6377242fdc1b1bacde41d?s=96&d=mm&r=g\",\"contentUrl\":\"https:\/\/secure.gravatar.com\/avatar\/a5eb35c10cfc5762dc4d1f1e3e2a6749bcd2eadf91a6377242fdc1b1bacde41d?s=96&d=mm&r=g\",\"caption\":\"FIMA\"},\"url\":\"https:\/\/fima.ub.edu\/noticies\/author\/fima\/\"}]}<\/script>\n<!-- \/ Yoast SEO plugin. -->","yoast_head_json":{"title":"Els alumnes de Preparaci\u00f3 al Pr\u00e0cticum de 3r de GIDD, a la Fundaci\u00f3 Mir\u00f3 - Not\u00edcies de la Facultat d&#039;Informaci\u00f3 i Mitjans Audiovisuals","robots":{"index":"index","follow":"follow","max-snippet":"max-snippet:-1","max-image-preview":"max-image-preview:large","max-video-preview":"max-video-preview:-1"},"canonical":"https:\/\/fima.ub.edu\/noticies\/2026\/03\/09\/els-alumnes-de-preparacio-al-practicum-de-3r-de-gidd-a-la-fundacio-miro\/","og_locale":"ca_ES","og_type":"article","og_title":"Els alumnes de Preparaci\u00f3 al Pr\u00e0cticum de 3r de GIDD, a la Fundaci\u00f3 Mir\u00f3 - Not\u00edcies de la Facultat d&#039;Informaci\u00f3 i Mitjans Audiovisuals","og_description":"El passat 4 de mar\u00e7 de 2026, els alumnes de GIDD i d\u2019InfoCom que estan cursant l\u2019assignatura Preparaci\u00f3 al Pr\u00e0cticum van participar en la primera de les sortides programades al llarg del semestre per con\u00e8ixer de primera m\u00e0 la vida professional i els possibles centres on portar a terme el Pr\u00e0cticum el curs que ve. En aquest cas, van poder visitar la Biblioteca Jacques Dupin de la Fundaci\u00f3 Joan Mir\u00f3 de Barcelona, de la m\u00e0 de la seva responsable, Cristina Ferrer. Entre altres q\u00fcestions, va parlar de la import\u00e0ncia de posar l\u2019usuari al centre, dels reptes que implica ser una biblioteca unipersonal, de les dificultats d\u2019entendre i gestionar una col\u00b7lecci\u00f3 tan complexa o de la necessitat de sumar amb la resta de departaments i de crear aliances. En relaci\u00f3 amb les compet\u00e8ncies professionals, recomanava saber escoltar, observar l\u2019entorn, ser proactiu, ser realista a l\u2019hora de plantejar-se reptes i projectes, ser creatiu i tenir il\u00b7lusi\u00f3 per la feina. Una visita interessant i motivadora.","og_url":"https:\/\/fima.ub.edu\/noticies\/2026\/03\/09\/els-alumnes-de-preparacio-al-practicum-de-3r-de-gidd-a-la-fundacio-miro\/","og_site_name":"Not\u00edcies de la Facultat d&#039;Informaci\u00f3 i Mitjans Audiovisuals","article_publisher":"https:\/\/www.facebook.com\/FIMAUB","article_published_time":"2026-03-09T08:01:05+00:00","article_modified_time":"2026-03-10T06:33:00+00:00","og_image":[{"width":1299,"height":723,"url":"https:\/\/fima.ub.edu\/noticies\/wp-content\/uploads\/2026\/03\/Imatge1-1.jpg","type":"image\/jpeg"}],"author":"FIMA","twitter_card":"summary_large_image","twitter_creator":"@FIMA_UB","twitter_site":"@FIMA_UB","twitter_misc":{"Escrit per":"FIMA","Temps estimat de lectura":"2 minuts"},"schema":{"@context":"https:\/\/schema.org","@graph":[{"@type":"Article","@id":"https:\/\/fima.ub.edu\/noticies\/2026\/03\/09\/els-alumnes-de-preparacio-al-practicum-de-3r-de-gidd-a-la-fundacio-miro\/#article","isPartOf":{"@id":"https:\/\/fima.ub.edu\/noticies\/2026\/03\/09\/els-alumnes-de-preparacio-al-practicum-de-3r-de-gidd-a-la-fundacio-miro\/"},"author":{"name":"FIMA","@id":"https:\/\/fima.ub.edu\/noticies\/#\/schema\/person\/3debeefad6254c6d18a294db7ed01f49"},"headline":"Els alumnes de Preparaci\u00f3 al Pr\u00e0cticum de 3r de GIDD, a la Fundaci\u00f3 Mir\u00f3","datePublished":"2026-03-09T08:01:05+00:00","dateModified":"2026-03-10T06:33:00+00:00","mainEntityOfPage":{"@id":"https:\/\/fima.ub.edu\/noticies\/2026\/03\/09\/els-alumnes-de-preparacio-al-practicum-de-3r-de-gidd-a-la-fundacio-miro\/"},"wordCount":189,"commentCount":0,"publisher":{"@id":"https:\/\/fima.ub.edu\/noticies\/#organization"},"image":{"@id":"https:\/\/fima.ub.edu\/noticies\/2026\/03\/09\/els-alumnes-de-preparacio-al-practicum-de-3r-de-gidd-a-la-fundacio-miro\/#primaryimage"},"thumbnailUrl":"https:\/\/fima.ub.edu\/noticies\/wp-content\/uploads\/2026\/03\/Imatge1-1.jpg","keywords":["alummat","biblioteca","Fundaci\u00f3 Joan Mir\u00f3","Pr\u00e0cticum","visita"],"articleSection":["Activitats","Practicum"],"inLanguage":"ca","potentialAction":[{"@type":"CommentAction","name":"Comment","target":["https:\/\/fima.ub.edu\/noticies\/2026\/03\/09\/els-alumnes-de-preparacio-al-practicum-de-3r-de-gidd-a-la-fundacio-miro\/#respond"]}]},{"@type":"WebPage","@id":"https:\/\/fima.ub.edu\/noticies\/2026\/03\/09\/els-alumnes-de-preparacio-al-practicum-de-3r-de-gidd-a-la-fundacio-miro\/","url":"https:\/\/fima.ub.edu\/noticies\/2026\/03\/09\/els-alumnes-de-preparacio-al-practicum-de-3r-de-gidd-a-la-fundacio-miro\/","name":"Els alumnes de Preparaci\u00f3 al Pr\u00e0cticum de 3r de GIDD, a la Fundaci\u00f3 Mir\u00f3 - Not\u00edcies de la Facultat d&#039;Informaci\u00f3 i Mitjans Audiovisuals","isPartOf":{"@id":"https:\/\/fima.ub.edu\/noticies\/#website"},"primaryImageOfPage":{"@id":"https:\/\/fima.ub.edu\/noticies\/2026\/03\/09\/els-alumnes-de-preparacio-al-practicum-de-3r-de-gidd-a-la-fundacio-miro\/#primaryimage"},"image":{"@id":"https:\/\/fima.ub.edu\/noticies\/2026\/03\/09\/els-alumnes-de-preparacio-al-practicum-de-3r-de-gidd-a-la-fundacio-miro\/#primaryimage"},"thumbnailUrl":"https:\/\/fima.ub.edu\/noticies\/wp-content\/uploads\/2026\/03\/Imatge1-1.jpg","datePublished":"2026-03-09T08:01:05+00:00","dateModified":"2026-03-10T06:33:00+00:00","breadcrumb":{"@id":"https:\/\/fima.ub.edu\/noticies\/2026\/03\/09\/els-alumnes-de-preparacio-al-practicum-de-3r-de-gidd-a-la-fundacio-miro\/#breadcrumb"},"inLanguage":"ca","potentialAction":[{"@type":"ReadAction","target":["https:\/\/fima.ub.edu\/noticies\/2026\/03\/09\/els-alumnes-de-preparacio-al-practicum-de-3r-de-gidd-a-la-fundacio-miro\/"]}]},{"@type":"ImageObject","inLanguage":"ca","@id":"https:\/\/fima.ub.edu\/noticies\/2026\/03\/09\/els-alumnes-de-preparacio-al-practicum-de-3r-de-gidd-a-la-fundacio-miro\/#primaryimage","url":"https:\/\/fima.ub.edu\/noticies\/wp-content\/uploads\/2026\/03\/Imatge1-1.jpg","contentUrl":"https:\/\/fima.ub.edu\/noticies\/wp-content\/uploads\/2026\/03\/Imatge1-1.jpg","width":1299,"height":723,"caption":"Els alumnes de Preparaci\u00f3 al Pr\u00e0cticum de 3r de GIDD a la Fundaci\u00f3 Mir\u00f3"},{"@type":"BreadcrumbList","@id":"https:\/\/fima.ub.edu\/noticies\/2026\/03\/09\/els-alumnes-de-preparacio-al-practicum-de-3r-de-gidd-a-la-fundacio-miro\/#breadcrumb","itemListElement":[{"@type":"ListItem","position":1,"name":"Inici","item":"https:\/\/fima.ub.edu\/noticies\/"},{"@type":"ListItem","position":2,"name":"Els alumnes de Preparaci\u00f3 al Pr\u00e0cticum de 3r de GIDD, a la Fundaci\u00f3 Mir\u00f3"}]},{"@type":"WebSite","@id":"https:\/\/fima.ub.edu\/noticies\/#website","url":"https:\/\/fima.ub.edu\/noticies\/","name":"Not\u00edcies de la Facultat d&#039;Informaci\u00f3 i Mitjans Audiovisuals","description":"","publisher":{"@id":"https:\/\/fima.ub.edu\/noticies\/#organization"},"potentialAction":[{"@type":"SearchAction","target":{"@type":"EntryPoint","urlTemplate":"https:\/\/fima.ub.edu\/noticies\/?s={search_term_string}"},"query-input":{"@type":"PropertyValueSpecification","valueRequired":true,"valueName":"search_term_string"}}],"inLanguage":"ca"},{"@type":"Organization","@id":"https:\/\/fima.ub.edu\/noticies\/#organization","name":"Not\u00edcies de la Facultat d&#039;Informaci\u00f3 i Mitjans Audiovisuals","url":"https:\/\/fima.ub.edu\/noticies\/","logo":{"@type":"ImageObject","inLanguage":"ca","@id":"https:\/\/fima.ub.edu\/noticies\/#\/schema\/logo\/image\/","url":"https:\/\/fima.ub.edu\/noticies\/wp-content\/uploads\/2023\/09\/cropped-fima_noticies.png","contentUrl":"https:\/\/fima.ub.edu\/noticies\/wp-content\/uploads\/2023\/09\/cropped-fima_noticies.png","width":1009,"height":200,"caption":"Not\u00edcies de la Facultat d&#039;Informaci\u00f3 i Mitjans Audiovisuals"},"image":{"@id":"https:\/\/fima.ub.edu\/noticies\/#\/schema\/logo\/image\/"},"sameAs":["https:\/\/www.facebook.com\/FIMAUB","https:\/\/x.com\/FIMA_UB","https:\/\/www.instagram.com\/fima_ub\/","https:\/\/www.flickr.com\/photos\/fbid_ub\/","https:\/\/www.slideshare.net\/FBDUB","https:\/\/www.youtube.com\/user\/FBiDUB"]},{"@type":"Person","@id":"https:\/\/fima.ub.edu\/noticies\/#\/schema\/person\/3debeefad6254c6d18a294db7ed01f49","name":"FIMA","image":{"@type":"ImageObject","inLanguage":"ca","@id":"https:\/\/secure.gravatar.com\/avatar\/a5eb35c10cfc5762dc4d1f1e3e2a6749bcd2eadf91a6377242fdc1b1bacde41d?s=96&d=mm&r=g","url":"https:\/\/secure.gravatar.com\/avatar\/a5eb35c10cfc5762dc4d1f1e3e2a6749bcd2eadf91a6377242fdc1b1bacde41d?s=96&d=mm&r=g","contentUrl":"https:\/\/secure.gravatar.com\/avatar\/a5eb35c10cfc5762dc4d1f1e3e2a6749bcd2eadf91a6377242fdc1b1bacde41d?s=96&d=mm&r=g","caption":"FIMA"},"url":"https:\/\/fima.ub.edu\/noticies\/author\/fima\/"}]}},"_links":{"self":[{"href":"https:\/\/fima.ub.edu\/noticies\/wp-json\/wp\/v2\/posts\/15015","targetHints":{"allow":["GET"]}}],"collection":[{"href":"https:\/\/fima.ub.edu\/noticies\/wp-json\/wp\/v2\/posts"}],"about":[{"href":"https:\/\/fima.ub.edu\/noticies\/wp-json\/wp\/v2\/types\/post"}],"author":[{"embeddable":true,"href":"https:\/\/fima.ub.edu\/noticies\/wp-json\/wp\/v2\/users\/7"}],"replies":[{"embeddable":true,"href":"https:\/\/fima.ub.edu\/noticies\/wp-json\/wp\/v2\/comments?post=15015"}],"version-history":[{"count":2,"href":"https:\/\/fima.ub.edu\/noticies\/wp-json\/wp\/v2\/posts\/15015\/revisions"}],"predecessor-version":[{"id":15024,"href":"https:\/\/fima.ub.edu\/noticies\/wp-json\/wp\/v2\/posts\/15015\/revisions\/15024"}],"wp:featuredmedia":[{"embeddable":true,"href":"https:\/\/fima.ub.edu\/noticies\/wp-json\/wp\/v2\/media\/15020"}],"wp:attachment":[{"href":"https:\/\/fima.ub.edu\/noticies\/wp-json\/wp\/v2\/media?parent=15015"}],"wp:term":[{"taxonomy":"category","embeddable":true,"href":"https:\/\/fima.ub.edu\/noticies\/wp-json\/wp\/v2\/categories?post=15015"},{"taxonomy":"post_tag","embeddable":true,"href":"https:\/\/fima.ub.edu\/noticies\/wp-json\/wp\/v2\/tags?post=15015"},{"taxonomy":"vocabulary_5","embeddable":true,"href":"https:\/\/fima.ub.edu\/noticies\/wp-json\/wp\/v2\/vocabulary_5?post=15015"}],"curies":[{"name":"wp","href":"https:\/\/api.w.org\/{rel}","templated":true}]}}