{"id":3000,"date":"2016-09-10T17:21:42","date_gmt":"2016-09-10T15:21:42","guid":{"rendered":"https:\/\/fima.ub.edu\/noticies\/2016\/09\/10\/publicada-una-entrevista-amb-eugene-garfield-al-web-de-la-ub\/"},"modified":"2016-09-10T17:21:42","modified_gmt":"2016-09-10T15:21:42","slug":"publicada-una-entrevista-amb-eugene-garfield-al-web-de-la-ub","status":"publish","type":"post","link":"https:\/\/fima.ub.edu\/noticies\/2016\/09\/10\/publicada-una-entrevista-amb-eugene-garfield-al-web-de-la-ub\/","title":{"rendered":"Publicada una entrevista amb Eugene Garfield al web de la UB"},"content":{"rendered":"<p>El passat 7 de setembre, la UB va publicar una <a href=\"http:\/\/www.ub.edu\/web\/ub\/ca\/menu_eines\/noticies\/2016\/entrevistes\/Eugene_Garfield.html\" target=\"_blank\" rel=\"noopener\">entrevista<\/a> amb Eugene Garfield que el <img loading=\"lazy\" decoding=\"async\" class=\" alignright size-full wp-image-2937\" alt=\"\" src=\"https:\/\/fima.ub.edu\/noticies\/wp-content\/uploads\/2016\/06\/IMG_8503-scaled.jpg\" style=\"width: 150px; height: 100px; margin: 10px 20px; float: right;\" width=\"2560\" height=\"1707\" srcset=\"https:\/\/fima.ub.edu\/noticies\/wp-content\/uploads\/2016\/06\/IMG_8503-scaled.jpg 2560w, https:\/\/fima.ub.edu\/noticies\/wp-content\/uploads\/2016\/06\/IMG_8503-300x200.jpg 300w, https:\/\/fima.ub.edu\/noticies\/wp-content\/uploads\/2016\/06\/IMG_8503-1024x683.jpg 1024w, https:\/\/fima.ub.edu\/noticies\/wp-content\/uploads\/2016\/06\/IMG_8503-768x512.jpg 768w, https:\/\/fima.ub.edu\/noticies\/wp-content\/uploads\/2016\/06\/IMG_8503-1536x1024.jpg 1536w, https:\/\/fima.ub.edu\/noticies\/wp-content\/uploads\/2016\/06\/IMG_8503-2048x1365.jpg 2048w, https:\/\/fima.ub.edu\/noticies\/wp-content\/uploads\/2016\/06\/IMG_8503-1140x760.jpg 1140w\" sizes=\"auto, (max-width: 2560px) 100vw, 2560px\" \/>14 de juny passat va ser <a href=\"http:\/\/www.ub.edu\/web\/ub\/ca\/universitat\/la_ub_avui\/honoris_causa\/E-M\/cognoms_e_m\/Garfield_2016.html\" target=\"_blank\" rel=\"noopener\">nomenat doctor honoris causa<\/a> a inst\u00e0ncies de la nostra Facultat. Garfield no va poder assistir a l\u2019acte per problemes de salut, per\u00f2 va enregistrar el seu discurs en un v\u00eddeo i tamb\u00e9 va contestar unes quantes preguntes per al web de la Universitat de Barcelona que ara han estat publicades.<\/p>\n<p><!--break--><\/p>\n","protected":false},"excerpt":{"rendered":"<p>El passat 7 de setembre, la UB va publicar una entrevista amb Eugene Garfield que el 14 de juny passat va ser nomenat doctor honoris causa a inst\u00e0ncies de la nostra Facultat. Garfield no va poder assistir a l\u2019acte per problemes de salut, per\u00f2 va enregistrar el seu discurs en un v\u00eddeo i tamb\u00e9 va contestar unes quantes preguntes per al web de la Universitat de Barcelona que ara han estat publicades.<\/p>\n","protected":false},"author":6,"featured_media":2936,"comment_status":"open","ping_status":"open","sticky":false,"template":"","format":"standard","meta":{"_acf_changed":false,"footnotes":""},"categories":[4],"tags":[1799,352,1798],"vocabulary_5":[],"class_list":["post-3000","post","type-post","status-publish","format-standard","has-post-thumbnail","hentry","category-activitats","tag-doctorat-honoris-causa","tag-entrevista","tag-eugene-garfield"],"acf":[],"yoast_head":"<!-- This site is optimized with the Yoast SEO plugin v27.5 - https:\/\/yoast.com\/product\/yoast-seo-wordpress\/ -->\n<title>Publicada una entrevista amb Eugene Garfield al web de la UB - Not\u00edcies de la Facultat d&#039;Informaci\u00f3 i Mitjans Audiovisuals<\/title>\n<meta name=\"robots\" content=\"index, follow, max-snippet:-1, max-image-preview:large, max-video-preview:-1\" \/>\n<link rel=\"canonical\" href=\"https:\/\/fima.ub.edu\/noticies\/2016\/09\/10\/publicada-una-entrevista-amb-eugene-garfield-al-web-de-la-ub\/\" \/>\n<meta property=\"og:locale\" content=\"ca_ES\" \/>\n<meta property=\"og:type\" content=\"article\" \/>\n<meta property=\"og:title\" content=\"Publicada una entrevista amb Eugene Garfield al web de la UB - Not\u00edcies de la Facultat d&#039;Informaci\u00f3 i Mitjans Audiovisuals\" \/>\n<meta property=\"og:description\" content=\"El passat 7 de setembre, la UB va publicar una entrevista amb Eugene Garfield que el 14 de juny passat va ser nomenat doctor honoris causa a inst\u00e0ncies de la nostra Facultat. Garfield no va poder assistir a l\u2019acte per problemes de salut, per\u00f2 va enregistrar el seu discurs en un v\u00eddeo i tamb\u00e9 va contestar unes quantes preguntes per al web de la Universitat de Barcelona que ara han estat publicades.\" \/>\n<meta property=\"og:url\" content=\"https:\/\/fima.ub.edu\/noticies\/2016\/09\/10\/publicada-una-entrevista-amb-eugene-garfield-al-web-de-la-ub\/\" \/>\n<meta property=\"og:site_name\" content=\"Not\u00edcies de la Facultat d&#039;Informaci\u00f3 i Mitjans Audiovisuals\" \/>\n<meta property=\"article:publisher\" content=\"https:\/\/www.facebook.com\/FIMAUB\" \/>\n<meta property=\"article:published_time\" content=\"2016-09-10T15:21:42+00:00\" \/>\n<meta property=\"og:image\" content=\"https:\/\/fima.ub.edu\/noticies\/wp-content\/uploads\/2016\/06\/IMG_8457-scaled.jpg\" \/>\n\t<meta property=\"og:image:width\" content=\"2560\" \/>\n\t<meta property=\"og:image:height\" content=\"1707\" \/>\n\t<meta property=\"og:image:type\" content=\"image\/jpeg\" \/>\n<meta name=\"author\" content=\"Anna Rubi\u00f3\" \/>\n<meta name=\"twitter:card\" content=\"summary_large_image\" \/>\n<meta name=\"twitter:creator\" content=\"@FIMA_UB\" \/>\n<meta name=\"twitter:site\" content=\"@FIMA_UB\" \/>\n<meta name=\"twitter:label1\" content=\"Escrit per\" \/>\n\t<meta name=\"twitter:data1\" content=\"Anna Rubi\u00f3\" \/>\n<script type=\"application\/ld+json\" class=\"yoast-schema-graph\">{\"@context\":\"https:\\\/\\\/schema.org\",\"@graph\":[{\"@type\":\"Article\",\"@id\":\"https:\\\/\\\/fima.ub.edu\\\/noticies\\\/2016\\\/09\\\/10\\\/publicada-una-entrevista-amb-eugene-garfield-al-web-de-la-ub\\\/#article\",\"isPartOf\":{\"@id\":\"https:\\\/\\\/fima.ub.edu\\\/noticies\\\/2016\\\/09\\\/10\\\/publicada-una-entrevista-amb-eugene-garfield-al-web-de-la-ub\\\/\"},\"author\":{\"name\":\"Anna Rubi\u00f3\",\"@id\":\"https:\\\/\\\/fima.ub.edu\\\/noticies\\\/#\\\/schema\\\/person\\\/dc378ff0cdb85eb3d02f0b8b668edc45\"},\"headline\":\"Publicada una entrevista amb Eugene Garfield al web de la UB\",\"datePublished\":\"2016-09-10T15:21:42+00:00\",\"mainEntityOfPage\":{\"@id\":\"https:\\\/\\\/fima.ub.edu\\\/noticies\\\/2016\\\/09\\\/10\\\/publicada-una-entrevista-amb-eugene-garfield-al-web-de-la-ub\\\/\"},\"wordCount\":84,\"commentCount\":0,\"publisher\":{\"@id\":\"https:\\\/\\\/fima.ub.edu\\\/noticies\\\/#organization\"},\"image\":{\"@id\":\"https:\\\/\\\/fima.ub.edu\\\/noticies\\\/2016\\\/09\\\/10\\\/publicada-una-entrevista-amb-eugene-garfield-al-web-de-la-ub\\\/#primaryimage\"},\"thumbnailUrl\":\"https:\\\/\\\/fima.ub.edu\\\/noticies\\\/wp-content\\\/uploads\\\/2016\\\/06\\\/IMG_8457-scaled.jpg\",\"keywords\":[\"doctorat honoris causa\",\"entrevista\",\"Eugene Garfield\"],\"articleSection\":[\"Activitats\"],\"inLanguage\":\"ca\",\"potentialAction\":[{\"@type\":\"CommentAction\",\"name\":\"Comment\",\"target\":[\"https:\\\/\\\/fima.ub.edu\\\/noticies\\\/2016\\\/09\\\/10\\\/publicada-una-entrevista-amb-eugene-garfield-al-web-de-la-ub\\\/#respond\"]}]},{\"@type\":\"WebPage\",\"@id\":\"https:\\\/\\\/fima.ub.edu\\\/noticies\\\/2016\\\/09\\\/10\\\/publicada-una-entrevista-amb-eugene-garfield-al-web-de-la-ub\\\/\",\"url\":\"https:\\\/\\\/fima.ub.edu\\\/noticies\\\/2016\\\/09\\\/10\\\/publicada-una-entrevista-amb-eugene-garfield-al-web-de-la-ub\\\/\",\"name\":\"Publicada una entrevista amb Eugene Garfield al web de la UB - Not\u00edcies de la Facultat d&#039;Informaci\u00f3 i Mitjans Audiovisuals\",\"isPartOf\":{\"@id\":\"https:\\\/\\\/fima.ub.edu\\\/noticies\\\/#website\"},\"primaryImageOfPage\":{\"@id\":\"https:\\\/\\\/fima.ub.edu\\\/noticies\\\/2016\\\/09\\\/10\\\/publicada-una-entrevista-amb-eugene-garfield-al-web-de-la-ub\\\/#primaryimage\"},\"image\":{\"@id\":\"https:\\\/\\\/fima.ub.edu\\\/noticies\\\/2016\\\/09\\\/10\\\/publicada-una-entrevista-amb-eugene-garfield-al-web-de-la-ub\\\/#primaryimage\"},\"thumbnailUrl\":\"https:\\\/\\\/fima.ub.edu\\\/noticies\\\/wp-content\\\/uploads\\\/2016\\\/06\\\/IMG_8457-scaled.jpg\",\"datePublished\":\"2016-09-10T15:21:42+00:00\",\"breadcrumb\":{\"@id\":\"https:\\\/\\\/fima.ub.edu\\\/noticies\\\/2016\\\/09\\\/10\\\/publicada-una-entrevista-amb-eugene-garfield-al-web-de-la-ub\\\/#breadcrumb\"},\"inLanguage\":\"ca\",\"potentialAction\":[{\"@type\":\"ReadAction\",\"target\":[\"https:\\\/\\\/fima.ub.edu\\\/noticies\\\/2016\\\/09\\\/10\\\/publicada-una-entrevista-amb-eugene-garfield-al-web-de-la-ub\\\/\"]}]},{\"@type\":\"ImageObject\",\"inLanguage\":\"ca\",\"@id\":\"https:\\\/\\\/fima.ub.edu\\\/noticies\\\/2016\\\/09\\\/10\\\/publicada-una-entrevista-amb-eugene-garfield-al-web-de-la-ub\\\/#primaryimage\",\"url\":\"https:\\\/\\\/fima.ub.edu\\\/noticies\\\/wp-content\\\/uploads\\\/2016\\\/06\\\/IMG_8457-scaled.jpg\",\"contentUrl\":\"https:\\\/\\\/fima.ub.edu\\\/noticies\\\/wp-content\\\/uploads\\\/2016\\\/06\\\/IMG_8457-scaled.jpg\",\"width\":2560,\"height\":1707},{\"@type\":\"BreadcrumbList\",\"@id\":\"https:\\\/\\\/fima.ub.edu\\\/noticies\\\/2016\\\/09\\\/10\\\/publicada-una-entrevista-amb-eugene-garfield-al-web-de-la-ub\\\/#breadcrumb\",\"itemListElement\":[{\"@type\":\"ListItem\",\"position\":1,\"name\":\"Inici\",\"item\":\"https:\\\/\\\/fima.ub.edu\\\/noticies\\\/\"},{\"@type\":\"ListItem\",\"position\":2,\"name\":\"Publicada una entrevista amb Eugene Garfield al web de la UB\"}]},{\"@type\":\"WebSite\",\"@id\":\"https:\\\/\\\/fima.ub.edu\\\/noticies\\\/#website\",\"url\":\"https:\\\/\\\/fima.ub.edu\\\/noticies\\\/\",\"name\":\"Not\u00edcies de la Facultat d&#039;Informaci\u00f3 i Mitjans Audiovisuals\",\"description\":\"\",\"publisher\":{\"@id\":\"https:\\\/\\\/fima.ub.edu\\\/noticies\\\/#organization\"},\"potentialAction\":[{\"@type\":\"SearchAction\",\"target\":{\"@type\":\"EntryPoint\",\"urlTemplate\":\"https:\\\/\\\/fima.ub.edu\\\/noticies\\\/?s={search_term_string}\"},\"query-input\":{\"@type\":\"PropertyValueSpecification\",\"valueRequired\":true,\"valueName\":\"search_term_string\"}}],\"inLanguage\":\"ca\"},{\"@type\":\"Organization\",\"@id\":\"https:\\\/\\\/fima.ub.edu\\\/noticies\\\/#organization\",\"name\":\"Not\u00edcies de la Facultat d&#039;Informaci\u00f3 i Mitjans Audiovisuals\",\"url\":\"https:\\\/\\\/fima.ub.edu\\\/noticies\\\/\",\"logo\":{\"@type\":\"ImageObject\",\"inLanguage\":\"ca\",\"@id\":\"https:\\\/\\\/fima.ub.edu\\\/noticies\\\/#\\\/schema\\\/logo\\\/image\\\/\",\"url\":\"https:\\\/\\\/fima.ub.edu\\\/noticies\\\/wp-content\\\/uploads\\\/2023\\\/09\\\/cropped-fima_noticies.png\",\"contentUrl\":\"https:\\\/\\\/fima.ub.edu\\\/noticies\\\/wp-content\\\/uploads\\\/2023\\\/09\\\/cropped-fima_noticies.png\",\"width\":1009,\"height\":200,\"caption\":\"Not\u00edcies de la Facultat d&#039;Informaci\u00f3 i Mitjans Audiovisuals\"},\"image\":{\"@id\":\"https:\\\/\\\/fima.ub.edu\\\/noticies\\\/#\\\/schema\\\/logo\\\/image\\\/\"},\"sameAs\":[\"https:\\\/\\\/www.facebook.com\\\/FIMAUB\",\"https:\\\/\\\/x.com\\\/FIMA_UB\",\"https:\\\/\\\/www.instagram.com\\\/fima_ub\\\/\",\"https:\\\/\\\/www.flickr.com\\\/photos\\\/fbid_ub\\\/\",\"https:\\\/\\\/www.slideshare.net\\\/FBDUB\",\"https:\\\/\\\/www.youtube.com\\\/user\\\/FBiDUB\"]},{\"@type\":\"Person\",\"@id\":\"https:\\\/\\\/fima.ub.edu\\\/noticies\\\/#\\\/schema\\\/person\\\/dc378ff0cdb85eb3d02f0b8b668edc45\",\"name\":\"Anna Rubi\u00f3\",\"image\":{\"@type\":\"ImageObject\",\"inLanguage\":\"ca\",\"@id\":\"https:\\\/\\\/secure.gravatar.com\\\/avatar\\\/dee6fdca9caf2bc48bb11cf46822c54cf8ec94b4ee9b965166649a19197cb935?s=96&d=mm&r=g\",\"url\":\"https:\\\/\\\/secure.gravatar.com\\\/avatar\\\/dee6fdca9caf2bc48bb11cf46822c54cf8ec94b4ee9b965166649a19197cb935?s=96&d=mm&r=g\",\"contentUrl\":\"https:\\\/\\\/secure.gravatar.com\\\/avatar\\\/dee6fdca9caf2bc48bb11cf46822c54cf8ec94b4ee9b965166649a19197cb935?s=96&d=mm&r=g\",\"caption\":\"Anna Rubi\u00f3\"},\"url\":\"https:\\\/\\\/fima.ub.edu\\\/noticies\\\/author\\\/anna-rubio\\\/\"}]}<\/script>\n<!-- \/ Yoast SEO plugin. -->","yoast_head_json":{"title":"Publicada una entrevista amb Eugene Garfield al web de la UB - Not\u00edcies de la Facultat d&#039;Informaci\u00f3 i Mitjans Audiovisuals","robots":{"index":"index","follow":"follow","max-snippet":"max-snippet:-1","max-image-preview":"max-image-preview:large","max-video-preview":"max-video-preview:-1"},"canonical":"https:\/\/fima.ub.edu\/noticies\/2016\/09\/10\/publicada-una-entrevista-amb-eugene-garfield-al-web-de-la-ub\/","og_locale":"ca_ES","og_type":"article","og_title":"Publicada una entrevista amb Eugene Garfield al web de la UB - Not\u00edcies de la Facultat d&#039;Informaci\u00f3 i Mitjans Audiovisuals","og_description":"El passat 7 de setembre, la UB va publicar una entrevista amb Eugene Garfield que el 14 de juny passat va ser nomenat doctor honoris causa a inst\u00e0ncies de la nostra Facultat. Garfield no va poder assistir a l\u2019acte per problemes de salut, per\u00f2 va enregistrar el seu discurs en un v\u00eddeo i tamb\u00e9 va contestar unes quantes preguntes per al web de la Universitat de Barcelona que ara han estat publicades.","og_url":"https:\/\/fima.ub.edu\/noticies\/2016\/09\/10\/publicada-una-entrevista-amb-eugene-garfield-al-web-de-la-ub\/","og_site_name":"Not\u00edcies de la Facultat d&#039;Informaci\u00f3 i Mitjans Audiovisuals","article_publisher":"https:\/\/www.facebook.com\/FIMAUB","article_published_time":"2016-09-10T15:21:42+00:00","og_image":[{"width":2560,"height":1707,"url":"https:\/\/fima.ub.edu\/noticies\/wp-content\/uploads\/2016\/06\/IMG_8457-scaled.jpg","type":"image\/jpeg"}],"author":"Anna Rubi\u00f3","twitter_card":"summary_large_image","twitter_creator":"@FIMA_UB","twitter_site":"@FIMA_UB","twitter_misc":{"Escrit per":"Anna Rubi\u00f3"},"schema":{"@context":"https:\/\/schema.org","@graph":[{"@type":"Article","@id":"https:\/\/fima.ub.edu\/noticies\/2016\/09\/10\/publicada-una-entrevista-amb-eugene-garfield-al-web-de-la-ub\/#article","isPartOf":{"@id":"https:\/\/fima.ub.edu\/noticies\/2016\/09\/10\/publicada-una-entrevista-amb-eugene-garfield-al-web-de-la-ub\/"},"author":{"name":"Anna Rubi\u00f3","@id":"https:\/\/fima.ub.edu\/noticies\/#\/schema\/person\/dc378ff0cdb85eb3d02f0b8b668edc45"},"headline":"Publicada una entrevista amb Eugene Garfield al web de la UB","datePublished":"2016-09-10T15:21:42+00:00","mainEntityOfPage":{"@id":"https:\/\/fima.ub.edu\/noticies\/2016\/09\/10\/publicada-una-entrevista-amb-eugene-garfield-al-web-de-la-ub\/"},"wordCount":84,"commentCount":0,"publisher":{"@id":"https:\/\/fima.ub.edu\/noticies\/#organization"},"image":{"@id":"https:\/\/fima.ub.edu\/noticies\/2016\/09\/10\/publicada-una-entrevista-amb-eugene-garfield-al-web-de-la-ub\/#primaryimage"},"thumbnailUrl":"https:\/\/fima.ub.edu\/noticies\/wp-content\/uploads\/2016\/06\/IMG_8457-scaled.jpg","keywords":["doctorat honoris causa","entrevista","Eugene Garfield"],"articleSection":["Activitats"],"inLanguage":"ca","potentialAction":[{"@type":"CommentAction","name":"Comment","target":["https:\/\/fima.ub.edu\/noticies\/2016\/09\/10\/publicada-una-entrevista-amb-eugene-garfield-al-web-de-la-ub\/#respond"]}]},{"@type":"WebPage","@id":"https:\/\/fima.ub.edu\/noticies\/2016\/09\/10\/publicada-una-entrevista-amb-eugene-garfield-al-web-de-la-ub\/","url":"https:\/\/fima.ub.edu\/noticies\/2016\/09\/10\/publicada-una-entrevista-amb-eugene-garfield-al-web-de-la-ub\/","name":"Publicada una entrevista amb Eugene Garfield al web de la UB - Not\u00edcies de la Facultat d&#039;Informaci\u00f3 i Mitjans Audiovisuals","isPartOf":{"@id":"https:\/\/fima.ub.edu\/noticies\/#website"},"primaryImageOfPage":{"@id":"https:\/\/fima.ub.edu\/noticies\/2016\/09\/10\/publicada-una-entrevista-amb-eugene-garfield-al-web-de-la-ub\/#primaryimage"},"image":{"@id":"https:\/\/fima.ub.edu\/noticies\/2016\/09\/10\/publicada-una-entrevista-amb-eugene-garfield-al-web-de-la-ub\/#primaryimage"},"thumbnailUrl":"https:\/\/fima.ub.edu\/noticies\/wp-content\/uploads\/2016\/06\/IMG_8457-scaled.jpg","datePublished":"2016-09-10T15:21:42+00:00","breadcrumb":{"@id":"https:\/\/fima.ub.edu\/noticies\/2016\/09\/10\/publicada-una-entrevista-amb-eugene-garfield-al-web-de-la-ub\/#breadcrumb"},"inLanguage":"ca","potentialAction":[{"@type":"ReadAction","target":["https:\/\/fima.ub.edu\/noticies\/2016\/09\/10\/publicada-una-entrevista-amb-eugene-garfield-al-web-de-la-ub\/"]}]},{"@type":"ImageObject","inLanguage":"ca","@id":"https:\/\/fima.ub.edu\/noticies\/2016\/09\/10\/publicada-una-entrevista-amb-eugene-garfield-al-web-de-la-ub\/#primaryimage","url":"https:\/\/fima.ub.edu\/noticies\/wp-content\/uploads\/2016\/06\/IMG_8457-scaled.jpg","contentUrl":"https:\/\/fima.ub.edu\/noticies\/wp-content\/uploads\/2016\/06\/IMG_8457-scaled.jpg","width":2560,"height":1707},{"@type":"BreadcrumbList","@id":"https:\/\/fima.ub.edu\/noticies\/2016\/09\/10\/publicada-una-entrevista-amb-eugene-garfield-al-web-de-la-ub\/#breadcrumb","itemListElement":[{"@type":"ListItem","position":1,"name":"Inici","item":"https:\/\/fima.ub.edu\/noticies\/"},{"@type":"ListItem","position":2,"name":"Publicada una entrevista amb Eugene Garfield al web de la UB"}]},{"@type":"WebSite","@id":"https:\/\/fima.ub.edu\/noticies\/#website","url":"https:\/\/fima.ub.edu\/noticies\/","name":"Not\u00edcies de la Facultat d&#039;Informaci\u00f3 i Mitjans Audiovisuals","description":"","publisher":{"@id":"https:\/\/fima.ub.edu\/noticies\/#organization"},"potentialAction":[{"@type":"SearchAction","target":{"@type":"EntryPoint","urlTemplate":"https:\/\/fima.ub.edu\/noticies\/?s={search_term_string}"},"query-input":{"@type":"PropertyValueSpecification","valueRequired":true,"valueName":"search_term_string"}}],"inLanguage":"ca"},{"@type":"Organization","@id":"https:\/\/fima.ub.edu\/noticies\/#organization","name":"Not\u00edcies de la Facultat d&#039;Informaci\u00f3 i Mitjans Audiovisuals","url":"https:\/\/fima.ub.edu\/noticies\/","logo":{"@type":"ImageObject","inLanguage":"ca","@id":"https:\/\/fima.ub.edu\/noticies\/#\/schema\/logo\/image\/","url":"https:\/\/fima.ub.edu\/noticies\/wp-content\/uploads\/2023\/09\/cropped-fima_noticies.png","contentUrl":"https:\/\/fima.ub.edu\/noticies\/wp-content\/uploads\/2023\/09\/cropped-fima_noticies.png","width":1009,"height":200,"caption":"Not\u00edcies de la Facultat d&#039;Informaci\u00f3 i Mitjans Audiovisuals"},"image":{"@id":"https:\/\/fima.ub.edu\/noticies\/#\/schema\/logo\/image\/"},"sameAs":["https:\/\/www.facebook.com\/FIMAUB","https:\/\/x.com\/FIMA_UB","https:\/\/www.instagram.com\/fima_ub\/","https:\/\/www.flickr.com\/photos\/fbid_ub\/","https:\/\/www.slideshare.net\/FBDUB","https:\/\/www.youtube.com\/user\/FBiDUB"]},{"@type":"Person","@id":"https:\/\/fima.ub.edu\/noticies\/#\/schema\/person\/dc378ff0cdb85eb3d02f0b8b668edc45","name":"Anna Rubi\u00f3","image":{"@type":"ImageObject","inLanguage":"ca","@id":"https:\/\/secure.gravatar.com\/avatar\/dee6fdca9caf2bc48bb11cf46822c54cf8ec94b4ee9b965166649a19197cb935?s=96&d=mm&r=g","url":"https:\/\/secure.gravatar.com\/avatar\/dee6fdca9caf2bc48bb11cf46822c54cf8ec94b4ee9b965166649a19197cb935?s=96&d=mm&r=g","contentUrl":"https:\/\/secure.gravatar.com\/avatar\/dee6fdca9caf2bc48bb11cf46822c54cf8ec94b4ee9b965166649a19197cb935?s=96&d=mm&r=g","caption":"Anna Rubi\u00f3"},"url":"https:\/\/fima.ub.edu\/noticies\/author\/anna-rubio\/"}]}},"_links":{"self":[{"href":"https:\/\/fima.ub.edu\/noticies\/wp-json\/wp\/v2\/posts\/3000","targetHints":{"allow":["GET"]}}],"collection":[{"href":"https:\/\/fima.ub.edu\/noticies\/wp-json\/wp\/v2\/posts"}],"about":[{"href":"https:\/\/fima.ub.edu\/noticies\/wp-json\/wp\/v2\/types\/post"}],"author":[{"embeddable":true,"href":"https:\/\/fima.ub.edu\/noticies\/wp-json\/wp\/v2\/users\/6"}],"replies":[{"embeddable":true,"href":"https:\/\/fima.ub.edu\/noticies\/wp-json\/wp\/v2\/comments?post=3000"}],"version-history":[{"count":0,"href":"https:\/\/fima.ub.edu\/noticies\/wp-json\/wp\/v2\/posts\/3000\/revisions"}],"wp:featuredmedia":[{"embeddable":true,"href":"https:\/\/fima.ub.edu\/noticies\/wp-json\/wp\/v2\/media\/2936"}],"wp:attachment":[{"href":"https:\/\/fima.ub.edu\/noticies\/wp-json\/wp\/v2\/media?parent=3000"}],"wp:term":[{"taxonomy":"category","embeddable":true,"href":"https:\/\/fima.ub.edu\/noticies\/wp-json\/wp\/v2\/categories?post=3000"},{"taxonomy":"post_tag","embeddable":true,"href":"https:\/\/fima.ub.edu\/noticies\/wp-json\/wp\/v2\/tags?post=3000"},{"taxonomy":"vocabulary_5","embeddable":true,"href":"https:\/\/fima.ub.edu\/noticies\/wp-json\/wp\/v2\/vocabulary_5?post=3000"}],"curies":[{"name":"wp","href":"https:\/\/api.w.org\/{rel}","templated":true}]}}