{"id":3217,"date":"2017-01-20T17:39:29","date_gmt":"2017-01-20T15:39:29","guid":{"rendered":"https:\/\/fima.ub.edu\/noticies\/2017\/01\/20\/acte-dinauguracio-del-doctoratdestudis-de-genere-que-coordina-anna-villarroya-24-de-gener\/"},"modified":"2017-01-20T17:39:29","modified_gmt":"2017-01-20T15:39:29","slug":"acte-dinauguracio-del-doctoratdestudis-de-genere-que-coordina-anna-villarroya-24-de-gener","status":"publish","type":"post","link":"https:\/\/fima.ub.edu\/noticies\/2017\/01\/20\/acte-dinauguracio-del-doctoratdestudis-de-genere-que-coordina-anna-villarroya-24-de-gener\/","title":{"rendered":"Acte d&#8217;inauguraci\u00f3 del doctorat d&#8217;Estudis de G\u00e8nere que coordina Anna Villarroya (24 de gener)"},"content":{"rendered":"<\/p>\n<p>&nbsp;<\/p>\n<p>La professora Anna Villarroya coordina el <a href=\"http:\/\/www.ub.edu\/escola_doctorat\/ca\/ofertaformativa\/oferta-programes-doctorat-rd992011\" target=\"_blank\" rel=\"noopener\">Doctorat Interuniversitari d&#8217;Estudis de G\u00e8nere: Cultures, Societats i Pol\u00edtiques<\/a> impulsat per l&#8217;Institut Interuniversitari d&#8217;Estudis de Dones i G\u00e8nere (iiEDG) on, a m\u00e9s de la UB, intervenen la UAB, la UdG, la UVIC i la URV. El proper dimarts, 24 de gener, a les 18 h, se n\u2019inaugura oficialment la segona edici\u00f3 amb la taula rodona <a href=\"https:\/\/www.iiedg.org\/ca\/noticies\/24-i-2017-inauguracio-de-la-segona-edicio-del-doctorat-interuniversitari-en-estudis-de-genere-cultures-societat-i-politiques\" target=\"_blank\" rel=\"noopener\">Reptes de la recerca feminista. Els treballs de cura. Cura i drets<\/a>.<\/p>\n<p><!--break--><\/p>\n","protected":false},"excerpt":{"rendered":"<p>&nbsp; La professora Anna Villarroya coordina el Doctorat Interuniversitari d&#8217;Estudis de G\u00e8nere: Cultures, Societats i Pol\u00edtiques impulsat per l&#8217;Institut Interuniversitari d&#8217;Estudis de Dones i G\u00e8nere (iiEDG) on, a m\u00e9s de la UB, intervenen la UAB, la UdG, la UVIC i la URV. El proper dimarts, 24 de gener, a les 18 h, se n\u2019inaugura oficialment la segona edici\u00f3 amb la taula rodona Reptes de la recerca feminista. Els treballs de cura. Cura i drets.<\/p>\n","protected":false},"author":6,"featured_media":107,"comment_status":"open","ping_status":"open","sticky":false,"template":"","format":"standard","meta":{"_acf_changed":false,"footnotes":""},"categories":[8],"tags":[192,49,196],"vocabulary_5":[],"class_list":["post-3217","post","type-post","status-publish","format-standard","has-post-thumbnail","hentry","category-campus","tag-anna-villarroya","tag-doctorat","tag-genere"],"acf":[],"yoast_head":"<!-- This site is optimized with the Yoast SEO plugin v27.2 - https:\/\/yoast.com\/product\/yoast-seo-wordpress\/ -->\n<title>Acte d&#039;inauguraci\u00f3 del doctorat d&#039;Estudis de G\u00e8nere que coordina Anna Villarroya (24 de gener) - Not\u00edcies de la Facultat d&#039;Informaci\u00f3 i Mitjans Audiovisuals<\/title>\n<meta name=\"robots\" content=\"index, follow, max-snippet:-1, max-image-preview:large, max-video-preview:-1\" \/>\n<link rel=\"canonical\" href=\"https:\/\/fima.ub.edu\/noticies\/2017\/01\/20\/acte-dinauguracio-del-doctoratdestudis-de-genere-que-coordina-anna-villarroya-24-de-gener\/\" \/>\n<meta property=\"og:locale\" content=\"ca_ES\" \/>\n<meta property=\"og:type\" content=\"article\" \/>\n<meta property=\"og:title\" content=\"Acte d&#039;inauguraci\u00f3 del doctorat d&#039;Estudis de G\u00e8nere que coordina Anna Villarroya (24 de gener) - Not\u00edcies de la Facultat d&#039;Informaci\u00f3 i Mitjans Audiovisuals\" \/>\n<meta property=\"og:description\" content=\"&nbsp; La professora Anna Villarroya coordina el Doctorat Interuniversitari d&#8217;Estudis de G\u00e8nere: Cultures, Societats i Pol\u00edtiques impulsat per l&#8217;Institut Interuniversitari d&#8217;Estudis de Dones i G\u00e8nere (iiEDG) on, a m\u00e9s de la UB, intervenen la UAB, la UdG, la UVIC i la URV. El proper dimarts, 24 de gener, a les 18 h, se n\u2019inaugura oficialment la segona edici\u00f3 amb la taula rodona Reptes de la recerca feminista. Els treballs de cura. Cura i drets.\" \/>\n<meta property=\"og:url\" content=\"https:\/\/fima.ub.edu\/noticies\/2017\/01\/20\/acte-dinauguracio-del-doctoratdestudis-de-genere-que-coordina-anna-villarroya-24-de-gener\/\" \/>\n<meta property=\"og:site_name\" content=\"Not\u00edcies de la Facultat d&#039;Informaci\u00f3 i Mitjans Audiovisuals\" \/>\n<meta property=\"article:publisher\" content=\"https:\/\/www.facebook.com\/FIMAUB\" \/>\n<meta property=\"article:published_time\" content=\"2017-01-20T15:39:29+00:00\" \/>\n<meta property=\"og:image\" content=\"https:\/\/fima.ub.edu\/noticies\/wp-content\/uploads\/2012\/03\/Villaroya_Anna.JPG\" \/>\n\t<meta property=\"og:image:width\" content=\"235\" \/>\n\t<meta property=\"og:image:height\" content=\"272\" \/>\n\t<meta property=\"og:image:type\" content=\"image\/jpeg\" \/>\n<meta name=\"author\" content=\"Anna Rubi\u00f3\" \/>\n<meta name=\"twitter:card\" content=\"summary_large_image\" \/>\n<meta name=\"twitter:creator\" content=\"@FIMA_UB\" \/>\n<meta name=\"twitter:site\" content=\"@FIMA_UB\" \/>\n<meta name=\"twitter:label1\" content=\"Escrit per\" \/>\n\t<meta name=\"twitter:data1\" content=\"Anna Rubi\u00f3\" \/>\n<script type=\"application\/ld+json\" class=\"yoast-schema-graph\">{\"@context\":\"https:\/\/schema.org\",\"@graph\":[{\"@type\":\"Article\",\"@id\":\"https:\/\/fima.ub.edu\/noticies\/2017\/01\/20\/acte-dinauguracio-del-doctoratdestudis-de-genere-que-coordina-anna-villarroya-24-de-gener\/#article\",\"isPartOf\":{\"@id\":\"https:\/\/fima.ub.edu\/noticies\/2017\/01\/20\/acte-dinauguracio-del-doctoratdestudis-de-genere-que-coordina-anna-villarroya-24-de-gener\/\"},\"author\":{\"name\":\"Anna Rubi\u00f3\",\"@id\":\"https:\/\/fima.ub.edu\/noticies\/#\/schema\/person\/dc378ff0cdb85eb3d02f0b8b668edc45\"},\"headline\":\"Acte d&#8217;inauguraci\u00f3 del doctorat d&#8217;Estudis de G\u00e8nere que coordina Anna Villarroya (24 de gener)\",\"datePublished\":\"2017-01-20T15:39:29+00:00\",\"mainEntityOfPage\":{\"@id\":\"https:\/\/fima.ub.edu\/noticies\/2017\/01\/20\/acte-dinauguracio-del-doctoratdestudis-de-genere-que-coordina-anna-villarroya-24-de-gener\/\"},\"wordCount\":96,\"commentCount\":0,\"publisher\":{\"@id\":\"https:\/\/fima.ub.edu\/noticies\/#organization\"},\"image\":{\"@id\":\"https:\/\/fima.ub.edu\/noticies\/2017\/01\/20\/acte-dinauguracio-del-doctoratdestudis-de-genere-que-coordina-anna-villarroya-24-de-gener\/#primaryimage\"},\"thumbnailUrl\":\"https:\/\/fima.ub.edu\/noticies\/wp-content\/uploads\/2012\/03\/Villaroya_Anna.JPG\",\"keywords\":[\"Anna Villarroya\",\"doctorat\",\"g\u00e8nere\"],\"articleSection\":[\"Campus\"],\"inLanguage\":\"ca\",\"potentialAction\":[{\"@type\":\"CommentAction\",\"name\":\"Comment\",\"target\":[\"https:\/\/fima.ub.edu\/noticies\/2017\/01\/20\/acte-dinauguracio-del-doctoratdestudis-de-genere-que-coordina-anna-villarroya-24-de-gener\/#respond\"]}]},{\"@type\":\"WebPage\",\"@id\":\"https:\/\/fima.ub.edu\/noticies\/2017\/01\/20\/acte-dinauguracio-del-doctoratdestudis-de-genere-que-coordina-anna-villarroya-24-de-gener\/\",\"url\":\"https:\/\/fima.ub.edu\/noticies\/2017\/01\/20\/acte-dinauguracio-del-doctoratdestudis-de-genere-que-coordina-anna-villarroya-24-de-gener\/\",\"name\":\"Acte d'inauguraci\u00f3 del doctorat d'Estudis de G\u00e8nere que coordina Anna Villarroya (24 de gener) - Not\u00edcies de la Facultat d&#039;Informaci\u00f3 i Mitjans Audiovisuals\",\"isPartOf\":{\"@id\":\"https:\/\/fima.ub.edu\/noticies\/#website\"},\"primaryImageOfPage\":{\"@id\":\"https:\/\/fima.ub.edu\/noticies\/2017\/01\/20\/acte-dinauguracio-del-doctoratdestudis-de-genere-que-coordina-anna-villarroya-24-de-gener\/#primaryimage\"},\"image\":{\"@id\":\"https:\/\/fima.ub.edu\/noticies\/2017\/01\/20\/acte-dinauguracio-del-doctoratdestudis-de-genere-que-coordina-anna-villarroya-24-de-gener\/#primaryimage\"},\"thumbnailUrl\":\"https:\/\/fima.ub.edu\/noticies\/wp-content\/uploads\/2012\/03\/Villaroya_Anna.JPG\",\"datePublished\":\"2017-01-20T15:39:29+00:00\",\"breadcrumb\":{\"@id\":\"https:\/\/fima.ub.edu\/noticies\/2017\/01\/20\/acte-dinauguracio-del-doctoratdestudis-de-genere-que-coordina-anna-villarroya-24-de-gener\/#breadcrumb\"},\"inLanguage\":\"ca\",\"potentialAction\":[{\"@type\":\"ReadAction\",\"target\":[\"https:\/\/fima.ub.edu\/noticies\/2017\/01\/20\/acte-dinauguracio-del-doctoratdestudis-de-genere-que-coordina-anna-villarroya-24-de-gener\/\"]}]},{\"@type\":\"ImageObject\",\"inLanguage\":\"ca\",\"@id\":\"https:\/\/fima.ub.edu\/noticies\/2017\/01\/20\/acte-dinauguracio-del-doctoratdestudis-de-genere-que-coordina-anna-villarroya-24-de-gener\/#primaryimage\",\"url\":\"https:\/\/fima.ub.edu\/noticies\/wp-content\/uploads\/2012\/03\/Villaroya_Anna.JPG\",\"contentUrl\":\"https:\/\/fima.ub.edu\/noticies\/wp-content\/uploads\/2012\/03\/Villaroya_Anna.JPG\",\"width\":235,\"height\":272},{\"@type\":\"BreadcrumbList\",\"@id\":\"https:\/\/fima.ub.edu\/noticies\/2017\/01\/20\/acte-dinauguracio-del-doctoratdestudis-de-genere-que-coordina-anna-villarroya-24-de-gener\/#breadcrumb\",\"itemListElement\":[{\"@type\":\"ListItem\",\"position\":1,\"name\":\"Inici\",\"item\":\"https:\/\/fima.ub.edu\/noticies\/\"},{\"@type\":\"ListItem\",\"position\":2,\"name\":\"Acte d&#8217;inauguraci\u00f3 del doctorat d&#8217;Estudis de G\u00e8nere que coordina Anna Villarroya (24 de gener)\"}]},{\"@type\":\"WebSite\",\"@id\":\"https:\/\/fima.ub.edu\/noticies\/#website\",\"url\":\"https:\/\/fima.ub.edu\/noticies\/\",\"name\":\"Not\u00edcies de la Facultat d&#039;Informaci\u00f3 i Mitjans Audiovisuals\",\"description\":\"\",\"publisher\":{\"@id\":\"https:\/\/fima.ub.edu\/noticies\/#organization\"},\"potentialAction\":[{\"@type\":\"SearchAction\",\"target\":{\"@type\":\"EntryPoint\",\"urlTemplate\":\"https:\/\/fima.ub.edu\/noticies\/?s={search_term_string}\"},\"query-input\":{\"@type\":\"PropertyValueSpecification\",\"valueRequired\":true,\"valueName\":\"search_term_string\"}}],\"inLanguage\":\"ca\"},{\"@type\":\"Organization\",\"@id\":\"https:\/\/fima.ub.edu\/noticies\/#organization\",\"name\":\"Not\u00edcies de la Facultat d&#039;Informaci\u00f3 i Mitjans Audiovisuals\",\"url\":\"https:\/\/fima.ub.edu\/noticies\/\",\"logo\":{\"@type\":\"ImageObject\",\"inLanguage\":\"ca\",\"@id\":\"https:\/\/fima.ub.edu\/noticies\/#\/schema\/logo\/image\/\",\"url\":\"https:\/\/fima.ub.edu\/noticies\/wp-content\/uploads\/2023\/09\/cropped-fima_noticies.png\",\"contentUrl\":\"https:\/\/fima.ub.edu\/noticies\/wp-content\/uploads\/2023\/09\/cropped-fima_noticies.png\",\"width\":1009,\"height\":200,\"caption\":\"Not\u00edcies de la Facultat d&#039;Informaci\u00f3 i Mitjans Audiovisuals\"},\"image\":{\"@id\":\"https:\/\/fima.ub.edu\/noticies\/#\/schema\/logo\/image\/\"},\"sameAs\":[\"https:\/\/www.facebook.com\/FIMAUB\",\"https:\/\/x.com\/FIMA_UB\",\"https:\/\/www.instagram.com\/fima_ub\/\",\"https:\/\/www.flickr.com\/photos\/fbid_ub\/\",\"https:\/\/www.slideshare.net\/FBDUB\",\"https:\/\/www.youtube.com\/user\/FBiDUB\"]},{\"@type\":\"Person\",\"@id\":\"https:\/\/fima.ub.edu\/noticies\/#\/schema\/person\/dc378ff0cdb85eb3d02f0b8b668edc45\",\"name\":\"Anna Rubi\u00f3\",\"image\":{\"@type\":\"ImageObject\",\"inLanguage\":\"ca\",\"@id\":\"https:\/\/secure.gravatar.com\/avatar\/dee6fdca9caf2bc48bb11cf46822c54cf8ec94b4ee9b965166649a19197cb935?s=96&d=mm&r=g\",\"url\":\"https:\/\/secure.gravatar.com\/avatar\/dee6fdca9caf2bc48bb11cf46822c54cf8ec94b4ee9b965166649a19197cb935?s=96&d=mm&r=g\",\"contentUrl\":\"https:\/\/secure.gravatar.com\/avatar\/dee6fdca9caf2bc48bb11cf46822c54cf8ec94b4ee9b965166649a19197cb935?s=96&d=mm&r=g\",\"caption\":\"Anna Rubi\u00f3\"},\"url\":\"https:\/\/fima.ub.edu\/noticies\/author\/anna-rubio\/\"}]}<\/script>\n<!-- \/ Yoast SEO plugin. -->","yoast_head_json":{"title":"Acte d'inauguraci\u00f3 del doctorat d'Estudis de G\u00e8nere que coordina Anna Villarroya (24 de gener) - Not\u00edcies de la Facultat d&#039;Informaci\u00f3 i Mitjans Audiovisuals","robots":{"index":"index","follow":"follow","max-snippet":"max-snippet:-1","max-image-preview":"max-image-preview:large","max-video-preview":"max-video-preview:-1"},"canonical":"https:\/\/fima.ub.edu\/noticies\/2017\/01\/20\/acte-dinauguracio-del-doctoratdestudis-de-genere-que-coordina-anna-villarroya-24-de-gener\/","og_locale":"ca_ES","og_type":"article","og_title":"Acte d'inauguraci\u00f3 del doctorat d'Estudis de G\u00e8nere que coordina Anna Villarroya (24 de gener) - Not\u00edcies de la Facultat d&#039;Informaci\u00f3 i Mitjans Audiovisuals","og_description":"&nbsp; La professora Anna Villarroya coordina el Doctorat Interuniversitari d&#8217;Estudis de G\u00e8nere: Cultures, Societats i Pol\u00edtiques impulsat per l&#8217;Institut Interuniversitari d&#8217;Estudis de Dones i G\u00e8nere (iiEDG) on, a m\u00e9s de la UB, intervenen la UAB, la UdG, la UVIC i la URV. El proper dimarts, 24 de gener, a les 18 h, se n\u2019inaugura oficialment la segona edici\u00f3 amb la taula rodona Reptes de la recerca feminista. Els treballs de cura. Cura i drets.","og_url":"https:\/\/fima.ub.edu\/noticies\/2017\/01\/20\/acte-dinauguracio-del-doctoratdestudis-de-genere-que-coordina-anna-villarroya-24-de-gener\/","og_site_name":"Not\u00edcies de la Facultat d&#039;Informaci\u00f3 i Mitjans Audiovisuals","article_publisher":"https:\/\/www.facebook.com\/FIMAUB","article_published_time":"2017-01-20T15:39:29+00:00","og_image":[{"width":235,"height":272,"url":"https:\/\/fima.ub.edu\/noticies\/wp-content\/uploads\/2012\/03\/Villaroya_Anna.JPG","type":"image\/jpeg"}],"author":"Anna Rubi\u00f3","twitter_card":"summary_large_image","twitter_creator":"@FIMA_UB","twitter_site":"@FIMA_UB","twitter_misc":{"Escrit per":"Anna Rubi\u00f3"},"schema":{"@context":"https:\/\/schema.org","@graph":[{"@type":"Article","@id":"https:\/\/fima.ub.edu\/noticies\/2017\/01\/20\/acte-dinauguracio-del-doctoratdestudis-de-genere-que-coordina-anna-villarroya-24-de-gener\/#article","isPartOf":{"@id":"https:\/\/fima.ub.edu\/noticies\/2017\/01\/20\/acte-dinauguracio-del-doctoratdestudis-de-genere-que-coordina-anna-villarroya-24-de-gener\/"},"author":{"name":"Anna Rubi\u00f3","@id":"https:\/\/fima.ub.edu\/noticies\/#\/schema\/person\/dc378ff0cdb85eb3d02f0b8b668edc45"},"headline":"Acte d&#8217;inauguraci\u00f3 del doctorat d&#8217;Estudis de G\u00e8nere que coordina Anna Villarroya (24 de gener)","datePublished":"2017-01-20T15:39:29+00:00","mainEntityOfPage":{"@id":"https:\/\/fima.ub.edu\/noticies\/2017\/01\/20\/acte-dinauguracio-del-doctoratdestudis-de-genere-que-coordina-anna-villarroya-24-de-gener\/"},"wordCount":96,"commentCount":0,"publisher":{"@id":"https:\/\/fima.ub.edu\/noticies\/#organization"},"image":{"@id":"https:\/\/fima.ub.edu\/noticies\/2017\/01\/20\/acte-dinauguracio-del-doctoratdestudis-de-genere-que-coordina-anna-villarroya-24-de-gener\/#primaryimage"},"thumbnailUrl":"https:\/\/fima.ub.edu\/noticies\/wp-content\/uploads\/2012\/03\/Villaroya_Anna.JPG","keywords":["Anna Villarroya","doctorat","g\u00e8nere"],"articleSection":["Campus"],"inLanguage":"ca","potentialAction":[{"@type":"CommentAction","name":"Comment","target":["https:\/\/fima.ub.edu\/noticies\/2017\/01\/20\/acte-dinauguracio-del-doctoratdestudis-de-genere-que-coordina-anna-villarroya-24-de-gener\/#respond"]}]},{"@type":"WebPage","@id":"https:\/\/fima.ub.edu\/noticies\/2017\/01\/20\/acte-dinauguracio-del-doctoratdestudis-de-genere-que-coordina-anna-villarroya-24-de-gener\/","url":"https:\/\/fima.ub.edu\/noticies\/2017\/01\/20\/acte-dinauguracio-del-doctoratdestudis-de-genere-que-coordina-anna-villarroya-24-de-gener\/","name":"Acte d'inauguraci\u00f3 del doctorat d'Estudis de G\u00e8nere que coordina Anna Villarroya (24 de gener) - Not\u00edcies de la Facultat d&#039;Informaci\u00f3 i Mitjans Audiovisuals","isPartOf":{"@id":"https:\/\/fima.ub.edu\/noticies\/#website"},"primaryImageOfPage":{"@id":"https:\/\/fima.ub.edu\/noticies\/2017\/01\/20\/acte-dinauguracio-del-doctoratdestudis-de-genere-que-coordina-anna-villarroya-24-de-gener\/#primaryimage"},"image":{"@id":"https:\/\/fima.ub.edu\/noticies\/2017\/01\/20\/acte-dinauguracio-del-doctoratdestudis-de-genere-que-coordina-anna-villarroya-24-de-gener\/#primaryimage"},"thumbnailUrl":"https:\/\/fima.ub.edu\/noticies\/wp-content\/uploads\/2012\/03\/Villaroya_Anna.JPG","datePublished":"2017-01-20T15:39:29+00:00","breadcrumb":{"@id":"https:\/\/fima.ub.edu\/noticies\/2017\/01\/20\/acte-dinauguracio-del-doctoratdestudis-de-genere-que-coordina-anna-villarroya-24-de-gener\/#breadcrumb"},"inLanguage":"ca","potentialAction":[{"@type":"ReadAction","target":["https:\/\/fima.ub.edu\/noticies\/2017\/01\/20\/acte-dinauguracio-del-doctoratdestudis-de-genere-que-coordina-anna-villarroya-24-de-gener\/"]}]},{"@type":"ImageObject","inLanguage":"ca","@id":"https:\/\/fima.ub.edu\/noticies\/2017\/01\/20\/acte-dinauguracio-del-doctoratdestudis-de-genere-que-coordina-anna-villarroya-24-de-gener\/#primaryimage","url":"https:\/\/fima.ub.edu\/noticies\/wp-content\/uploads\/2012\/03\/Villaroya_Anna.JPG","contentUrl":"https:\/\/fima.ub.edu\/noticies\/wp-content\/uploads\/2012\/03\/Villaroya_Anna.JPG","width":235,"height":272},{"@type":"BreadcrumbList","@id":"https:\/\/fima.ub.edu\/noticies\/2017\/01\/20\/acte-dinauguracio-del-doctoratdestudis-de-genere-que-coordina-anna-villarroya-24-de-gener\/#breadcrumb","itemListElement":[{"@type":"ListItem","position":1,"name":"Inici","item":"https:\/\/fima.ub.edu\/noticies\/"},{"@type":"ListItem","position":2,"name":"Acte d&#8217;inauguraci\u00f3 del doctorat d&#8217;Estudis de G\u00e8nere que coordina Anna Villarroya (24 de gener)"}]},{"@type":"WebSite","@id":"https:\/\/fima.ub.edu\/noticies\/#website","url":"https:\/\/fima.ub.edu\/noticies\/","name":"Not\u00edcies de la Facultat d&#039;Informaci\u00f3 i Mitjans Audiovisuals","description":"","publisher":{"@id":"https:\/\/fima.ub.edu\/noticies\/#organization"},"potentialAction":[{"@type":"SearchAction","target":{"@type":"EntryPoint","urlTemplate":"https:\/\/fima.ub.edu\/noticies\/?s={search_term_string}"},"query-input":{"@type":"PropertyValueSpecification","valueRequired":true,"valueName":"search_term_string"}}],"inLanguage":"ca"},{"@type":"Organization","@id":"https:\/\/fima.ub.edu\/noticies\/#organization","name":"Not\u00edcies de la Facultat d&#039;Informaci\u00f3 i Mitjans Audiovisuals","url":"https:\/\/fima.ub.edu\/noticies\/","logo":{"@type":"ImageObject","inLanguage":"ca","@id":"https:\/\/fima.ub.edu\/noticies\/#\/schema\/logo\/image\/","url":"https:\/\/fima.ub.edu\/noticies\/wp-content\/uploads\/2023\/09\/cropped-fima_noticies.png","contentUrl":"https:\/\/fima.ub.edu\/noticies\/wp-content\/uploads\/2023\/09\/cropped-fima_noticies.png","width":1009,"height":200,"caption":"Not\u00edcies de la Facultat d&#039;Informaci\u00f3 i Mitjans Audiovisuals"},"image":{"@id":"https:\/\/fima.ub.edu\/noticies\/#\/schema\/logo\/image\/"},"sameAs":["https:\/\/www.facebook.com\/FIMAUB","https:\/\/x.com\/FIMA_UB","https:\/\/www.instagram.com\/fima_ub\/","https:\/\/www.flickr.com\/photos\/fbid_ub\/","https:\/\/www.slideshare.net\/FBDUB","https:\/\/www.youtube.com\/user\/FBiDUB"]},{"@type":"Person","@id":"https:\/\/fima.ub.edu\/noticies\/#\/schema\/person\/dc378ff0cdb85eb3d02f0b8b668edc45","name":"Anna Rubi\u00f3","image":{"@type":"ImageObject","inLanguage":"ca","@id":"https:\/\/secure.gravatar.com\/avatar\/dee6fdca9caf2bc48bb11cf46822c54cf8ec94b4ee9b965166649a19197cb935?s=96&d=mm&r=g","url":"https:\/\/secure.gravatar.com\/avatar\/dee6fdca9caf2bc48bb11cf46822c54cf8ec94b4ee9b965166649a19197cb935?s=96&d=mm&r=g","contentUrl":"https:\/\/secure.gravatar.com\/avatar\/dee6fdca9caf2bc48bb11cf46822c54cf8ec94b4ee9b965166649a19197cb935?s=96&d=mm&r=g","caption":"Anna Rubi\u00f3"},"url":"https:\/\/fima.ub.edu\/noticies\/author\/anna-rubio\/"}]}},"_links":{"self":[{"href":"https:\/\/fima.ub.edu\/noticies\/wp-json\/wp\/v2\/posts\/3217","targetHints":{"allow":["GET"]}}],"collection":[{"href":"https:\/\/fima.ub.edu\/noticies\/wp-json\/wp\/v2\/posts"}],"about":[{"href":"https:\/\/fima.ub.edu\/noticies\/wp-json\/wp\/v2\/types\/post"}],"author":[{"embeddable":true,"href":"https:\/\/fima.ub.edu\/noticies\/wp-json\/wp\/v2\/users\/6"}],"replies":[{"embeddable":true,"href":"https:\/\/fima.ub.edu\/noticies\/wp-json\/wp\/v2\/comments?post=3217"}],"version-history":[{"count":0,"href":"https:\/\/fima.ub.edu\/noticies\/wp-json\/wp\/v2\/posts\/3217\/revisions"}],"wp:featuredmedia":[{"embeddable":true,"href":"https:\/\/fima.ub.edu\/noticies\/wp-json\/wp\/v2\/media\/107"}],"wp:attachment":[{"href":"https:\/\/fima.ub.edu\/noticies\/wp-json\/wp\/v2\/media?parent=3217"}],"wp:term":[{"taxonomy":"category","embeddable":true,"href":"https:\/\/fima.ub.edu\/noticies\/wp-json\/wp\/v2\/categories?post=3217"},{"taxonomy":"post_tag","embeddable":true,"href":"https:\/\/fima.ub.edu\/noticies\/wp-json\/wp\/v2\/tags?post=3217"},{"taxonomy":"vocabulary_5","embeddable":true,"href":"https:\/\/fima.ub.edu\/noticies\/wp-json\/wp\/v2\/vocabulary_5?post=3217"}],"curies":[{"name":"wp","href":"https:\/\/api.w.org\/{rel}","templated":true}]}}