{"id":3307,"date":"2017-03-20T18:33:55","date_gmt":"2017-03-20T16:33:55","guid":{"rendered":"https:\/\/fima.ub.edu\/noticies\/2017\/03\/20\/grup-de-conversa-en-angles-al-campus-de-sants-encara-hi-sou-temps-1\/"},"modified":"2017-03-20T18:33:55","modified_gmt":"2017-03-20T16:33:55","slug":"grup-de-conversa-en-angles-al-campus-de-sants-encara-hi-sou-temps-1","status":"publish","type":"post","link":"https:\/\/fima.ub.edu\/noticies\/2017\/03\/20\/grup-de-conversa-en-angles-al-campus-de-sants-encara-hi-sou-temps-1\/","title":{"rendered":"Grup de conversa en angl\u00e8s al Campus de Sants: encara hi sou a temps!"},"content":{"rendered":"<p>Hi ha noves places disponibles als grups de conversa d\u2019angl\u00e8s que es reuneixen els dimarts al Centre d\u2019Autoaprenentatge de Lleng\u00fces que hi ha a la Facultat. El grup del nivell B2 ho fa de 14.30 a 15.30 h i el de nivell C1\/C2 de 15.30 a 16.30 h. Si voleu aprofitar el que queda de semestre, podeu apuntar-vos-hi a trav\u00e9s del Campus Virtual a: <a href=\"http:\/\/www.ub.edu\/sl\/caluniversitat\">http:\/\/www.ub.edu\/sl\/caluniversitat<\/a>. La inscripci\u00f3 \u00e9s gratu\u00efta i nom\u00e9s cal ser estudiant de la UB. Tamb\u00e9 queden places per a grups d\u2019altres nivells i horaris que s\u2019ofereixen en altres campus: Edifici Hist\u00f2ric, Geografia i Hist\u00f2ria, Medicina-Cl\u00ednic, Bellvitge i Mundet.<\/p>\n<p><!--break--><\/p>\n","protected":false},"excerpt":{"rendered":"<p>Hi ha noves places disponibles als grups de conversa d\u2019angl\u00e8s que es reuneixen els dimarts al Centre d\u2019Autoaprenentatge de Lleng\u00fces que hi ha a la Facultat. El grup del nivell B2 ho fa de 14.30 a 15.30 h i el de nivell C1\/C2 de 15.30 a 16.30 h. Si voleu aprofitar el que queda de semestre, podeu apuntar-vos-hi a trav\u00e9s del Campus Virtual a: http:\/\/www.ub.edu\/sl\/caluniversitat. La inscripci\u00f3 \u00e9s gratu\u00efta i nom\u00e9s cal ser estudiant de la UB. Tamb\u00e9 queden places per a grups d\u2019altres nivells i horaris que s\u2019ofereixen en altres campus: Edifici Hist\u00f2ric, Geografia i Hist\u00f2ria, Medicina-Cl\u00ednic, Bellvitge i Mundet.<\/p>\n","protected":false},"author":6,"featured_media":3264,"comment_status":"open","ping_status":"open","sticky":false,"template":"","format":"standard","meta":{"_acf_changed":false,"footnotes":""},"categories":[9],"tags":[132,1677,91,1678],"vocabulary_5":[],"class_list":["post-3307","post","type-post","status-publish","format-standard","has-post-thumbnail","hentry","category-de-re-linguae","tag-angles","tag-cal","tag-estudiants","tag-grups-de-conversa"],"acf":[],"yoast_head":"<!-- This site is optimized with the Yoast SEO plugin v27.5 - https:\/\/yoast.com\/product\/yoast-seo-wordpress\/ -->\n<title>Grup de conversa en angl\u00e8s al Campus de Sants: encara hi sou a temps! - Not\u00edcies de la Facultat d&#039;Informaci\u00f3 i Mitjans Audiovisuals<\/title>\n<meta name=\"robots\" content=\"index, follow, max-snippet:-1, max-image-preview:large, max-video-preview:-1\" \/>\n<link rel=\"canonical\" href=\"https:\/\/fima.ub.edu\/noticies\/2017\/03\/20\/grup-de-conversa-en-angles-al-campus-de-sants-encara-hi-sou-temps-1\/\" \/>\n<meta property=\"og:locale\" content=\"ca_ES\" \/>\n<meta property=\"og:type\" content=\"article\" \/>\n<meta property=\"og:title\" content=\"Grup de conversa en angl\u00e8s al Campus de Sants: encara hi sou a temps! - Not\u00edcies de la Facultat d&#039;Informaci\u00f3 i Mitjans Audiovisuals\" \/>\n<meta property=\"og:description\" content=\"Hi ha noves places disponibles als grups de conversa d\u2019angl\u00e8s que es reuneixen els dimarts al Centre d\u2019Autoaprenentatge de Lleng\u00fces que hi ha a la Facultat. El grup del nivell B2 ho fa de 14.30 a 15.30 h i el de nivell C1\/C2 de 15.30 a 16.30 h. Si voleu aprofitar el que queda de semestre, podeu apuntar-vos-hi a trav\u00e9s del Campus Virtual a: http:\/\/www.ub.edu\/sl\/caluniversitat. La inscripci\u00f3 \u00e9s gratu\u00efta i nom\u00e9s cal ser estudiant de la UB. Tamb\u00e9 queden places per a grups d\u2019altres nivells i horaris que s\u2019ofereixen en altres campus: Edifici Hist\u00f2ric, Geografia i Hist\u00f2ria, Medicina-Cl\u00ednic, Bellvitge i Mundet.\" \/>\n<meta property=\"og:url\" content=\"https:\/\/fima.ub.edu\/noticies\/2017\/03\/20\/grup-de-conversa-en-angles-al-campus-de-sants-encara-hi-sou-temps-1\/\" \/>\n<meta property=\"og:site_name\" content=\"Not\u00edcies de la Facultat d&#039;Informaci\u00f3 i Mitjans Audiovisuals\" \/>\n<meta property=\"article:publisher\" content=\"https:\/\/www.facebook.com\/FIMAUB\" \/>\n<meta property=\"article:published_time\" content=\"2017-03-20T16:33:55+00:00\" \/>\n<meta property=\"og:image\" content=\"https:\/\/fima.ub.edu\/noticies\/wp-content\/uploads\/2017\/02\/grups-conversa-dangles-1024x576.png\" \/>\n\t<meta property=\"og:image:width\" content=\"1024\" \/>\n\t<meta property=\"og:image:height\" content=\"576\" \/>\n\t<meta property=\"og:image:type\" content=\"image\/png\" \/>\n<meta name=\"author\" content=\"Anna Rubi\u00f3\" \/>\n<meta name=\"twitter:card\" content=\"summary_large_image\" \/>\n<meta name=\"twitter:creator\" content=\"@FIMA_UB\" \/>\n<meta name=\"twitter:site\" content=\"@FIMA_UB\" \/>\n<meta name=\"twitter:label1\" content=\"Escrit per\" \/>\n\t<meta name=\"twitter:data1\" content=\"Anna Rubi\u00f3\" \/>\n\t<meta name=\"twitter:label2\" content=\"Temps estimat de lectura\" \/>\n\t<meta name=\"twitter:data2\" content=\"1 minut\" \/>\n<script type=\"application\/ld+json\" class=\"yoast-schema-graph\">{\"@context\":\"https:\\\/\\\/schema.org\",\"@graph\":[{\"@type\":\"Article\",\"@id\":\"https:\\\/\\\/fima.ub.edu\\\/noticies\\\/2017\\\/03\\\/20\\\/grup-de-conversa-en-angles-al-campus-de-sants-encara-hi-sou-temps-1\\\/#article\",\"isPartOf\":{\"@id\":\"https:\\\/\\\/fima.ub.edu\\\/noticies\\\/2017\\\/03\\\/20\\\/grup-de-conversa-en-angles-al-campus-de-sants-encara-hi-sou-temps-1\\\/\"},\"author\":{\"name\":\"Anna Rubi\u00f3\",\"@id\":\"https:\\\/\\\/fima.ub.edu\\\/noticies\\\/#\\\/schema\\\/person\\\/dc378ff0cdb85eb3d02f0b8b668edc45\"},\"headline\":\"Grup de conversa en angl\u00e8s al Campus de Sants: encara hi sou a temps!\",\"datePublished\":\"2017-03-20T16:33:55+00:00\",\"mainEntityOfPage\":{\"@id\":\"https:\\\/\\\/fima.ub.edu\\\/noticies\\\/2017\\\/03\\\/20\\\/grup-de-conversa-en-angles-al-campus-de-sants-encara-hi-sou-temps-1\\\/\"},\"wordCount\":130,\"commentCount\":0,\"publisher\":{\"@id\":\"https:\\\/\\\/fima.ub.edu\\\/noticies\\\/#organization\"},\"image\":{\"@id\":\"https:\\\/\\\/fima.ub.edu\\\/noticies\\\/2017\\\/03\\\/20\\\/grup-de-conversa-en-angles-al-campus-de-sants-encara-hi-sou-temps-1\\\/#primaryimage\"},\"thumbnailUrl\":\"https:\\\/\\\/fima.ub.edu\\\/noticies\\\/wp-content\\\/uploads\\\/2017\\\/02\\\/grups-conversa-dangles.png\",\"keywords\":[\"angl\u00e8s\",\"CAL\",\"estudiants\",\"grups de conversa\"],\"articleSection\":[\"De re linguae\"],\"inLanguage\":\"ca\",\"potentialAction\":[{\"@type\":\"CommentAction\",\"name\":\"Comment\",\"target\":[\"https:\\\/\\\/fima.ub.edu\\\/noticies\\\/2017\\\/03\\\/20\\\/grup-de-conversa-en-angles-al-campus-de-sants-encara-hi-sou-temps-1\\\/#respond\"]}]},{\"@type\":\"WebPage\",\"@id\":\"https:\\\/\\\/fima.ub.edu\\\/noticies\\\/2017\\\/03\\\/20\\\/grup-de-conversa-en-angles-al-campus-de-sants-encara-hi-sou-temps-1\\\/\",\"url\":\"https:\\\/\\\/fima.ub.edu\\\/noticies\\\/2017\\\/03\\\/20\\\/grup-de-conversa-en-angles-al-campus-de-sants-encara-hi-sou-temps-1\\\/\",\"name\":\"Grup de conversa en angl\u00e8s al Campus de Sants: encara hi sou a temps! - Not\u00edcies de la Facultat d&#039;Informaci\u00f3 i Mitjans Audiovisuals\",\"isPartOf\":{\"@id\":\"https:\\\/\\\/fima.ub.edu\\\/noticies\\\/#website\"},\"primaryImageOfPage\":{\"@id\":\"https:\\\/\\\/fima.ub.edu\\\/noticies\\\/2017\\\/03\\\/20\\\/grup-de-conversa-en-angles-al-campus-de-sants-encara-hi-sou-temps-1\\\/#primaryimage\"},\"image\":{\"@id\":\"https:\\\/\\\/fima.ub.edu\\\/noticies\\\/2017\\\/03\\\/20\\\/grup-de-conversa-en-angles-al-campus-de-sants-encara-hi-sou-temps-1\\\/#primaryimage\"},\"thumbnailUrl\":\"https:\\\/\\\/fima.ub.edu\\\/noticies\\\/wp-content\\\/uploads\\\/2017\\\/02\\\/grups-conversa-dangles.png\",\"datePublished\":\"2017-03-20T16:33:55+00:00\",\"breadcrumb\":{\"@id\":\"https:\\\/\\\/fima.ub.edu\\\/noticies\\\/2017\\\/03\\\/20\\\/grup-de-conversa-en-angles-al-campus-de-sants-encara-hi-sou-temps-1\\\/#breadcrumb\"},\"inLanguage\":\"ca\",\"potentialAction\":[{\"@type\":\"ReadAction\",\"target\":[\"https:\\\/\\\/fima.ub.edu\\\/noticies\\\/2017\\\/03\\\/20\\\/grup-de-conversa-en-angles-al-campus-de-sants-encara-hi-sou-temps-1\\\/\"]}]},{\"@type\":\"ImageObject\",\"inLanguage\":\"ca\",\"@id\":\"https:\\\/\\\/fima.ub.edu\\\/noticies\\\/2017\\\/03\\\/20\\\/grup-de-conversa-en-angles-al-campus-de-sants-encara-hi-sou-temps-1\\\/#primaryimage\",\"url\":\"https:\\\/\\\/fima.ub.edu\\\/noticies\\\/wp-content\\\/uploads\\\/2017\\\/02\\\/grups-conversa-dangles.png\",\"contentUrl\":\"https:\\\/\\\/fima.ub.edu\\\/noticies\\\/wp-content\\\/uploads\\\/2017\\\/02\\\/grups-conversa-dangles.png\",\"width\":1920,\"height\":1080},{\"@type\":\"BreadcrumbList\",\"@id\":\"https:\\\/\\\/fima.ub.edu\\\/noticies\\\/2017\\\/03\\\/20\\\/grup-de-conversa-en-angles-al-campus-de-sants-encara-hi-sou-temps-1\\\/#breadcrumb\",\"itemListElement\":[{\"@type\":\"ListItem\",\"position\":1,\"name\":\"Inici\",\"item\":\"https:\\\/\\\/fima.ub.edu\\\/noticies\\\/\"},{\"@type\":\"ListItem\",\"position\":2,\"name\":\"Grup de conversa en angl\u00e8s al Campus de Sants: encara hi sou a temps!\"}]},{\"@type\":\"WebSite\",\"@id\":\"https:\\\/\\\/fima.ub.edu\\\/noticies\\\/#website\",\"url\":\"https:\\\/\\\/fima.ub.edu\\\/noticies\\\/\",\"name\":\"Not\u00edcies de la Facultat d&#039;Informaci\u00f3 i Mitjans Audiovisuals\",\"description\":\"\",\"publisher\":{\"@id\":\"https:\\\/\\\/fima.ub.edu\\\/noticies\\\/#organization\"},\"potentialAction\":[{\"@type\":\"SearchAction\",\"target\":{\"@type\":\"EntryPoint\",\"urlTemplate\":\"https:\\\/\\\/fima.ub.edu\\\/noticies\\\/?s={search_term_string}\"},\"query-input\":{\"@type\":\"PropertyValueSpecification\",\"valueRequired\":true,\"valueName\":\"search_term_string\"}}],\"inLanguage\":\"ca\"},{\"@type\":\"Organization\",\"@id\":\"https:\\\/\\\/fima.ub.edu\\\/noticies\\\/#organization\",\"name\":\"Not\u00edcies de la Facultat d&#039;Informaci\u00f3 i Mitjans Audiovisuals\",\"url\":\"https:\\\/\\\/fima.ub.edu\\\/noticies\\\/\",\"logo\":{\"@type\":\"ImageObject\",\"inLanguage\":\"ca\",\"@id\":\"https:\\\/\\\/fima.ub.edu\\\/noticies\\\/#\\\/schema\\\/logo\\\/image\\\/\",\"url\":\"https:\\\/\\\/fima.ub.edu\\\/noticies\\\/wp-content\\\/uploads\\\/2023\\\/09\\\/cropped-fima_noticies.png\",\"contentUrl\":\"https:\\\/\\\/fima.ub.edu\\\/noticies\\\/wp-content\\\/uploads\\\/2023\\\/09\\\/cropped-fima_noticies.png\",\"width\":1009,\"height\":200,\"caption\":\"Not\u00edcies de la Facultat d&#039;Informaci\u00f3 i Mitjans Audiovisuals\"},\"image\":{\"@id\":\"https:\\\/\\\/fima.ub.edu\\\/noticies\\\/#\\\/schema\\\/logo\\\/image\\\/\"},\"sameAs\":[\"https:\\\/\\\/www.facebook.com\\\/FIMAUB\",\"https:\\\/\\\/x.com\\\/FIMA_UB\",\"https:\\\/\\\/www.instagram.com\\\/fima_ub\\\/\",\"https:\\\/\\\/www.flickr.com\\\/photos\\\/fbid_ub\\\/\",\"https:\\\/\\\/www.slideshare.net\\\/FBDUB\",\"https:\\\/\\\/www.youtube.com\\\/user\\\/FBiDUB\"]},{\"@type\":\"Person\",\"@id\":\"https:\\\/\\\/fima.ub.edu\\\/noticies\\\/#\\\/schema\\\/person\\\/dc378ff0cdb85eb3d02f0b8b668edc45\",\"name\":\"Anna Rubi\u00f3\",\"image\":{\"@type\":\"ImageObject\",\"inLanguage\":\"ca\",\"@id\":\"https:\\\/\\\/secure.gravatar.com\\\/avatar\\\/dee6fdca9caf2bc48bb11cf46822c54cf8ec94b4ee9b965166649a19197cb935?s=96&d=mm&r=g\",\"url\":\"https:\\\/\\\/secure.gravatar.com\\\/avatar\\\/dee6fdca9caf2bc48bb11cf46822c54cf8ec94b4ee9b965166649a19197cb935?s=96&d=mm&r=g\",\"contentUrl\":\"https:\\\/\\\/secure.gravatar.com\\\/avatar\\\/dee6fdca9caf2bc48bb11cf46822c54cf8ec94b4ee9b965166649a19197cb935?s=96&d=mm&r=g\",\"caption\":\"Anna Rubi\u00f3\"},\"url\":\"https:\\\/\\\/fima.ub.edu\\\/noticies\\\/author\\\/anna-rubio\\\/\"}]}<\/script>\n<!-- \/ Yoast SEO plugin. -->","yoast_head_json":{"title":"Grup de conversa en angl\u00e8s al Campus de Sants: encara hi sou a temps! - Not\u00edcies de la Facultat d&#039;Informaci\u00f3 i Mitjans Audiovisuals","robots":{"index":"index","follow":"follow","max-snippet":"max-snippet:-1","max-image-preview":"max-image-preview:large","max-video-preview":"max-video-preview:-1"},"canonical":"https:\/\/fima.ub.edu\/noticies\/2017\/03\/20\/grup-de-conversa-en-angles-al-campus-de-sants-encara-hi-sou-temps-1\/","og_locale":"ca_ES","og_type":"article","og_title":"Grup de conversa en angl\u00e8s al Campus de Sants: encara hi sou a temps! - Not\u00edcies de la Facultat d&#039;Informaci\u00f3 i Mitjans Audiovisuals","og_description":"Hi ha noves places disponibles als grups de conversa d\u2019angl\u00e8s que es reuneixen els dimarts al Centre d\u2019Autoaprenentatge de Lleng\u00fces que hi ha a la Facultat. El grup del nivell B2 ho fa de 14.30 a 15.30 h i el de nivell C1\/C2 de 15.30 a 16.30 h. Si voleu aprofitar el que queda de semestre, podeu apuntar-vos-hi a trav\u00e9s del Campus Virtual a: http:\/\/www.ub.edu\/sl\/caluniversitat. La inscripci\u00f3 \u00e9s gratu\u00efta i nom\u00e9s cal ser estudiant de la UB. Tamb\u00e9 queden places per a grups d\u2019altres nivells i horaris que s\u2019ofereixen en altres campus: Edifici Hist\u00f2ric, Geografia i Hist\u00f2ria, Medicina-Cl\u00ednic, Bellvitge i Mundet.","og_url":"https:\/\/fima.ub.edu\/noticies\/2017\/03\/20\/grup-de-conversa-en-angles-al-campus-de-sants-encara-hi-sou-temps-1\/","og_site_name":"Not\u00edcies de la Facultat d&#039;Informaci\u00f3 i Mitjans Audiovisuals","article_publisher":"https:\/\/www.facebook.com\/FIMAUB","article_published_time":"2017-03-20T16:33:55+00:00","og_image":[{"width":1024,"height":576,"url":"https:\/\/fima.ub.edu\/noticies\/wp-content\/uploads\/2017\/02\/grups-conversa-dangles-1024x576.png","type":"image\/png"}],"author":"Anna Rubi\u00f3","twitter_card":"summary_large_image","twitter_creator":"@FIMA_UB","twitter_site":"@FIMA_UB","twitter_misc":{"Escrit per":"Anna Rubi\u00f3","Temps estimat de lectura":"1 minut"},"schema":{"@context":"https:\/\/schema.org","@graph":[{"@type":"Article","@id":"https:\/\/fima.ub.edu\/noticies\/2017\/03\/20\/grup-de-conversa-en-angles-al-campus-de-sants-encara-hi-sou-temps-1\/#article","isPartOf":{"@id":"https:\/\/fima.ub.edu\/noticies\/2017\/03\/20\/grup-de-conversa-en-angles-al-campus-de-sants-encara-hi-sou-temps-1\/"},"author":{"name":"Anna Rubi\u00f3","@id":"https:\/\/fima.ub.edu\/noticies\/#\/schema\/person\/dc378ff0cdb85eb3d02f0b8b668edc45"},"headline":"Grup de conversa en angl\u00e8s al Campus de Sants: encara hi sou a temps!","datePublished":"2017-03-20T16:33:55+00:00","mainEntityOfPage":{"@id":"https:\/\/fima.ub.edu\/noticies\/2017\/03\/20\/grup-de-conversa-en-angles-al-campus-de-sants-encara-hi-sou-temps-1\/"},"wordCount":130,"commentCount":0,"publisher":{"@id":"https:\/\/fima.ub.edu\/noticies\/#organization"},"image":{"@id":"https:\/\/fima.ub.edu\/noticies\/2017\/03\/20\/grup-de-conversa-en-angles-al-campus-de-sants-encara-hi-sou-temps-1\/#primaryimage"},"thumbnailUrl":"https:\/\/fima.ub.edu\/noticies\/wp-content\/uploads\/2017\/02\/grups-conversa-dangles.png","keywords":["angl\u00e8s","CAL","estudiants","grups de conversa"],"articleSection":["De re linguae"],"inLanguage":"ca","potentialAction":[{"@type":"CommentAction","name":"Comment","target":["https:\/\/fima.ub.edu\/noticies\/2017\/03\/20\/grup-de-conversa-en-angles-al-campus-de-sants-encara-hi-sou-temps-1\/#respond"]}]},{"@type":"WebPage","@id":"https:\/\/fima.ub.edu\/noticies\/2017\/03\/20\/grup-de-conversa-en-angles-al-campus-de-sants-encara-hi-sou-temps-1\/","url":"https:\/\/fima.ub.edu\/noticies\/2017\/03\/20\/grup-de-conversa-en-angles-al-campus-de-sants-encara-hi-sou-temps-1\/","name":"Grup de conversa en angl\u00e8s al Campus de Sants: encara hi sou a temps! - Not\u00edcies de la Facultat d&#039;Informaci\u00f3 i Mitjans Audiovisuals","isPartOf":{"@id":"https:\/\/fima.ub.edu\/noticies\/#website"},"primaryImageOfPage":{"@id":"https:\/\/fima.ub.edu\/noticies\/2017\/03\/20\/grup-de-conversa-en-angles-al-campus-de-sants-encara-hi-sou-temps-1\/#primaryimage"},"image":{"@id":"https:\/\/fima.ub.edu\/noticies\/2017\/03\/20\/grup-de-conversa-en-angles-al-campus-de-sants-encara-hi-sou-temps-1\/#primaryimage"},"thumbnailUrl":"https:\/\/fima.ub.edu\/noticies\/wp-content\/uploads\/2017\/02\/grups-conversa-dangles.png","datePublished":"2017-03-20T16:33:55+00:00","breadcrumb":{"@id":"https:\/\/fima.ub.edu\/noticies\/2017\/03\/20\/grup-de-conversa-en-angles-al-campus-de-sants-encara-hi-sou-temps-1\/#breadcrumb"},"inLanguage":"ca","potentialAction":[{"@type":"ReadAction","target":["https:\/\/fima.ub.edu\/noticies\/2017\/03\/20\/grup-de-conversa-en-angles-al-campus-de-sants-encara-hi-sou-temps-1\/"]}]},{"@type":"ImageObject","inLanguage":"ca","@id":"https:\/\/fima.ub.edu\/noticies\/2017\/03\/20\/grup-de-conversa-en-angles-al-campus-de-sants-encara-hi-sou-temps-1\/#primaryimage","url":"https:\/\/fima.ub.edu\/noticies\/wp-content\/uploads\/2017\/02\/grups-conversa-dangles.png","contentUrl":"https:\/\/fima.ub.edu\/noticies\/wp-content\/uploads\/2017\/02\/grups-conversa-dangles.png","width":1920,"height":1080},{"@type":"BreadcrumbList","@id":"https:\/\/fima.ub.edu\/noticies\/2017\/03\/20\/grup-de-conversa-en-angles-al-campus-de-sants-encara-hi-sou-temps-1\/#breadcrumb","itemListElement":[{"@type":"ListItem","position":1,"name":"Inici","item":"https:\/\/fima.ub.edu\/noticies\/"},{"@type":"ListItem","position":2,"name":"Grup de conversa en angl\u00e8s al Campus de Sants: encara hi sou a temps!"}]},{"@type":"WebSite","@id":"https:\/\/fima.ub.edu\/noticies\/#website","url":"https:\/\/fima.ub.edu\/noticies\/","name":"Not\u00edcies de la Facultat d&#039;Informaci\u00f3 i Mitjans Audiovisuals","description":"","publisher":{"@id":"https:\/\/fima.ub.edu\/noticies\/#organization"},"potentialAction":[{"@type":"SearchAction","target":{"@type":"EntryPoint","urlTemplate":"https:\/\/fima.ub.edu\/noticies\/?s={search_term_string}"},"query-input":{"@type":"PropertyValueSpecification","valueRequired":true,"valueName":"search_term_string"}}],"inLanguage":"ca"},{"@type":"Organization","@id":"https:\/\/fima.ub.edu\/noticies\/#organization","name":"Not\u00edcies de la Facultat d&#039;Informaci\u00f3 i Mitjans Audiovisuals","url":"https:\/\/fima.ub.edu\/noticies\/","logo":{"@type":"ImageObject","inLanguage":"ca","@id":"https:\/\/fima.ub.edu\/noticies\/#\/schema\/logo\/image\/","url":"https:\/\/fima.ub.edu\/noticies\/wp-content\/uploads\/2023\/09\/cropped-fima_noticies.png","contentUrl":"https:\/\/fima.ub.edu\/noticies\/wp-content\/uploads\/2023\/09\/cropped-fima_noticies.png","width":1009,"height":200,"caption":"Not\u00edcies de la Facultat d&#039;Informaci\u00f3 i Mitjans Audiovisuals"},"image":{"@id":"https:\/\/fima.ub.edu\/noticies\/#\/schema\/logo\/image\/"},"sameAs":["https:\/\/www.facebook.com\/FIMAUB","https:\/\/x.com\/FIMA_UB","https:\/\/www.instagram.com\/fima_ub\/","https:\/\/www.flickr.com\/photos\/fbid_ub\/","https:\/\/www.slideshare.net\/FBDUB","https:\/\/www.youtube.com\/user\/FBiDUB"]},{"@type":"Person","@id":"https:\/\/fima.ub.edu\/noticies\/#\/schema\/person\/dc378ff0cdb85eb3d02f0b8b668edc45","name":"Anna Rubi\u00f3","image":{"@type":"ImageObject","inLanguage":"ca","@id":"https:\/\/secure.gravatar.com\/avatar\/dee6fdca9caf2bc48bb11cf46822c54cf8ec94b4ee9b965166649a19197cb935?s=96&d=mm&r=g","url":"https:\/\/secure.gravatar.com\/avatar\/dee6fdca9caf2bc48bb11cf46822c54cf8ec94b4ee9b965166649a19197cb935?s=96&d=mm&r=g","contentUrl":"https:\/\/secure.gravatar.com\/avatar\/dee6fdca9caf2bc48bb11cf46822c54cf8ec94b4ee9b965166649a19197cb935?s=96&d=mm&r=g","caption":"Anna Rubi\u00f3"},"url":"https:\/\/fima.ub.edu\/noticies\/author\/anna-rubio\/"}]}},"_links":{"self":[{"href":"https:\/\/fima.ub.edu\/noticies\/wp-json\/wp\/v2\/posts\/3307","targetHints":{"allow":["GET"]}}],"collection":[{"href":"https:\/\/fima.ub.edu\/noticies\/wp-json\/wp\/v2\/posts"}],"about":[{"href":"https:\/\/fima.ub.edu\/noticies\/wp-json\/wp\/v2\/types\/post"}],"author":[{"embeddable":true,"href":"https:\/\/fima.ub.edu\/noticies\/wp-json\/wp\/v2\/users\/6"}],"replies":[{"embeddable":true,"href":"https:\/\/fima.ub.edu\/noticies\/wp-json\/wp\/v2\/comments?post=3307"}],"version-history":[{"count":0,"href":"https:\/\/fima.ub.edu\/noticies\/wp-json\/wp\/v2\/posts\/3307\/revisions"}],"wp:featuredmedia":[{"embeddable":true,"href":"https:\/\/fima.ub.edu\/noticies\/wp-json\/wp\/v2\/media\/3264"}],"wp:attachment":[{"href":"https:\/\/fima.ub.edu\/noticies\/wp-json\/wp\/v2\/media?parent=3307"}],"wp:term":[{"taxonomy":"category","embeddable":true,"href":"https:\/\/fima.ub.edu\/noticies\/wp-json\/wp\/v2\/categories?post=3307"},{"taxonomy":"post_tag","embeddable":true,"href":"https:\/\/fima.ub.edu\/noticies\/wp-json\/wp\/v2\/tags?post=3307"},{"taxonomy":"vocabulary_5","embeddable":true,"href":"https:\/\/fima.ub.edu\/noticies\/wp-json\/wp\/v2\/vocabulary_5?post=3307"}],"curies":[{"name":"wp","href":"https:\/\/api.w.org\/{rel}","templated":true}]}}