{"id":3446,"date":"2017-05-22T12:29:55","date_gmt":"2017-05-22T10:29:55","guid":{"rendered":"https:\/\/fima.ub.edu\/noticies\/2017\/05\/22\/ja-estan-disponibles-els-resultats-de-lenquesta-de-satisfaccio-i-ocupacio-dels-titulats-de-la\/"},"modified":"2017-05-22T12:29:55","modified_gmt":"2017-05-22T10:29:55","slug":"ja-estan-disponibles-els-resultats-de-lenquesta-de-satisfaccio-i-ocupacio-dels-titulats-de-la","status":"publish","type":"post","link":"https:\/\/fima.ub.edu\/noticies\/2017\/05\/22\/ja-estan-disponibles-els-resultats-de-lenquesta-de-satisfaccio-i-ocupacio-dels-titulats-de-la\/","title":{"rendered":"Ja estan disponibles els resultats de l\u2019enquesta de satisfacci\u00f3 i ocupaci\u00f3 dels titulats de la Facultat  (curs 2015-16)"},"content":{"rendered":"<p>Ja estan disponibles els resultats de la primera enquesta de titulats de la Facultat. Aquesta enquesta es va posar en marxa el curs passat per tal de recollir el grau de satisfacci\u00f3 i algunes dades d\u2019ocupaci\u00f3 dels nostres titulats amb l&#8217;objectiu d&#8217;obtenir informaci\u00f3 que permeti introduir accions de millora. L&#8217;enquesta pret\u00e9n completar les dades que peri\u00f2dicament recull l\u2019AQU sobre la satisfacci\u00f3 dels graduats i la inserci\u00f3 laboral. Totes aquestes enquestes es poden consultar al web del<a href=\"http:\/\/(http:\/\/www.ub.edu\/biblio\/saiqu\/dades-i-indicadors\" target=\"_blank\" rel=\"noopener\"> Sistema d\u2019Assegurament Intern de la Qualitat<\/a> (SAIQU) de la Facultat.<\/p>\n<p>Les dades obtingudes a l\u2019<a href=\"http:\/\/www.ub.edu\/biblio\/saiqu\/sites\/default\/files\/docs\/dades-indicadors\/Informe_general_Enquestes_titulats_2015-2016_rev2.pdf\" target=\"_blank\" rel=\"noopener\">enquesta<\/a> permeten percebre, entre d\u2019altres coses, la bona opini\u00f3 que els titulats tenen sobre les pr\u00e0ctiques i els programes de mobilitat. Els graduats en Informaci\u00f3 i Documentaci\u00f3, per exemple, valoren molt positivament les pr\u00e0ctiques curriculars i no curriculars \u2014amb 4.09 i 4 sobre 5 respectivament\u2014, i un 79,48 % dels enquestats afirma que tornaria a triar la mateixa titulaci\u00f3. Per la seva banda, els graduats en Comunicaci\u00f3 Audiovisual (encara que el nombre d\u2019enquestes no \u00e9s tan significatiu) estan satisfets amb les accions de mobilitat que han fet i les valoren amb un 3.69 sobre 5. L\u2019enquesta tamb\u00e9 recull informaci\u00f3 sobre els m\u00e0sters, on els titulats destaquen que la formaci\u00f3 els ha estat molt \u00fatil per millorar les capacitats que els han de permetre desenvolupar la seva activitat professional.<\/p>\n<p><!--break--><\/p>\n","protected":false},"excerpt":{"rendered":"<p>Ja estan disponibles els resultats de la primera enquesta de titulats de la Facultat. Aquesta enquesta es va posar en marxa el curs passat per tal de recollir el grau de satisfacci\u00f3 i algunes dades d\u2019ocupaci\u00f3 dels nostres titulats amb l&#8217;objectiu d&#8217;obtenir informaci\u00f3 que permeti introduir accions de millora. L&#8217;enquesta pret\u00e9n completar les dades que peri\u00f2dicament recull l\u2019AQU sobre la satisfacci\u00f3 dels graduats i la inserci\u00f3 laboral. Totes aquestes enquestes es poden consultar al web del Sistema d\u2019Assegurament Intern de la Qualitat (SAIQU) de la Facultat. Les dades obtingudes a l\u2019enquesta permeten percebre, entre d\u2019altres coses, la bona opini\u00f3 que els titulats tenen sobre les pr\u00e0ctiques i els programes de mobilitat. Els graduats en Informaci\u00f3 i Documentaci\u00f3, per exemple, valoren molt positivament les pr\u00e0ctiques curriculars i no curriculars \u2014amb 4.09 i 4 sobre 5 respectivament\u2014, i un 79,48 % dels enquestats afirma que tornaria a triar la mateixa titulaci\u00f3. Per la seva banda, els graduats en Comunicaci\u00f3 Audiovisual (encara que el nombre d\u2019enquestes no \u00e9s tan significatiu) estan satisfets amb les accions de mobilitat que han fet i les valoren amb un 3.69 sobre 5. L\u2019enquesta tamb\u00e9 recull informaci\u00f3 sobre els m\u00e0sters, on els titulats destaquen que la formaci\u00f3 els ha estat molt \u00fatil per millorar les capacitats que els han de permetre desenvolupar la seva activitat professional.<\/p>\n","protected":false},"author":6,"featured_media":2292,"comment_status":"open","ping_status":"open","sticky":false,"template":"","format":"standard","meta":{"_acf_changed":false,"footnotes":""},"categories":[8],"tags":[2032,1123,2033],"vocabulary_5":[],"class_list":["post-3446","post","type-post","status-publish","format-standard","has-post-thumbnail","hentry","category-campus","tag-enquesta","tag-ocupabilitat","tag-satisfacio"],"acf":[],"yoast_head":"<!-- This site is optimized with the Yoast SEO plugin v27.5 - https:\/\/yoast.com\/product\/yoast-seo-wordpress\/ -->\n<title>Ja estan disponibles els resultats de l\u2019enquesta de satisfacci\u00f3 i ocupaci\u00f3 dels titulats de la Facultat (curs 2015-16) - Not\u00edcies de la Facultat d&#039;Informaci\u00f3 i Mitjans Audiovisuals<\/title>\n<meta name=\"robots\" content=\"index, follow, max-snippet:-1, max-image-preview:large, max-video-preview:-1\" \/>\n<link rel=\"canonical\" href=\"https:\/\/fima.ub.edu\/noticies\/2017\/05\/22\/ja-estan-disponibles-els-resultats-de-lenquesta-de-satisfaccio-i-ocupacio-dels-titulats-de-la\/\" \/>\n<meta property=\"og:locale\" content=\"ca_ES\" \/>\n<meta property=\"og:type\" content=\"article\" \/>\n<meta property=\"og:title\" content=\"Ja estan disponibles els resultats de l\u2019enquesta de satisfacci\u00f3 i ocupaci\u00f3 dels titulats de la Facultat (curs 2015-16) - Not\u00edcies de la Facultat d&#039;Informaci\u00f3 i Mitjans Audiovisuals\" \/>\n<meta property=\"og:description\" content=\"Ja estan disponibles els resultats de la primera enquesta de titulats de la Facultat. Aquesta enquesta es va posar en marxa el curs passat per tal de recollir el grau de satisfacci\u00f3 i algunes dades d\u2019ocupaci\u00f3 dels nostres titulats amb l&#8217;objectiu d&#8217;obtenir informaci\u00f3 que permeti introduir accions de millora. L&#8217;enquesta pret\u00e9n completar les dades que peri\u00f2dicament recull l\u2019AQU sobre la satisfacci\u00f3 dels graduats i la inserci\u00f3 laboral. Totes aquestes enquestes es poden consultar al web del Sistema d\u2019Assegurament Intern de la Qualitat (SAIQU) de la Facultat. Les dades obtingudes a l\u2019enquesta permeten percebre, entre d\u2019altres coses, la bona opini\u00f3 que els titulats tenen sobre les pr\u00e0ctiques i els programes de mobilitat. Els graduats en Informaci\u00f3 i Documentaci\u00f3, per exemple, valoren molt positivament les pr\u00e0ctiques curriculars i no curriculars \u2014amb 4.09 i 4 sobre 5 respectivament\u2014, i un 79,48 % dels enquestats afirma que tornaria a triar la mateixa titulaci\u00f3. Per la seva banda, els graduats en Comunicaci\u00f3 Audiovisual (encara que el nombre d\u2019enquestes no \u00e9s tan significatiu) estan satisfets amb les accions de mobilitat que han fet i les valoren amb un 3.69 sobre 5. L\u2019enquesta tamb\u00e9 recull informaci\u00f3 sobre els m\u00e0sters, on els titulats destaquen que la formaci\u00f3 els ha estat molt \u00fatil per millorar les capacitats que els han de permetre desenvolupar la seva activitat professional.\" \/>\n<meta property=\"og:url\" content=\"https:\/\/fima.ub.edu\/noticies\/2017\/05\/22\/ja-estan-disponibles-els-resultats-de-lenquesta-de-satisfaccio-i-ocupacio-dels-titulats-de-la\/\" \/>\n<meta property=\"og:site_name\" content=\"Not\u00edcies de la Facultat d&#039;Informaci\u00f3 i Mitjans Audiovisuals\" \/>\n<meta property=\"article:publisher\" content=\"https:\/\/www.facebook.com\/FIMAUB\" \/>\n<meta property=\"article:published_time\" content=\"2017-05-22T10:29:55+00:00\" \/>\n<meta property=\"og:image\" content=\"https:\/\/fima.ub.edu\/noticies\/wp-content\/uploads\/2015\/06\/SAIQU6.jpg\" \/>\n\t<meta property=\"og:image:width\" content=\"180\" \/>\n\t<meta property=\"og:image:height\" content=\"69\" \/>\n\t<meta property=\"og:image:type\" content=\"image\/jpeg\" \/>\n<meta name=\"author\" content=\"Anna Rubi\u00f3\" \/>\n<meta name=\"twitter:card\" content=\"summary_large_image\" \/>\n<meta name=\"twitter:creator\" content=\"@FIMA_UB\" \/>\n<meta name=\"twitter:site\" content=\"@FIMA_UB\" \/>\n<meta name=\"twitter:label1\" content=\"Escrit per\" \/>\n\t<meta name=\"twitter:data1\" content=\"Anna Rubi\u00f3\" \/>\n\t<meta name=\"twitter:label2\" content=\"Temps estimat de lectura\" \/>\n\t<meta name=\"twitter:data2\" content=\"1 minut\" \/>\n<script type=\"application\/ld+json\" class=\"yoast-schema-graph\">{\"@context\":\"https:\\\/\\\/schema.org\",\"@graph\":[{\"@type\":\"Article\",\"@id\":\"https:\\\/\\\/fima.ub.edu\\\/noticies\\\/2017\\\/05\\\/22\\\/ja-estan-disponibles-els-resultats-de-lenquesta-de-satisfaccio-i-ocupacio-dels-titulats-de-la\\\/#article\",\"isPartOf\":{\"@id\":\"https:\\\/\\\/fima.ub.edu\\\/noticies\\\/2017\\\/05\\\/22\\\/ja-estan-disponibles-els-resultats-de-lenquesta-de-satisfaccio-i-ocupacio-dels-titulats-de-la\\\/\"},\"author\":{\"name\":\"Anna Rubi\u00f3\",\"@id\":\"https:\\\/\\\/fima.ub.edu\\\/noticies\\\/#\\\/schema\\\/person\\\/dc378ff0cdb85eb3d02f0b8b668edc45\"},\"headline\":\"Ja estan disponibles els resultats de l\u2019enquesta de satisfacci\u00f3 i ocupaci\u00f3 dels titulats de la Facultat (curs 2015-16)\",\"datePublished\":\"2017-05-22T10:29:55+00:00\",\"mainEntityOfPage\":{\"@id\":\"https:\\\/\\\/fima.ub.edu\\\/noticies\\\/2017\\\/05\\\/22\\\/ja-estan-disponibles-els-resultats-de-lenquesta-de-satisfaccio-i-ocupacio-dels-titulats-de-la\\\/\"},\"wordCount\":245,\"commentCount\":0,\"publisher\":{\"@id\":\"https:\\\/\\\/fima.ub.edu\\\/noticies\\\/#organization\"},\"image\":{\"@id\":\"https:\\\/\\\/fima.ub.edu\\\/noticies\\\/2017\\\/05\\\/22\\\/ja-estan-disponibles-els-resultats-de-lenquesta-de-satisfaccio-i-ocupacio-dels-titulats-de-la\\\/#primaryimage\"},\"thumbnailUrl\":\"https:\\\/\\\/fima.ub.edu\\\/noticies\\\/wp-content\\\/uploads\\\/2015\\\/06\\\/SAIQU6.jpg\",\"keywords\":[\"enquesta\",\"ocupabilitat\",\"satisfaci\u00f3\"],\"articleSection\":[\"Campus\"],\"inLanguage\":\"ca\",\"potentialAction\":[{\"@type\":\"CommentAction\",\"name\":\"Comment\",\"target\":[\"https:\\\/\\\/fima.ub.edu\\\/noticies\\\/2017\\\/05\\\/22\\\/ja-estan-disponibles-els-resultats-de-lenquesta-de-satisfaccio-i-ocupacio-dels-titulats-de-la\\\/#respond\"]}]},{\"@type\":\"WebPage\",\"@id\":\"https:\\\/\\\/fima.ub.edu\\\/noticies\\\/2017\\\/05\\\/22\\\/ja-estan-disponibles-els-resultats-de-lenquesta-de-satisfaccio-i-ocupacio-dels-titulats-de-la\\\/\",\"url\":\"https:\\\/\\\/fima.ub.edu\\\/noticies\\\/2017\\\/05\\\/22\\\/ja-estan-disponibles-els-resultats-de-lenquesta-de-satisfaccio-i-ocupacio-dels-titulats-de-la\\\/\",\"name\":\"Ja estan disponibles els resultats de l\u2019enquesta de satisfacci\u00f3 i ocupaci\u00f3 dels titulats de la Facultat (curs 2015-16) - Not\u00edcies de la Facultat d&#039;Informaci\u00f3 i Mitjans Audiovisuals\",\"isPartOf\":{\"@id\":\"https:\\\/\\\/fima.ub.edu\\\/noticies\\\/#website\"},\"primaryImageOfPage\":{\"@id\":\"https:\\\/\\\/fima.ub.edu\\\/noticies\\\/2017\\\/05\\\/22\\\/ja-estan-disponibles-els-resultats-de-lenquesta-de-satisfaccio-i-ocupacio-dels-titulats-de-la\\\/#primaryimage\"},\"image\":{\"@id\":\"https:\\\/\\\/fima.ub.edu\\\/noticies\\\/2017\\\/05\\\/22\\\/ja-estan-disponibles-els-resultats-de-lenquesta-de-satisfaccio-i-ocupacio-dels-titulats-de-la\\\/#primaryimage\"},\"thumbnailUrl\":\"https:\\\/\\\/fima.ub.edu\\\/noticies\\\/wp-content\\\/uploads\\\/2015\\\/06\\\/SAIQU6.jpg\",\"datePublished\":\"2017-05-22T10:29:55+00:00\",\"breadcrumb\":{\"@id\":\"https:\\\/\\\/fima.ub.edu\\\/noticies\\\/2017\\\/05\\\/22\\\/ja-estan-disponibles-els-resultats-de-lenquesta-de-satisfaccio-i-ocupacio-dels-titulats-de-la\\\/#breadcrumb\"},\"inLanguage\":\"ca\",\"potentialAction\":[{\"@type\":\"ReadAction\",\"target\":[\"https:\\\/\\\/fima.ub.edu\\\/noticies\\\/2017\\\/05\\\/22\\\/ja-estan-disponibles-els-resultats-de-lenquesta-de-satisfaccio-i-ocupacio-dels-titulats-de-la\\\/\"]}]},{\"@type\":\"ImageObject\",\"inLanguage\":\"ca\",\"@id\":\"https:\\\/\\\/fima.ub.edu\\\/noticies\\\/2017\\\/05\\\/22\\\/ja-estan-disponibles-els-resultats-de-lenquesta-de-satisfaccio-i-ocupacio-dels-titulats-de-la\\\/#primaryimage\",\"url\":\"https:\\\/\\\/fima.ub.edu\\\/noticies\\\/wp-content\\\/uploads\\\/2015\\\/06\\\/SAIQU6.jpg\",\"contentUrl\":\"https:\\\/\\\/fima.ub.edu\\\/noticies\\\/wp-content\\\/uploads\\\/2015\\\/06\\\/SAIQU6.jpg\",\"width\":180,\"height\":69},{\"@type\":\"BreadcrumbList\",\"@id\":\"https:\\\/\\\/fima.ub.edu\\\/noticies\\\/2017\\\/05\\\/22\\\/ja-estan-disponibles-els-resultats-de-lenquesta-de-satisfaccio-i-ocupacio-dels-titulats-de-la\\\/#breadcrumb\",\"itemListElement\":[{\"@type\":\"ListItem\",\"position\":1,\"name\":\"Inici\",\"item\":\"https:\\\/\\\/fima.ub.edu\\\/noticies\\\/\"},{\"@type\":\"ListItem\",\"position\":2,\"name\":\"Ja estan disponibles els resultats de l\u2019enquesta de satisfacci\u00f3 i ocupaci\u00f3 dels titulats de la Facultat (curs 2015-16)\"}]},{\"@type\":\"WebSite\",\"@id\":\"https:\\\/\\\/fima.ub.edu\\\/noticies\\\/#website\",\"url\":\"https:\\\/\\\/fima.ub.edu\\\/noticies\\\/\",\"name\":\"Not\u00edcies de la Facultat d&#039;Informaci\u00f3 i Mitjans Audiovisuals\",\"description\":\"\",\"publisher\":{\"@id\":\"https:\\\/\\\/fima.ub.edu\\\/noticies\\\/#organization\"},\"potentialAction\":[{\"@type\":\"SearchAction\",\"target\":{\"@type\":\"EntryPoint\",\"urlTemplate\":\"https:\\\/\\\/fima.ub.edu\\\/noticies\\\/?s={search_term_string}\"},\"query-input\":{\"@type\":\"PropertyValueSpecification\",\"valueRequired\":true,\"valueName\":\"search_term_string\"}}],\"inLanguage\":\"ca\"},{\"@type\":\"Organization\",\"@id\":\"https:\\\/\\\/fima.ub.edu\\\/noticies\\\/#organization\",\"name\":\"Not\u00edcies de la Facultat d&#039;Informaci\u00f3 i Mitjans Audiovisuals\",\"url\":\"https:\\\/\\\/fima.ub.edu\\\/noticies\\\/\",\"logo\":{\"@type\":\"ImageObject\",\"inLanguage\":\"ca\",\"@id\":\"https:\\\/\\\/fima.ub.edu\\\/noticies\\\/#\\\/schema\\\/logo\\\/image\\\/\",\"url\":\"https:\\\/\\\/fima.ub.edu\\\/noticies\\\/wp-content\\\/uploads\\\/2023\\\/09\\\/cropped-fima_noticies.png\",\"contentUrl\":\"https:\\\/\\\/fima.ub.edu\\\/noticies\\\/wp-content\\\/uploads\\\/2023\\\/09\\\/cropped-fima_noticies.png\",\"width\":1009,\"height\":200,\"caption\":\"Not\u00edcies de la Facultat d&#039;Informaci\u00f3 i Mitjans Audiovisuals\"},\"image\":{\"@id\":\"https:\\\/\\\/fima.ub.edu\\\/noticies\\\/#\\\/schema\\\/logo\\\/image\\\/\"},\"sameAs\":[\"https:\\\/\\\/www.facebook.com\\\/FIMAUB\",\"https:\\\/\\\/x.com\\\/FIMA_UB\",\"https:\\\/\\\/www.instagram.com\\\/fima_ub\\\/\",\"https:\\\/\\\/www.flickr.com\\\/photos\\\/fbid_ub\\\/\",\"https:\\\/\\\/www.slideshare.net\\\/FBDUB\",\"https:\\\/\\\/www.youtube.com\\\/user\\\/FBiDUB\"]},{\"@type\":\"Person\",\"@id\":\"https:\\\/\\\/fima.ub.edu\\\/noticies\\\/#\\\/schema\\\/person\\\/dc378ff0cdb85eb3d02f0b8b668edc45\",\"name\":\"Anna Rubi\u00f3\",\"image\":{\"@type\":\"ImageObject\",\"inLanguage\":\"ca\",\"@id\":\"https:\\\/\\\/secure.gravatar.com\\\/avatar\\\/dee6fdca9caf2bc48bb11cf46822c54cf8ec94b4ee9b965166649a19197cb935?s=96&d=mm&r=g\",\"url\":\"https:\\\/\\\/secure.gravatar.com\\\/avatar\\\/dee6fdca9caf2bc48bb11cf46822c54cf8ec94b4ee9b965166649a19197cb935?s=96&d=mm&r=g\",\"contentUrl\":\"https:\\\/\\\/secure.gravatar.com\\\/avatar\\\/dee6fdca9caf2bc48bb11cf46822c54cf8ec94b4ee9b965166649a19197cb935?s=96&d=mm&r=g\",\"caption\":\"Anna Rubi\u00f3\"},\"url\":\"https:\\\/\\\/fima.ub.edu\\\/noticies\\\/author\\\/anna-rubio\\\/\"}]}<\/script>\n<!-- \/ Yoast SEO plugin. -->","yoast_head_json":{"title":"Ja estan disponibles els resultats de l\u2019enquesta de satisfacci\u00f3 i ocupaci\u00f3 dels titulats de la Facultat (curs 2015-16) - Not\u00edcies de la Facultat d&#039;Informaci\u00f3 i Mitjans Audiovisuals","robots":{"index":"index","follow":"follow","max-snippet":"max-snippet:-1","max-image-preview":"max-image-preview:large","max-video-preview":"max-video-preview:-1"},"canonical":"https:\/\/fima.ub.edu\/noticies\/2017\/05\/22\/ja-estan-disponibles-els-resultats-de-lenquesta-de-satisfaccio-i-ocupacio-dels-titulats-de-la\/","og_locale":"ca_ES","og_type":"article","og_title":"Ja estan disponibles els resultats de l\u2019enquesta de satisfacci\u00f3 i ocupaci\u00f3 dels titulats de la Facultat (curs 2015-16) - Not\u00edcies de la Facultat d&#039;Informaci\u00f3 i Mitjans Audiovisuals","og_description":"Ja estan disponibles els resultats de la primera enquesta de titulats de la Facultat. Aquesta enquesta es va posar en marxa el curs passat per tal de recollir el grau de satisfacci\u00f3 i algunes dades d\u2019ocupaci\u00f3 dels nostres titulats amb l&#8217;objectiu d&#8217;obtenir informaci\u00f3 que permeti introduir accions de millora. L&#8217;enquesta pret\u00e9n completar les dades que peri\u00f2dicament recull l\u2019AQU sobre la satisfacci\u00f3 dels graduats i la inserci\u00f3 laboral. Totes aquestes enquestes es poden consultar al web del Sistema d\u2019Assegurament Intern de la Qualitat (SAIQU) de la Facultat. Les dades obtingudes a l\u2019enquesta permeten percebre, entre d\u2019altres coses, la bona opini\u00f3 que els titulats tenen sobre les pr\u00e0ctiques i els programes de mobilitat. Els graduats en Informaci\u00f3 i Documentaci\u00f3, per exemple, valoren molt positivament les pr\u00e0ctiques curriculars i no curriculars \u2014amb 4.09 i 4 sobre 5 respectivament\u2014, i un 79,48 % dels enquestats afirma que tornaria a triar la mateixa titulaci\u00f3. Per la seva banda, els graduats en Comunicaci\u00f3 Audiovisual (encara que el nombre d\u2019enquestes no \u00e9s tan significatiu) estan satisfets amb les accions de mobilitat que han fet i les valoren amb un 3.69 sobre 5. L\u2019enquesta tamb\u00e9 recull informaci\u00f3 sobre els m\u00e0sters, on els titulats destaquen que la formaci\u00f3 els ha estat molt \u00fatil per millorar les capacitats que els han de permetre desenvolupar la seva activitat professional.","og_url":"https:\/\/fima.ub.edu\/noticies\/2017\/05\/22\/ja-estan-disponibles-els-resultats-de-lenquesta-de-satisfaccio-i-ocupacio-dels-titulats-de-la\/","og_site_name":"Not\u00edcies de la Facultat d&#039;Informaci\u00f3 i Mitjans Audiovisuals","article_publisher":"https:\/\/www.facebook.com\/FIMAUB","article_published_time":"2017-05-22T10:29:55+00:00","og_image":[{"width":180,"height":69,"url":"https:\/\/fima.ub.edu\/noticies\/wp-content\/uploads\/2015\/06\/SAIQU6.jpg","type":"image\/jpeg"}],"author":"Anna Rubi\u00f3","twitter_card":"summary_large_image","twitter_creator":"@FIMA_UB","twitter_site":"@FIMA_UB","twitter_misc":{"Escrit per":"Anna Rubi\u00f3","Temps estimat de lectura":"1 minut"},"schema":{"@context":"https:\/\/schema.org","@graph":[{"@type":"Article","@id":"https:\/\/fima.ub.edu\/noticies\/2017\/05\/22\/ja-estan-disponibles-els-resultats-de-lenquesta-de-satisfaccio-i-ocupacio-dels-titulats-de-la\/#article","isPartOf":{"@id":"https:\/\/fima.ub.edu\/noticies\/2017\/05\/22\/ja-estan-disponibles-els-resultats-de-lenquesta-de-satisfaccio-i-ocupacio-dels-titulats-de-la\/"},"author":{"name":"Anna Rubi\u00f3","@id":"https:\/\/fima.ub.edu\/noticies\/#\/schema\/person\/dc378ff0cdb85eb3d02f0b8b668edc45"},"headline":"Ja estan disponibles els resultats de l\u2019enquesta de satisfacci\u00f3 i ocupaci\u00f3 dels titulats de la Facultat (curs 2015-16)","datePublished":"2017-05-22T10:29:55+00:00","mainEntityOfPage":{"@id":"https:\/\/fima.ub.edu\/noticies\/2017\/05\/22\/ja-estan-disponibles-els-resultats-de-lenquesta-de-satisfaccio-i-ocupacio-dels-titulats-de-la\/"},"wordCount":245,"commentCount":0,"publisher":{"@id":"https:\/\/fima.ub.edu\/noticies\/#organization"},"image":{"@id":"https:\/\/fima.ub.edu\/noticies\/2017\/05\/22\/ja-estan-disponibles-els-resultats-de-lenquesta-de-satisfaccio-i-ocupacio-dels-titulats-de-la\/#primaryimage"},"thumbnailUrl":"https:\/\/fima.ub.edu\/noticies\/wp-content\/uploads\/2015\/06\/SAIQU6.jpg","keywords":["enquesta","ocupabilitat","satisfaci\u00f3"],"articleSection":["Campus"],"inLanguage":"ca","potentialAction":[{"@type":"CommentAction","name":"Comment","target":["https:\/\/fima.ub.edu\/noticies\/2017\/05\/22\/ja-estan-disponibles-els-resultats-de-lenquesta-de-satisfaccio-i-ocupacio-dels-titulats-de-la\/#respond"]}]},{"@type":"WebPage","@id":"https:\/\/fima.ub.edu\/noticies\/2017\/05\/22\/ja-estan-disponibles-els-resultats-de-lenquesta-de-satisfaccio-i-ocupacio-dels-titulats-de-la\/","url":"https:\/\/fima.ub.edu\/noticies\/2017\/05\/22\/ja-estan-disponibles-els-resultats-de-lenquesta-de-satisfaccio-i-ocupacio-dels-titulats-de-la\/","name":"Ja estan disponibles els resultats de l\u2019enquesta de satisfacci\u00f3 i ocupaci\u00f3 dels titulats de la Facultat (curs 2015-16) - Not\u00edcies de la Facultat d&#039;Informaci\u00f3 i Mitjans Audiovisuals","isPartOf":{"@id":"https:\/\/fima.ub.edu\/noticies\/#website"},"primaryImageOfPage":{"@id":"https:\/\/fima.ub.edu\/noticies\/2017\/05\/22\/ja-estan-disponibles-els-resultats-de-lenquesta-de-satisfaccio-i-ocupacio-dels-titulats-de-la\/#primaryimage"},"image":{"@id":"https:\/\/fima.ub.edu\/noticies\/2017\/05\/22\/ja-estan-disponibles-els-resultats-de-lenquesta-de-satisfaccio-i-ocupacio-dels-titulats-de-la\/#primaryimage"},"thumbnailUrl":"https:\/\/fima.ub.edu\/noticies\/wp-content\/uploads\/2015\/06\/SAIQU6.jpg","datePublished":"2017-05-22T10:29:55+00:00","breadcrumb":{"@id":"https:\/\/fima.ub.edu\/noticies\/2017\/05\/22\/ja-estan-disponibles-els-resultats-de-lenquesta-de-satisfaccio-i-ocupacio-dels-titulats-de-la\/#breadcrumb"},"inLanguage":"ca","potentialAction":[{"@type":"ReadAction","target":["https:\/\/fima.ub.edu\/noticies\/2017\/05\/22\/ja-estan-disponibles-els-resultats-de-lenquesta-de-satisfaccio-i-ocupacio-dels-titulats-de-la\/"]}]},{"@type":"ImageObject","inLanguage":"ca","@id":"https:\/\/fima.ub.edu\/noticies\/2017\/05\/22\/ja-estan-disponibles-els-resultats-de-lenquesta-de-satisfaccio-i-ocupacio-dels-titulats-de-la\/#primaryimage","url":"https:\/\/fima.ub.edu\/noticies\/wp-content\/uploads\/2015\/06\/SAIQU6.jpg","contentUrl":"https:\/\/fima.ub.edu\/noticies\/wp-content\/uploads\/2015\/06\/SAIQU6.jpg","width":180,"height":69},{"@type":"BreadcrumbList","@id":"https:\/\/fima.ub.edu\/noticies\/2017\/05\/22\/ja-estan-disponibles-els-resultats-de-lenquesta-de-satisfaccio-i-ocupacio-dels-titulats-de-la\/#breadcrumb","itemListElement":[{"@type":"ListItem","position":1,"name":"Inici","item":"https:\/\/fima.ub.edu\/noticies\/"},{"@type":"ListItem","position":2,"name":"Ja estan disponibles els resultats de l\u2019enquesta de satisfacci\u00f3 i ocupaci\u00f3 dels titulats de la Facultat (curs 2015-16)"}]},{"@type":"WebSite","@id":"https:\/\/fima.ub.edu\/noticies\/#website","url":"https:\/\/fima.ub.edu\/noticies\/","name":"Not\u00edcies de la Facultat d&#039;Informaci\u00f3 i Mitjans Audiovisuals","description":"","publisher":{"@id":"https:\/\/fima.ub.edu\/noticies\/#organization"},"potentialAction":[{"@type":"SearchAction","target":{"@type":"EntryPoint","urlTemplate":"https:\/\/fima.ub.edu\/noticies\/?s={search_term_string}"},"query-input":{"@type":"PropertyValueSpecification","valueRequired":true,"valueName":"search_term_string"}}],"inLanguage":"ca"},{"@type":"Organization","@id":"https:\/\/fima.ub.edu\/noticies\/#organization","name":"Not\u00edcies de la Facultat d&#039;Informaci\u00f3 i Mitjans Audiovisuals","url":"https:\/\/fima.ub.edu\/noticies\/","logo":{"@type":"ImageObject","inLanguage":"ca","@id":"https:\/\/fima.ub.edu\/noticies\/#\/schema\/logo\/image\/","url":"https:\/\/fima.ub.edu\/noticies\/wp-content\/uploads\/2023\/09\/cropped-fima_noticies.png","contentUrl":"https:\/\/fima.ub.edu\/noticies\/wp-content\/uploads\/2023\/09\/cropped-fima_noticies.png","width":1009,"height":200,"caption":"Not\u00edcies de la Facultat d&#039;Informaci\u00f3 i Mitjans Audiovisuals"},"image":{"@id":"https:\/\/fima.ub.edu\/noticies\/#\/schema\/logo\/image\/"},"sameAs":["https:\/\/www.facebook.com\/FIMAUB","https:\/\/x.com\/FIMA_UB","https:\/\/www.instagram.com\/fima_ub\/","https:\/\/www.flickr.com\/photos\/fbid_ub\/","https:\/\/www.slideshare.net\/FBDUB","https:\/\/www.youtube.com\/user\/FBiDUB"]},{"@type":"Person","@id":"https:\/\/fima.ub.edu\/noticies\/#\/schema\/person\/dc378ff0cdb85eb3d02f0b8b668edc45","name":"Anna Rubi\u00f3","image":{"@type":"ImageObject","inLanguage":"ca","@id":"https:\/\/secure.gravatar.com\/avatar\/dee6fdca9caf2bc48bb11cf46822c54cf8ec94b4ee9b965166649a19197cb935?s=96&d=mm&r=g","url":"https:\/\/secure.gravatar.com\/avatar\/dee6fdca9caf2bc48bb11cf46822c54cf8ec94b4ee9b965166649a19197cb935?s=96&d=mm&r=g","contentUrl":"https:\/\/secure.gravatar.com\/avatar\/dee6fdca9caf2bc48bb11cf46822c54cf8ec94b4ee9b965166649a19197cb935?s=96&d=mm&r=g","caption":"Anna Rubi\u00f3"},"url":"https:\/\/fima.ub.edu\/noticies\/author\/anna-rubio\/"}]}},"_links":{"self":[{"href":"https:\/\/fima.ub.edu\/noticies\/wp-json\/wp\/v2\/posts\/3446","targetHints":{"allow":["GET"]}}],"collection":[{"href":"https:\/\/fima.ub.edu\/noticies\/wp-json\/wp\/v2\/posts"}],"about":[{"href":"https:\/\/fima.ub.edu\/noticies\/wp-json\/wp\/v2\/types\/post"}],"author":[{"embeddable":true,"href":"https:\/\/fima.ub.edu\/noticies\/wp-json\/wp\/v2\/users\/6"}],"replies":[{"embeddable":true,"href":"https:\/\/fima.ub.edu\/noticies\/wp-json\/wp\/v2\/comments?post=3446"}],"version-history":[{"count":0,"href":"https:\/\/fima.ub.edu\/noticies\/wp-json\/wp\/v2\/posts\/3446\/revisions"}],"wp:featuredmedia":[{"embeddable":true,"href":"https:\/\/fima.ub.edu\/noticies\/wp-json\/wp\/v2\/media\/2292"}],"wp:attachment":[{"href":"https:\/\/fima.ub.edu\/noticies\/wp-json\/wp\/v2\/media?parent=3446"}],"wp:term":[{"taxonomy":"category","embeddable":true,"href":"https:\/\/fima.ub.edu\/noticies\/wp-json\/wp\/v2\/categories?post=3446"},{"taxonomy":"post_tag","embeddable":true,"href":"https:\/\/fima.ub.edu\/noticies\/wp-json\/wp\/v2\/tags?post=3446"},{"taxonomy":"vocabulary_5","embeddable":true,"href":"https:\/\/fima.ub.edu\/noticies\/wp-json\/wp\/v2\/vocabulary_5?post=3446"}],"curies":[{"name":"wp","href":"https:\/\/api.w.org\/{rel}","templated":true}]}}