{"id":4490,"date":"2019-05-03T08:50:40","date_gmt":"2019-05-03T06:50:40","guid":{"rendered":"https:\/\/fima.ub.edu\/noticies\/2019\/05\/03\/visita-destudiants-de-la-facultat-al-centre-de-documentacio-de-tvc\/"},"modified":"2019-05-03T08:50:40","modified_gmt":"2019-05-03T06:50:40","slug":"visita-destudiants-de-la-facultat-al-centre-de-documentacio-de-tvc","status":"publish","type":"post","link":"https:\/\/fima.ub.edu\/noticies\/2019\/05\/03\/visita-destudiants-de-la-facultat-al-centre-de-documentacio-de-tvc\/","title":{"rendered":"Visita d&#8217;estudiants de la Facultat al Centre de Documentaci\u00f3 de TVC"},"content":{"rendered":"<p class=\"rtejustify\">El passat dissabte 27 d&#8217;abril, alumnes de la Facultat dels graus de Comunicaci\u00f3 Audiovisual, Informaci\u00f3 i Documentaci\u00f3 i el doble grau Infocom, de les assignatures de Documentaci\u00f3 audiovisual i Avaluaci\u00f3 i qualitat, van visitar el Centre de Documentaci\u00f3 de Televisi\u00f3 de Catalunya amb els professors Jorge Franganillo, Javier Guallar, Candela Oll\u00e9 i Aurora Vall.<\/p>\n<p>\tLa visita, en la qual van participar tamb\u00e9 estudiants de la UOC, va tenir dues parts, com en altres ocasions. A la primera part, la documentalista Imma Rull va fer una xerrada sobre les tasques di\u00e0ries dels professionals de la documentaci\u00f3 audiovisual, mostrant el modern sistema de gesti\u00f3 de les imatges de TVC, anomenat Digition, i explicant la hist\u00f2ria i l\u2019evoluci\u00f3 del Centre. A la segona part, Imma Rull i Joana Monreal van guiar els visitants per les instal\u00b7lacions de la cadena, des del Departament de Documentaci\u00f3, fins a les sales de control, els plat\u00f3s i la redacci\u00f3 d\u2019informatius, on el documentalista Jordi L\u00f3pez Sant\u00edn va mostrar en directe com es tracten els enviaments d\u2019ag\u00e8ncia.<\/p>\n<p>\tMoltes gr\u00e0cies als professionals de TVC, que ens han acollit un any m\u00e9s!<\/p>\n<p class=\"rtejustify\">\n<p class=\"rtejustify\">&nbsp;<\/p>\n<p class=\"rtejustify\">&nbsp;<\/p>\n<p class=\"rtejustify\">&nbsp;<\/p>\n<p class=\"rtejustify\">&nbsp;<\/p>\n<p class=\"rtejustify\">&nbsp;<\/p>\n<p class=\"rtejustify\">&nbsp;<\/p>\n<p class=\"rtejustify\">&nbsp;<\/p>\n<p class=\"rtejustify\">&nbsp;<\/p>\n<p class=\"rtejustify\"><img decoding=\"async\" alt=\"\" src=\"https:\/\/www.ub.edu\/portal\/documents\/5181723\/0\/tv3+2019\/b29cb94b-7550-f0e2-cdda-0bf223bcda08?t=1556872989976\" style=\"width: 357px; height: 250px; float: left;\" \/><\/p>\n<p class=\"rtejustify\">&nbsp;<\/p>\n<p class=\"rtejustify\">&nbsp;<\/p>\n<p class=\"rtejustify\">&nbsp;<\/p>\n<p class=\"rtejustify\">&nbsp;<\/p>\n<p class=\"rtejustify\">&nbsp;<\/p>\n<p class=\"rtejustify\">&nbsp;<\/p>\n<p class=\"rtejustify\">&nbsp;<\/p>\n<p class=\"rtejustify\">&nbsp;<\/p>\n<p class=\"rtejustify\">&nbsp;<\/p>\n<p class=\"rtejustify\"><img decoding=\"async\" alt=\"\" src=\"https:\/\/www.ub.edu\/portal\/documents\/5181723\/0\/noticia+visita+tv3\/ae7c1014-df24-a8c7-1180-8d5b7581739e?t=1556873032723\" style=\"width: 350px; height: 209px; float: left;\" \/><\/p>\n<p class=\"rtejustify\">&nbsp;<\/p>\n<p class=\"rtejustify\">&nbsp;<\/p>\n<p class=\"rtejustify\">&nbsp;<\/p>\n<p class=\"rtejustify\">&nbsp;<\/p>\n<p class=\"rtejustify\">&nbsp;<\/p>\n<p class=\"rtejustify\">&nbsp;<\/p>\n<p class=\"rtejustify\">&nbsp;<\/p>\n<p class=\"rtejustify\">&nbsp;<\/p>\n<p class=\"rtejustify\">&nbsp;<\/p>\n<p class=\"rtejustify\">&nbsp;<\/p>\n<p class=\"rtejustify\"><!--break--><\/p>\n","protected":false},"excerpt":{"rendered":"<p>El passat dissabte 27 d&#8217;abril, alumnes de la Facultat dels graus de Comunicaci\u00f3 Audiovisual, Informaci\u00f3 i Documentaci\u00f3 i el doble grau Infocom, de les assignatures de Documentaci\u00f3 audiovisual i Avaluaci\u00f3 i qualitat, van visitar el Centre de Documentaci\u00f3 de Televisi\u00f3 de Catalunya amb els professors Jorge Franganillo, Javier Guallar, Candela Oll\u00e9 i Aurora Vall. La visita, en la qual van participar tamb\u00e9 estudiants de la UOC, va tenir dues parts, com en altres ocasions. A la primera part, la documentalista Imma Rull va fer una xerrada sobre les tasques di\u00e0ries dels professionals de la documentaci\u00f3 audiovisual, mostrant el modern sistema de gesti\u00f3 de les imatges de TVC, anomenat Digition, i explicant la hist\u00f2ria i l\u2019evoluci\u00f3 del Centre. A la segona part, Imma Rull i Joana Monreal van guiar els visitants per les instal\u00b7lacions de la cadena, des del Departament de Documentaci\u00f3, fins a les sales de control, els plat\u00f3s i la redacci\u00f3 d\u2019informatius, on el documentalista Jordi L\u00f3pez Sant\u00edn va mostrar en directe com es tracten els enviaments d\u2019ag\u00e8ncia. Moltes gr\u00e0cies als professionals de TVC, que ens han acollit un any m\u00e9s! &nbsp; &nbsp; &nbsp; &nbsp; &nbsp; &nbsp; &nbsp; &nbsp; &nbsp; &nbsp; &nbsp; &nbsp; &nbsp; &nbsp; &nbsp; &nbsp; &nbsp; &nbsp; &nbsp; &nbsp; &nbsp; &nbsp; &nbsp; &nbsp; &nbsp; &nbsp; &nbsp;<\/p>\n","protected":false},"author":7,"featured_media":0,"comment_status":"open","ping_status":"open","sticky":false,"template":"","format":"standard","meta":{"_acf_changed":false,"footnotes":""},"categories":[4],"tags":[305,659,215,91,77,942,335,1990],"vocabulary_5":[],"class_list":["post-4490","post","type-post","status-publish","format-standard","hentry","category-activitats","tag-avaluacio-i-qualitat","tag-comunicacio-audiovisual","tag-documentacio-audiovisual","tag-estudiants","tag-grau-dinformacio-i-documentacio","tag-infocom","tag-tv3","tag-tvc"],"acf":[],"yoast_head":"<!-- This site is optimized with the Yoast SEO plugin v27.2 - https:\/\/yoast.com\/product\/yoast-seo-wordpress\/ -->\n<title>Visita d&#039;estudiants de la Facultat al Centre de Documentaci\u00f3 de TVC - Not\u00edcies de la Facultat d&#039;Informaci\u00f3 i Mitjans Audiovisuals<\/title>\n<meta name=\"robots\" content=\"index, follow, max-snippet:-1, max-image-preview:large, max-video-preview:-1\" \/>\n<link rel=\"canonical\" href=\"https:\/\/fima.ub.edu\/noticies\/2019\/05\/03\/visita-destudiants-de-la-facultat-al-centre-de-documentacio-de-tvc\/\" \/>\n<meta property=\"og:locale\" content=\"ca_ES\" \/>\n<meta property=\"og:type\" content=\"article\" \/>\n<meta property=\"og:title\" content=\"Visita d&#039;estudiants de la Facultat al Centre de Documentaci\u00f3 de TVC - Not\u00edcies de la Facultat d&#039;Informaci\u00f3 i Mitjans Audiovisuals\" \/>\n<meta property=\"og:description\" content=\"El passat dissabte 27 d&#8217;abril, alumnes de la Facultat dels graus de Comunicaci\u00f3 Audiovisual, Informaci\u00f3 i Documentaci\u00f3 i el doble grau Infocom, de les assignatures de Documentaci\u00f3 audiovisual i Avaluaci\u00f3 i qualitat, van visitar el Centre de Documentaci\u00f3 de Televisi\u00f3 de Catalunya amb els professors Jorge Franganillo, Javier Guallar, Candela Oll\u00e9 i Aurora Vall. La visita, en la qual van participar tamb\u00e9 estudiants de la UOC, va tenir dues parts, com en altres ocasions. A la primera part, la documentalista Imma Rull va fer una xerrada sobre les tasques di\u00e0ries dels professionals de la documentaci\u00f3 audiovisual, mostrant el modern sistema de gesti\u00f3 de les imatges de TVC, anomenat Digition, i explicant la hist\u00f2ria i l\u2019evoluci\u00f3 del Centre. A la segona part, Imma Rull i Joana Monreal van guiar els visitants per les instal\u00b7lacions de la cadena, des del Departament de Documentaci\u00f3, fins a les sales de control, els plat\u00f3s i la redacci\u00f3 d\u2019informatius, on el documentalista Jordi L\u00f3pez Sant\u00edn va mostrar en directe com es tracten els enviaments d\u2019ag\u00e8ncia. Moltes gr\u00e0cies als professionals de TVC, que ens han acollit un any m\u00e9s! &nbsp; &nbsp; &nbsp; &nbsp; &nbsp; &nbsp; &nbsp; &nbsp; &nbsp; &nbsp; &nbsp; &nbsp; &nbsp; &nbsp; &nbsp; &nbsp; &nbsp; &nbsp; &nbsp; &nbsp; &nbsp; &nbsp; &nbsp; &nbsp; &nbsp; &nbsp; &nbsp;\" \/>\n<meta property=\"og:url\" content=\"https:\/\/fima.ub.edu\/noticies\/2019\/05\/03\/visita-destudiants-de-la-facultat-al-centre-de-documentacio-de-tvc\/\" \/>\n<meta property=\"og:site_name\" content=\"Not\u00edcies de la Facultat d&#039;Informaci\u00f3 i Mitjans Audiovisuals\" \/>\n<meta property=\"article:publisher\" content=\"https:\/\/www.facebook.com\/FIMAUB\" \/>\n<meta property=\"article:published_time\" content=\"2019-05-03T06:50:40+00:00\" \/>\n<meta property=\"og:image\" content=\"https:\/\/www.ub.edu\/portal\/documents\/5181723\/0\/tv3+2019\/b29cb94b-7550-f0e2-cdda-0bf223bcda08?t=1556872989976\" \/>\n<meta name=\"author\" content=\"FIMA\" \/>\n<meta name=\"twitter:card\" content=\"summary_large_image\" \/>\n<meta name=\"twitter:creator\" content=\"@FIMA_UB\" \/>\n<meta name=\"twitter:site\" content=\"@FIMA_UB\" \/>\n<meta name=\"twitter:label1\" content=\"Escrit per\" \/>\n\t<meta name=\"twitter:data1\" content=\"FIMA\" \/>\n\t<meta name=\"twitter:label2\" content=\"Temps estimat de lectura\" \/>\n\t<meta name=\"twitter:data2\" content=\"1 minut\" \/>\n<script type=\"application\/ld+json\" class=\"yoast-schema-graph\">{\"@context\":\"https:\/\/schema.org\",\"@graph\":[{\"@type\":\"Article\",\"@id\":\"https:\/\/fima.ub.edu\/noticies\/2019\/05\/03\/visita-destudiants-de-la-facultat-al-centre-de-documentacio-de-tvc\/#article\",\"isPartOf\":{\"@id\":\"https:\/\/fima.ub.edu\/noticies\/2019\/05\/03\/visita-destudiants-de-la-facultat-al-centre-de-documentacio-de-tvc\/\"},\"author\":{\"name\":\"FIMA\",\"@id\":\"https:\/\/fima.ub.edu\/noticies\/#\/schema\/person\/3debeefad6254c6d18a294db7ed01f49\"},\"headline\":\"Visita d&#8217;estudiants de la Facultat al Centre de Documentaci\u00f3 de TVC\",\"datePublished\":\"2019-05-03T06:50:40+00:00\",\"mainEntityOfPage\":{\"@id\":\"https:\/\/fima.ub.edu\/noticies\/2019\/05\/03\/visita-destudiants-de-la-facultat-al-centre-de-documentacio-de-tvc\/\"},\"wordCount\":233,\"commentCount\":0,\"publisher\":{\"@id\":\"https:\/\/fima.ub.edu\/noticies\/#organization\"},\"image\":{\"@id\":\"https:\/\/fima.ub.edu\/noticies\/2019\/05\/03\/visita-destudiants-de-la-facultat-al-centre-de-documentacio-de-tvc\/#primaryimage\"},\"thumbnailUrl\":\"https:\/\/www.ub.edu\/portal\/documents\/5181723\/0\/tv3+2019\/b29cb94b-7550-f0e2-cdda-0bf223bcda08?t=1556872989976\",\"keywords\":[\"Avaluaci\u00f3 i Qualitat\",\"Comunicaci\u00f3 Audiovisual\",\"Documentaci\u00f3 audiovisual\",\"estudiants\",\"grau d'Informaci\u00f3 i Documentaci\u00f3\",\"Infocom\",\"TV3\",\"TVC\"],\"articleSection\":[\"Activitats\"],\"inLanguage\":\"ca\",\"potentialAction\":[{\"@type\":\"CommentAction\",\"name\":\"Comment\",\"target\":[\"https:\/\/fima.ub.edu\/noticies\/2019\/05\/03\/visita-destudiants-de-la-facultat-al-centre-de-documentacio-de-tvc\/#respond\"]}]},{\"@type\":\"WebPage\",\"@id\":\"https:\/\/fima.ub.edu\/noticies\/2019\/05\/03\/visita-destudiants-de-la-facultat-al-centre-de-documentacio-de-tvc\/\",\"url\":\"https:\/\/fima.ub.edu\/noticies\/2019\/05\/03\/visita-destudiants-de-la-facultat-al-centre-de-documentacio-de-tvc\/\",\"name\":\"Visita d'estudiants de la Facultat al Centre de Documentaci\u00f3 de TVC - Not\u00edcies de la Facultat d&#039;Informaci\u00f3 i Mitjans Audiovisuals\",\"isPartOf\":{\"@id\":\"https:\/\/fima.ub.edu\/noticies\/#website\"},\"primaryImageOfPage\":{\"@id\":\"https:\/\/fima.ub.edu\/noticies\/2019\/05\/03\/visita-destudiants-de-la-facultat-al-centre-de-documentacio-de-tvc\/#primaryimage\"},\"image\":{\"@id\":\"https:\/\/fima.ub.edu\/noticies\/2019\/05\/03\/visita-destudiants-de-la-facultat-al-centre-de-documentacio-de-tvc\/#primaryimage\"},\"thumbnailUrl\":\"https:\/\/www.ub.edu\/portal\/documents\/5181723\/0\/tv3+2019\/b29cb94b-7550-f0e2-cdda-0bf223bcda08?t=1556872989976\",\"datePublished\":\"2019-05-03T06:50:40+00:00\",\"breadcrumb\":{\"@id\":\"https:\/\/fima.ub.edu\/noticies\/2019\/05\/03\/visita-destudiants-de-la-facultat-al-centre-de-documentacio-de-tvc\/#breadcrumb\"},\"inLanguage\":\"ca\",\"potentialAction\":[{\"@type\":\"ReadAction\",\"target\":[\"https:\/\/fima.ub.edu\/noticies\/2019\/05\/03\/visita-destudiants-de-la-facultat-al-centre-de-documentacio-de-tvc\/\"]}]},{\"@type\":\"ImageObject\",\"inLanguage\":\"ca\",\"@id\":\"https:\/\/fima.ub.edu\/noticies\/2019\/05\/03\/visita-destudiants-de-la-facultat-al-centre-de-documentacio-de-tvc\/#primaryimage\",\"url\":\"https:\/\/www.ub.edu\/portal\/documents\/5181723\/0\/tv3+2019\/b29cb94b-7550-f0e2-cdda-0bf223bcda08?t=1556872989976\",\"contentUrl\":\"https:\/\/www.ub.edu\/portal\/documents\/5181723\/0\/tv3+2019\/b29cb94b-7550-f0e2-cdda-0bf223bcda08?t=1556872989976\"},{\"@type\":\"BreadcrumbList\",\"@id\":\"https:\/\/fima.ub.edu\/noticies\/2019\/05\/03\/visita-destudiants-de-la-facultat-al-centre-de-documentacio-de-tvc\/#breadcrumb\",\"itemListElement\":[{\"@type\":\"ListItem\",\"position\":1,\"name\":\"Inici\",\"item\":\"https:\/\/fima.ub.edu\/noticies\/\"},{\"@type\":\"ListItem\",\"position\":2,\"name\":\"Visita d&#8217;estudiants de la Facultat al Centre de Documentaci\u00f3 de TVC\"}]},{\"@type\":\"WebSite\",\"@id\":\"https:\/\/fima.ub.edu\/noticies\/#website\",\"url\":\"https:\/\/fima.ub.edu\/noticies\/\",\"name\":\"Not\u00edcies de la Facultat d&#039;Informaci\u00f3 i Mitjans Audiovisuals\",\"description\":\"\",\"publisher\":{\"@id\":\"https:\/\/fima.ub.edu\/noticies\/#organization\"},\"potentialAction\":[{\"@type\":\"SearchAction\",\"target\":{\"@type\":\"EntryPoint\",\"urlTemplate\":\"https:\/\/fima.ub.edu\/noticies\/?s={search_term_string}\"},\"query-input\":{\"@type\":\"PropertyValueSpecification\",\"valueRequired\":true,\"valueName\":\"search_term_string\"}}],\"inLanguage\":\"ca\"},{\"@type\":\"Organization\",\"@id\":\"https:\/\/fima.ub.edu\/noticies\/#organization\",\"name\":\"Not\u00edcies de la Facultat d&#039;Informaci\u00f3 i Mitjans Audiovisuals\",\"url\":\"https:\/\/fima.ub.edu\/noticies\/\",\"logo\":{\"@type\":\"ImageObject\",\"inLanguage\":\"ca\",\"@id\":\"https:\/\/fima.ub.edu\/noticies\/#\/schema\/logo\/image\/\",\"url\":\"https:\/\/fima.ub.edu\/noticies\/wp-content\/uploads\/2023\/09\/cropped-fima_noticies.png\",\"contentUrl\":\"https:\/\/fima.ub.edu\/noticies\/wp-content\/uploads\/2023\/09\/cropped-fima_noticies.png\",\"width\":1009,\"height\":200,\"caption\":\"Not\u00edcies de la Facultat d&#039;Informaci\u00f3 i Mitjans Audiovisuals\"},\"image\":{\"@id\":\"https:\/\/fima.ub.edu\/noticies\/#\/schema\/logo\/image\/\"},\"sameAs\":[\"https:\/\/www.facebook.com\/FIMAUB\",\"https:\/\/x.com\/FIMA_UB\",\"https:\/\/www.instagram.com\/fima_ub\/\",\"https:\/\/www.flickr.com\/photos\/fbid_ub\/\",\"https:\/\/www.slideshare.net\/FBDUB\",\"https:\/\/www.youtube.com\/user\/FBiDUB\"]},{\"@type\":\"Person\",\"@id\":\"https:\/\/fima.ub.edu\/noticies\/#\/schema\/person\/3debeefad6254c6d18a294db7ed01f49\",\"name\":\"FIMA\",\"image\":{\"@type\":\"ImageObject\",\"inLanguage\":\"ca\",\"@id\":\"https:\/\/secure.gravatar.com\/avatar\/a5eb35c10cfc5762dc4d1f1e3e2a6749bcd2eadf91a6377242fdc1b1bacde41d?s=96&d=mm&r=g\",\"url\":\"https:\/\/secure.gravatar.com\/avatar\/a5eb35c10cfc5762dc4d1f1e3e2a6749bcd2eadf91a6377242fdc1b1bacde41d?s=96&d=mm&r=g\",\"contentUrl\":\"https:\/\/secure.gravatar.com\/avatar\/a5eb35c10cfc5762dc4d1f1e3e2a6749bcd2eadf91a6377242fdc1b1bacde41d?s=96&d=mm&r=g\",\"caption\":\"FIMA\"},\"url\":\"https:\/\/fima.ub.edu\/noticies\/author\/fima\/\"}]}<\/script>\n<!-- \/ Yoast SEO plugin. -->","yoast_head_json":{"title":"Visita d'estudiants de la Facultat al Centre de Documentaci\u00f3 de TVC - Not\u00edcies de la Facultat d&#039;Informaci\u00f3 i Mitjans Audiovisuals","robots":{"index":"index","follow":"follow","max-snippet":"max-snippet:-1","max-image-preview":"max-image-preview:large","max-video-preview":"max-video-preview:-1"},"canonical":"https:\/\/fima.ub.edu\/noticies\/2019\/05\/03\/visita-destudiants-de-la-facultat-al-centre-de-documentacio-de-tvc\/","og_locale":"ca_ES","og_type":"article","og_title":"Visita d'estudiants de la Facultat al Centre de Documentaci\u00f3 de TVC - Not\u00edcies de la Facultat d&#039;Informaci\u00f3 i Mitjans Audiovisuals","og_description":"El passat dissabte 27 d&#8217;abril, alumnes de la Facultat dels graus de Comunicaci\u00f3 Audiovisual, Informaci\u00f3 i Documentaci\u00f3 i el doble grau Infocom, de les assignatures de Documentaci\u00f3 audiovisual i Avaluaci\u00f3 i qualitat, van visitar el Centre de Documentaci\u00f3 de Televisi\u00f3 de Catalunya amb els professors Jorge Franganillo, Javier Guallar, Candela Oll\u00e9 i Aurora Vall. La visita, en la qual van participar tamb\u00e9 estudiants de la UOC, va tenir dues parts, com en altres ocasions. A la primera part, la documentalista Imma Rull va fer una xerrada sobre les tasques di\u00e0ries dels professionals de la documentaci\u00f3 audiovisual, mostrant el modern sistema de gesti\u00f3 de les imatges de TVC, anomenat Digition, i explicant la hist\u00f2ria i l\u2019evoluci\u00f3 del Centre. A la segona part, Imma Rull i Joana Monreal van guiar els visitants per les instal\u00b7lacions de la cadena, des del Departament de Documentaci\u00f3, fins a les sales de control, els plat\u00f3s i la redacci\u00f3 d\u2019informatius, on el documentalista Jordi L\u00f3pez Sant\u00edn va mostrar en directe com es tracten els enviaments d\u2019ag\u00e8ncia. Moltes gr\u00e0cies als professionals de TVC, que ens han acollit un any m\u00e9s! &nbsp; &nbsp; &nbsp; &nbsp; &nbsp; &nbsp; &nbsp; &nbsp; &nbsp; &nbsp; &nbsp; &nbsp; &nbsp; &nbsp; &nbsp; &nbsp; &nbsp; &nbsp; &nbsp; &nbsp; &nbsp; &nbsp; &nbsp; &nbsp; &nbsp; &nbsp; &nbsp;","og_url":"https:\/\/fima.ub.edu\/noticies\/2019\/05\/03\/visita-destudiants-de-la-facultat-al-centre-de-documentacio-de-tvc\/","og_site_name":"Not\u00edcies de la Facultat d&#039;Informaci\u00f3 i Mitjans Audiovisuals","article_publisher":"https:\/\/www.facebook.com\/FIMAUB","article_published_time":"2019-05-03T06:50:40+00:00","og_image":[{"url":"https:\/\/www.ub.edu\/portal\/documents\/5181723\/0\/tv3+2019\/b29cb94b-7550-f0e2-cdda-0bf223bcda08?t=1556872989976","type":"","width":"","height":""}],"author":"FIMA","twitter_card":"summary_large_image","twitter_creator":"@FIMA_UB","twitter_site":"@FIMA_UB","twitter_misc":{"Escrit per":"FIMA","Temps estimat de lectura":"1 minut"},"schema":{"@context":"https:\/\/schema.org","@graph":[{"@type":"Article","@id":"https:\/\/fima.ub.edu\/noticies\/2019\/05\/03\/visita-destudiants-de-la-facultat-al-centre-de-documentacio-de-tvc\/#article","isPartOf":{"@id":"https:\/\/fima.ub.edu\/noticies\/2019\/05\/03\/visita-destudiants-de-la-facultat-al-centre-de-documentacio-de-tvc\/"},"author":{"name":"FIMA","@id":"https:\/\/fima.ub.edu\/noticies\/#\/schema\/person\/3debeefad6254c6d18a294db7ed01f49"},"headline":"Visita d&#8217;estudiants de la Facultat al Centre de Documentaci\u00f3 de TVC","datePublished":"2019-05-03T06:50:40+00:00","mainEntityOfPage":{"@id":"https:\/\/fima.ub.edu\/noticies\/2019\/05\/03\/visita-destudiants-de-la-facultat-al-centre-de-documentacio-de-tvc\/"},"wordCount":233,"commentCount":0,"publisher":{"@id":"https:\/\/fima.ub.edu\/noticies\/#organization"},"image":{"@id":"https:\/\/fima.ub.edu\/noticies\/2019\/05\/03\/visita-destudiants-de-la-facultat-al-centre-de-documentacio-de-tvc\/#primaryimage"},"thumbnailUrl":"https:\/\/www.ub.edu\/portal\/documents\/5181723\/0\/tv3+2019\/b29cb94b-7550-f0e2-cdda-0bf223bcda08?t=1556872989976","keywords":["Avaluaci\u00f3 i Qualitat","Comunicaci\u00f3 Audiovisual","Documentaci\u00f3 audiovisual","estudiants","grau d'Informaci\u00f3 i Documentaci\u00f3","Infocom","TV3","TVC"],"articleSection":["Activitats"],"inLanguage":"ca","potentialAction":[{"@type":"CommentAction","name":"Comment","target":["https:\/\/fima.ub.edu\/noticies\/2019\/05\/03\/visita-destudiants-de-la-facultat-al-centre-de-documentacio-de-tvc\/#respond"]}]},{"@type":"WebPage","@id":"https:\/\/fima.ub.edu\/noticies\/2019\/05\/03\/visita-destudiants-de-la-facultat-al-centre-de-documentacio-de-tvc\/","url":"https:\/\/fima.ub.edu\/noticies\/2019\/05\/03\/visita-destudiants-de-la-facultat-al-centre-de-documentacio-de-tvc\/","name":"Visita d'estudiants de la Facultat al Centre de Documentaci\u00f3 de TVC - Not\u00edcies de la Facultat d&#039;Informaci\u00f3 i Mitjans Audiovisuals","isPartOf":{"@id":"https:\/\/fima.ub.edu\/noticies\/#website"},"primaryImageOfPage":{"@id":"https:\/\/fima.ub.edu\/noticies\/2019\/05\/03\/visita-destudiants-de-la-facultat-al-centre-de-documentacio-de-tvc\/#primaryimage"},"image":{"@id":"https:\/\/fima.ub.edu\/noticies\/2019\/05\/03\/visita-destudiants-de-la-facultat-al-centre-de-documentacio-de-tvc\/#primaryimage"},"thumbnailUrl":"https:\/\/www.ub.edu\/portal\/documents\/5181723\/0\/tv3+2019\/b29cb94b-7550-f0e2-cdda-0bf223bcda08?t=1556872989976","datePublished":"2019-05-03T06:50:40+00:00","breadcrumb":{"@id":"https:\/\/fima.ub.edu\/noticies\/2019\/05\/03\/visita-destudiants-de-la-facultat-al-centre-de-documentacio-de-tvc\/#breadcrumb"},"inLanguage":"ca","potentialAction":[{"@type":"ReadAction","target":["https:\/\/fima.ub.edu\/noticies\/2019\/05\/03\/visita-destudiants-de-la-facultat-al-centre-de-documentacio-de-tvc\/"]}]},{"@type":"ImageObject","inLanguage":"ca","@id":"https:\/\/fima.ub.edu\/noticies\/2019\/05\/03\/visita-destudiants-de-la-facultat-al-centre-de-documentacio-de-tvc\/#primaryimage","url":"https:\/\/www.ub.edu\/portal\/documents\/5181723\/0\/tv3+2019\/b29cb94b-7550-f0e2-cdda-0bf223bcda08?t=1556872989976","contentUrl":"https:\/\/www.ub.edu\/portal\/documents\/5181723\/0\/tv3+2019\/b29cb94b-7550-f0e2-cdda-0bf223bcda08?t=1556872989976"},{"@type":"BreadcrumbList","@id":"https:\/\/fima.ub.edu\/noticies\/2019\/05\/03\/visita-destudiants-de-la-facultat-al-centre-de-documentacio-de-tvc\/#breadcrumb","itemListElement":[{"@type":"ListItem","position":1,"name":"Inici","item":"https:\/\/fima.ub.edu\/noticies\/"},{"@type":"ListItem","position":2,"name":"Visita d&#8217;estudiants de la Facultat al Centre de Documentaci\u00f3 de TVC"}]},{"@type":"WebSite","@id":"https:\/\/fima.ub.edu\/noticies\/#website","url":"https:\/\/fima.ub.edu\/noticies\/","name":"Not\u00edcies de la Facultat d&#039;Informaci\u00f3 i Mitjans Audiovisuals","description":"","publisher":{"@id":"https:\/\/fima.ub.edu\/noticies\/#organization"},"potentialAction":[{"@type":"SearchAction","target":{"@type":"EntryPoint","urlTemplate":"https:\/\/fima.ub.edu\/noticies\/?s={search_term_string}"},"query-input":{"@type":"PropertyValueSpecification","valueRequired":true,"valueName":"search_term_string"}}],"inLanguage":"ca"},{"@type":"Organization","@id":"https:\/\/fima.ub.edu\/noticies\/#organization","name":"Not\u00edcies de la Facultat d&#039;Informaci\u00f3 i Mitjans Audiovisuals","url":"https:\/\/fima.ub.edu\/noticies\/","logo":{"@type":"ImageObject","inLanguage":"ca","@id":"https:\/\/fima.ub.edu\/noticies\/#\/schema\/logo\/image\/","url":"https:\/\/fima.ub.edu\/noticies\/wp-content\/uploads\/2023\/09\/cropped-fima_noticies.png","contentUrl":"https:\/\/fima.ub.edu\/noticies\/wp-content\/uploads\/2023\/09\/cropped-fima_noticies.png","width":1009,"height":200,"caption":"Not\u00edcies de la Facultat d&#039;Informaci\u00f3 i Mitjans Audiovisuals"},"image":{"@id":"https:\/\/fima.ub.edu\/noticies\/#\/schema\/logo\/image\/"},"sameAs":["https:\/\/www.facebook.com\/FIMAUB","https:\/\/x.com\/FIMA_UB","https:\/\/www.instagram.com\/fima_ub\/","https:\/\/www.flickr.com\/photos\/fbid_ub\/","https:\/\/www.slideshare.net\/FBDUB","https:\/\/www.youtube.com\/user\/FBiDUB"]},{"@type":"Person","@id":"https:\/\/fima.ub.edu\/noticies\/#\/schema\/person\/3debeefad6254c6d18a294db7ed01f49","name":"FIMA","image":{"@type":"ImageObject","inLanguage":"ca","@id":"https:\/\/secure.gravatar.com\/avatar\/a5eb35c10cfc5762dc4d1f1e3e2a6749bcd2eadf91a6377242fdc1b1bacde41d?s=96&d=mm&r=g","url":"https:\/\/secure.gravatar.com\/avatar\/a5eb35c10cfc5762dc4d1f1e3e2a6749bcd2eadf91a6377242fdc1b1bacde41d?s=96&d=mm&r=g","contentUrl":"https:\/\/secure.gravatar.com\/avatar\/a5eb35c10cfc5762dc4d1f1e3e2a6749bcd2eadf91a6377242fdc1b1bacde41d?s=96&d=mm&r=g","caption":"FIMA"},"url":"https:\/\/fima.ub.edu\/noticies\/author\/fima\/"}]}},"_links":{"self":[{"href":"https:\/\/fima.ub.edu\/noticies\/wp-json\/wp\/v2\/posts\/4490","targetHints":{"allow":["GET"]}}],"collection":[{"href":"https:\/\/fima.ub.edu\/noticies\/wp-json\/wp\/v2\/posts"}],"about":[{"href":"https:\/\/fima.ub.edu\/noticies\/wp-json\/wp\/v2\/types\/post"}],"author":[{"embeddable":true,"href":"https:\/\/fima.ub.edu\/noticies\/wp-json\/wp\/v2\/users\/7"}],"replies":[{"embeddable":true,"href":"https:\/\/fima.ub.edu\/noticies\/wp-json\/wp\/v2\/comments?post=4490"}],"version-history":[{"count":0,"href":"https:\/\/fima.ub.edu\/noticies\/wp-json\/wp\/v2\/posts\/4490\/revisions"}],"wp:attachment":[{"href":"https:\/\/fima.ub.edu\/noticies\/wp-json\/wp\/v2\/media?parent=4490"}],"wp:term":[{"taxonomy":"category","embeddable":true,"href":"https:\/\/fima.ub.edu\/noticies\/wp-json\/wp\/v2\/categories?post=4490"},{"taxonomy":"post_tag","embeddable":true,"href":"https:\/\/fima.ub.edu\/noticies\/wp-json\/wp\/v2\/tags?post=4490"},{"taxonomy":"vocabulary_5","embeddable":true,"href":"https:\/\/fima.ub.edu\/noticies\/wp-json\/wp\/v2\/vocabulary_5?post=4490"}],"curies":[{"name":"wp","href":"https:\/\/api.w.org\/{rel}","templated":true}]}}