{"id":5211,"date":"2021-05-19T16:29:13","date_gmt":"2021-05-19T14:29:13","guid":{"rendered":"https:\/\/fima.ub.edu\/noticies\/2021\/05\/19\/presentacio-de-calonge-com-vila-del-llibre-estable\/"},"modified":"2021-05-19T16:29:13","modified_gmt":"2021-05-19T14:29:13","slug":"presentacio-de-calonge-com-vila-del-llibre-estable","status":"publish","type":"post","link":"https:\/\/fima.ub.edu\/noticies\/2021\/05\/19\/presentacio-de-calonge-com-vila-del-llibre-estable\/","title":{"rendered":"Presentaci\u00f3 de Calonge com a vila del llibre estable"},"content":{"rendered":"<p>El 26 de maig de 2021, a les 10 h, tindr\u00e0 lloc a la Facultat la presentaci\u00f3 del projecte del municipi de Calonge i Sant Antoni (Baix Empord\u00e0) de convertir-se en la primera vila del llibre permanent a Catalunya. Les viles del llibre (<em>villages du livre<\/em> en franc\u00e8s,<em> booktowns<\/em> en angl\u00e8s) s\u00f3n petites localitats on s\u2019hi instal\u00b7len un gran nombre de llibreries (de llibre nou, per\u00f2 sobretot de llibre antic i de segona m\u00e0) i actuen com a pol d\u2019atracci\u00f3 per al turisme i el comer\u00e7. A Espanya existeix un sol cas, que va comen\u00e7ar el 2007 amb l\u2019impuls de la diputaci\u00f3 provincial de Valladolid: Urue\u00f1a. Actualment, amb 189 habitants, aquest poble disposa de 12 llibreries.<\/p>\n<p>L\u2019Ajuntament de Calonge es proposa convertir aquesta poblaci\u00f3 (situada en plena Costa Brava, amb 11.000 habitants) en la primera vila del llibre estable de Catalunya, i per aix\u00f2 ofereix tota una s\u00e8rie de facilitats als emprenedors que hi vulguin obrir una llibreria (incentius fiscals, intermediaci\u00f3 amb els propietaris dels locals disponibles i diversos ajuts econ\u00f2mics). A m\u00e9s, t\u00e9 la intenci\u00f3 de programar un seguit d\u2019activitats culturals al llarg de l\u2019any per atreure visitants al poble, que d\u2019altra banda compta amb notables atractius tur\u00edstics.<\/p>\n<p>Aquest projecte ser\u00e0 presentat el proper 26 de maig de 2021, amb el suport de la Facultat i, concretament, de l\u2019Escola de Llibreria. Donada la situaci\u00f3 pand\u00e8mica, l\u2019acte tindr\u00e0 lloc en l\u00ednia, i es podr\u00e0 seguir en obert per mitj\u00e0 del <a href=\"https:\/\/www.youtube.com\/user\/FBiDUB\">canal de YouTube de la Facultat<\/a>.<\/p>\n<p>A l\u2019acte intervindr\u00e0 molta gent: el nostre deg\u00e0, autoritats locals, presidents dels gremis de llibreters de vell i de nou, experts en el tema, i una copiosa representaci\u00f3 d\u2019altres viles del llibre d\u2019arreu d\u2019Europa (Bulg\u00e0ria, Dinamarca, Fran\u00e7a, Regne Unit i Su\u00e8cia). El regidor de cultura de Calonge presentar\u00e0 els detalls d\u2019aquest projecte cultural, al qual li desitgem molt d\u2019\u00e8xit.<\/p>\n<p>Us convidem a veure <a href=\"https:\/\/www.ub.edu\/portal\/documents\/5181723\/0\/Programa-Jornada+sobre+viles+del+llibre-REV.pdf\/b01f1c54-d37e-27b1-eac4-21694f0ff9ce\">el programa<\/a> per a tots els detalls de l\u2019acte, i a connectar-vos en directe si us ve de gust.<\/p>\n<\/p>\n<p>&nbsp;<\/p>\n<p><!--break--><\/p>\n","protected":false},"excerpt":{"rendered":"<p>El 26 de maig de 2021, a les 10 h, tindr\u00e0 lloc a la Facultat la presentaci\u00f3 del projecte del municipi de Calonge i Sant Antoni (Baix Empord\u00e0) de convertir-se en la primera vila del llibre permanent a Catalunya. Les viles del llibre (villages du livre en franc\u00e8s, booktowns en angl\u00e8s) s\u00f3n petites localitats on s\u2019hi instal\u00b7len un gran nombre de llibreries (de llibre nou, per\u00f2 sobretot de llibre antic i de segona m\u00e0) i actuen com a pol d\u2019atracci\u00f3 per al turisme i el comer\u00e7. A Espanya existeix un sol cas, que va comen\u00e7ar el 2007 amb l\u2019impuls de la diputaci\u00f3 provincial de Valladolid: Urue\u00f1a. Actualment, amb 189 habitants, aquest poble disposa de 12 llibreries. L\u2019Ajuntament de Calonge es proposa convertir aquesta poblaci\u00f3 (situada en plena Costa Brava, amb 11.000 habitants) en la primera vila del llibre estable de Catalunya, i per aix\u00f2 ofereix tota una s\u00e8rie de facilitats als emprenedors que hi vulguin obrir una llibreria (incentius fiscals, intermediaci\u00f3 amb els propietaris dels locals disponibles i diversos ajuts econ\u00f2mics). A m\u00e9s, t\u00e9 la intenci\u00f3 de programar un seguit d\u2019activitats culturals al llarg de l\u2019any per atreure visitants al poble, que d\u2019altra banda compta amb notables atractius tur\u00edstics. Aquest projecte ser\u00e0 presentat el proper 26 de maig de 2021, amb el suport de la Facultat i, concretament, de l\u2019Escola de Llibreria. Donada la situaci\u00f3 pand\u00e8mica, l\u2019acte tindr\u00e0 lloc en l\u00ednia, i es podr\u00e0 seguir en obert per mitj\u00e0 del canal de YouTube de la Facultat. A l\u2019acte intervindr\u00e0 molta gent: el nostre deg\u00e0, autoritats locals, presidents dels gremis de llibreters de vell i de nou, experts en el tema, i una copiosa representaci\u00f3 d\u2019altres viles del llibre d\u2019arreu d\u2019Europa (Bulg\u00e0ria, Dinamarca, Fran\u00e7a, Regne Unit i Su\u00e8cia). El regidor de cultura de Calonge presentar\u00e0 els detalls d\u2019aquest projecte cultural, al qual li desitgem molt d\u2019\u00e8xit. Us convidem a veure el programa per a tots els detalls de l\u2019acte, i a connectar-vos en directe si us ve de gust. &nbsp;<\/p>\n","protected":false},"author":7,"featured_media":5210,"comment_status":"open","ping_status":"open","sticky":false,"template":"","format":"standard","meta":{"_acf_changed":false,"footnotes":""},"categories":[4],"tags":[2952,2950,450,2951],"vocabulary_5":[],"class_list":["post-5211","post","type-post","status-publish","format-standard","has-post-thumbnail","hentry","category-activitats","tag-booktowns","tag-calonge-i-sant-antoni","tag-jornada","tag-viles-del-llibre"],"acf":[],"yoast_head":"<!-- This site is optimized with the Yoast SEO plugin v28.3 - https:\/\/yoast.com\/product\/yoast-seo-wordpress\/ -->\n<title>Presentaci\u00f3 de Calonge com a vila del llibre estable - Not\u00edcies de la Facultat d&#039;Informaci\u00f3 i Mitjans Audiovisuals<\/title>\n<meta name=\"robots\" content=\"index, follow, max-snippet:-1, max-image-preview:large, max-video-preview:-1\" \/>\n<link rel=\"canonical\" href=\"https:\/\/fima.ub.edu\/noticies\/2021\/05\/19\/presentacio-de-calonge-com-vila-del-llibre-estable\/\" \/>\n<meta property=\"og:locale\" content=\"ca_ES\" \/>\n<meta property=\"og:type\" content=\"article\" \/>\n<meta property=\"og:title\" content=\"Presentaci\u00f3 de Calonge com a vila del llibre estable - Not\u00edcies de la Facultat d&#039;Informaci\u00f3 i Mitjans Audiovisuals\" \/>\n<meta property=\"og:description\" content=\"El 26 de maig de 2021, a les 10 h, tindr\u00e0 lloc a la Facultat la presentaci\u00f3 del projecte del municipi de Calonge i Sant Antoni (Baix Empord\u00e0) de convertir-se en la primera vila del llibre permanent a Catalunya. Les viles del llibre (villages du livre en franc\u00e8s, booktowns en angl\u00e8s) s\u00f3n petites localitats on s\u2019hi instal\u00b7len un gran nombre de llibreries (de llibre nou, per\u00f2 sobretot de llibre antic i de segona m\u00e0) i actuen com a pol d\u2019atracci\u00f3 per al turisme i el comer\u00e7. A Espanya existeix un sol cas, que va comen\u00e7ar el 2007 amb l\u2019impuls de la diputaci\u00f3 provincial de Valladolid: Urue\u00f1a. Actualment, amb 189 habitants, aquest poble disposa de 12 llibreries. L\u2019Ajuntament de Calonge es proposa convertir aquesta poblaci\u00f3 (situada en plena Costa Brava, amb 11.000 habitants) en la primera vila del llibre estable de Catalunya, i per aix\u00f2 ofereix tota una s\u00e8rie de facilitats als emprenedors que hi vulguin obrir una llibreria (incentius fiscals, intermediaci\u00f3 amb els propietaris dels locals disponibles i diversos ajuts econ\u00f2mics). A m\u00e9s, t\u00e9 la intenci\u00f3 de programar un seguit d\u2019activitats culturals al llarg de l\u2019any per atreure visitants al poble, que d\u2019altra banda compta amb notables atractius tur\u00edstics. Aquest projecte ser\u00e0 presentat el proper 26 de maig de 2021, amb el suport de la Facultat i, concretament, de l\u2019Escola de Llibreria. Donada la situaci\u00f3 pand\u00e8mica, l\u2019acte tindr\u00e0 lloc en l\u00ednia, i es podr\u00e0 seguir en obert per mitj\u00e0 del canal de YouTube de la Facultat. A l\u2019acte intervindr\u00e0 molta gent: el nostre deg\u00e0, autoritats locals, presidents dels gremis de llibreters de vell i de nou, experts en el tema, i una copiosa representaci\u00f3 d\u2019altres viles del llibre d\u2019arreu d\u2019Europa (Bulg\u00e0ria, Dinamarca, Fran\u00e7a, Regne Unit i Su\u00e8cia). El regidor de cultura de Calonge presentar\u00e0 els detalls d\u2019aquest projecte cultural, al qual li desitgem molt d\u2019\u00e8xit. Us convidem a veure el programa per a tots els detalls de l\u2019acte, i a connectar-vos en directe si us ve de gust. &nbsp;\" \/>\n<meta property=\"og:url\" content=\"https:\/\/fima.ub.edu\/noticies\/2021\/05\/19\/presentacio-de-calonge-com-vila-del-llibre-estable\/\" \/>\n<meta property=\"og:site_name\" content=\"Not\u00edcies de la Facultat d&#039;Informaci\u00f3 i Mitjans Audiovisuals\" \/>\n<meta property=\"article:publisher\" content=\"https:\/\/www.facebook.com\/FIMAUB\" \/>\n<meta property=\"article:published_time\" content=\"2021-05-19T14:29:13+00:00\" \/>\n<meta property=\"og:image\" content=\"https:\/\/fima.ub.edu\/noticies\/wp-content\/uploads\/2021\/05\/calonge.png\" \/>\n\t<meta property=\"og:image:width\" content=\"818\" \/>\n\t<meta property=\"og:image:height\" content=\"421\" \/>\n\t<meta property=\"og:image:type\" content=\"image\/png\" \/>\n<meta name=\"author\" content=\"FIMA\" \/>\n<meta name=\"twitter:card\" content=\"summary_large_image\" \/>\n<meta name=\"twitter:creator\" content=\"@FIMA_UB\" \/>\n<meta name=\"twitter:site\" content=\"@FIMA_UB\" \/>\n<meta name=\"twitter:label1\" content=\"Escrit per\" \/>\n\t<meta name=\"twitter:data1\" content=\"FIMA\" \/>\n\t<meta name=\"twitter:label2\" content=\"Temps estimat de lectura\" \/>\n\t<meta name=\"twitter:data2\" content=\"2 minuts\" \/>\n<script type=\"application\/ld+json\" class=\"yoast-schema-graph\">{\"@context\":\"https:\\\/\\\/schema.org\",\"@graph\":[{\"@type\":\"Article\",\"@id\":\"https:\\\/\\\/fima.ub.edu\\\/noticies\\\/2021\\\/05\\\/19\\\/presentacio-de-calonge-com-vila-del-llibre-estable\\\/#article\",\"isPartOf\":{\"@id\":\"https:\\\/\\\/fima.ub.edu\\\/noticies\\\/2021\\\/05\\\/19\\\/presentacio-de-calonge-com-vila-del-llibre-estable\\\/\"},\"author\":{\"name\":\"FIMA\",\"@id\":\"https:\\\/\\\/fima.ub.edu\\\/noticies\\\/#\\\/schema\\\/person\\\/3debeefad6254c6d18a294db7ed01f49\"},\"headline\":\"Presentaci\u00f3 de Calonge com a vila del llibre estable\",\"datePublished\":\"2021-05-19T14:29:13+00:00\",\"mainEntityOfPage\":{\"@id\":\"https:\\\/\\\/fima.ub.edu\\\/noticies\\\/2021\\\/05\\\/19\\\/presentacio-de-calonge-com-vila-del-llibre-estable\\\/\"},\"wordCount\":360,\"commentCount\":0,\"publisher\":{\"@id\":\"https:\\\/\\\/fima.ub.edu\\\/noticies\\\/#organization\"},\"image\":{\"@id\":\"https:\\\/\\\/fima.ub.edu\\\/noticies\\\/2021\\\/05\\\/19\\\/presentacio-de-calonge-com-vila-del-llibre-estable\\\/#primaryimage\"},\"thumbnailUrl\":\"https:\\\/\\\/fima.ub.edu\\\/noticies\\\/wp-content\\\/uploads\\\/2021\\\/05\\\/calonge.png\",\"keywords\":[\"booktowns\",\"Calonge i Sant Antoni\",\"jornada\",\"viles del llibre\"],\"articleSection\":[\"Activitats\"],\"inLanguage\":\"ca\",\"potentialAction\":[{\"@type\":\"CommentAction\",\"name\":\"Comment\",\"target\":[\"https:\\\/\\\/fima.ub.edu\\\/noticies\\\/2021\\\/05\\\/19\\\/presentacio-de-calonge-com-vila-del-llibre-estable\\\/#respond\"]}]},{\"@type\":\"WebPage\",\"@id\":\"https:\\\/\\\/fima.ub.edu\\\/noticies\\\/2021\\\/05\\\/19\\\/presentacio-de-calonge-com-vila-del-llibre-estable\\\/\",\"url\":\"https:\\\/\\\/fima.ub.edu\\\/noticies\\\/2021\\\/05\\\/19\\\/presentacio-de-calonge-com-vila-del-llibre-estable\\\/\",\"name\":\"Presentaci\u00f3 de Calonge com a vila del llibre estable - Not\u00edcies de la Facultat d&#039;Informaci\u00f3 i Mitjans Audiovisuals\",\"isPartOf\":{\"@id\":\"https:\\\/\\\/fima.ub.edu\\\/noticies\\\/#website\"},\"primaryImageOfPage\":{\"@id\":\"https:\\\/\\\/fima.ub.edu\\\/noticies\\\/2021\\\/05\\\/19\\\/presentacio-de-calonge-com-vila-del-llibre-estable\\\/#primaryimage\"},\"image\":{\"@id\":\"https:\\\/\\\/fima.ub.edu\\\/noticies\\\/2021\\\/05\\\/19\\\/presentacio-de-calonge-com-vila-del-llibre-estable\\\/#primaryimage\"},\"thumbnailUrl\":\"https:\\\/\\\/fima.ub.edu\\\/noticies\\\/wp-content\\\/uploads\\\/2021\\\/05\\\/calonge.png\",\"datePublished\":\"2021-05-19T14:29:13+00:00\",\"breadcrumb\":{\"@id\":\"https:\\\/\\\/fima.ub.edu\\\/noticies\\\/2021\\\/05\\\/19\\\/presentacio-de-calonge-com-vila-del-llibre-estable\\\/#breadcrumb\"},\"inLanguage\":\"ca\",\"potentialAction\":[{\"@type\":\"ReadAction\",\"target\":[\"https:\\\/\\\/fima.ub.edu\\\/noticies\\\/2021\\\/05\\\/19\\\/presentacio-de-calonge-com-vila-del-llibre-estable\\\/\"]}]},{\"@type\":\"ImageObject\",\"inLanguage\":\"ca\",\"@id\":\"https:\\\/\\\/fima.ub.edu\\\/noticies\\\/2021\\\/05\\\/19\\\/presentacio-de-calonge-com-vila-del-llibre-estable\\\/#primaryimage\",\"url\":\"https:\\\/\\\/fima.ub.edu\\\/noticies\\\/wp-content\\\/uploads\\\/2021\\\/05\\\/calonge.png\",\"contentUrl\":\"https:\\\/\\\/fima.ub.edu\\\/noticies\\\/wp-content\\\/uploads\\\/2021\\\/05\\\/calonge.png\",\"width\":818,\"height\":421},{\"@type\":\"BreadcrumbList\",\"@id\":\"https:\\\/\\\/fima.ub.edu\\\/noticies\\\/2021\\\/05\\\/19\\\/presentacio-de-calonge-com-vila-del-llibre-estable\\\/#breadcrumb\",\"itemListElement\":[{\"@type\":\"ListItem\",\"position\":1,\"name\":\"Inici\",\"item\":\"https:\\\/\\\/fima.ub.edu\\\/noticies\\\/\"},{\"@type\":\"ListItem\",\"position\":2,\"name\":\"Presentaci\u00f3 de Calonge com a vila del llibre estable\"}]},{\"@type\":\"WebSite\",\"@id\":\"https:\\\/\\\/fima.ub.edu\\\/noticies\\\/#website\",\"url\":\"https:\\\/\\\/fima.ub.edu\\\/noticies\\\/\",\"name\":\"Not\u00edcies de la Facultat d&#039;Informaci\u00f3 i Mitjans Audiovisuals\",\"description\":\"\",\"publisher\":{\"@id\":\"https:\\\/\\\/fima.ub.edu\\\/noticies\\\/#organization\"},\"potentialAction\":[{\"@type\":\"SearchAction\",\"target\":{\"@type\":\"EntryPoint\",\"urlTemplate\":\"https:\\\/\\\/fima.ub.edu\\\/noticies\\\/?s={search_term_string}\"},\"query-input\":{\"@type\":\"PropertyValueSpecification\",\"valueRequired\":true,\"valueName\":\"search_term_string\"}}],\"inLanguage\":\"ca\"},{\"@type\":\"Organization\",\"@id\":\"https:\\\/\\\/fima.ub.edu\\\/noticies\\\/#organization\",\"name\":\"Not\u00edcies de la Facultat d&#039;Informaci\u00f3 i Mitjans Audiovisuals\",\"url\":\"https:\\\/\\\/fima.ub.edu\\\/noticies\\\/\",\"logo\":{\"@type\":\"ImageObject\",\"inLanguage\":\"ca\",\"@id\":\"https:\\\/\\\/fima.ub.edu\\\/noticies\\\/#\\\/schema\\\/logo\\\/image\\\/\",\"url\":\"https:\\\/\\\/fima.ub.edu\\\/noticies\\\/wp-content\\\/uploads\\\/2023\\\/09\\\/cropped-fima_noticies.png\",\"contentUrl\":\"https:\\\/\\\/fima.ub.edu\\\/noticies\\\/wp-content\\\/uploads\\\/2023\\\/09\\\/cropped-fima_noticies.png\",\"width\":1009,\"height\":200,\"caption\":\"Not\u00edcies de la Facultat d&#039;Informaci\u00f3 i Mitjans Audiovisuals\"},\"image\":{\"@id\":\"https:\\\/\\\/fima.ub.edu\\\/noticies\\\/#\\\/schema\\\/logo\\\/image\\\/\"},\"sameAs\":[\"https:\\\/\\\/www.facebook.com\\\/FIMAUB\",\"https:\\\/\\\/x.com\\\/FIMA_UB\",\"https:\\\/\\\/www.instagram.com\\\/fima_ub\\\/\",\"https:\\\/\\\/www.flickr.com\\\/photos\\\/fbid_ub\\\/\",\"https:\\\/\\\/www.slideshare.net\\\/FBDUB\",\"https:\\\/\\\/www.youtube.com\\\/user\\\/FBiDUB\"]},{\"@type\":\"Person\",\"@id\":\"https:\\\/\\\/fima.ub.edu\\\/noticies\\\/#\\\/schema\\\/person\\\/3debeefad6254c6d18a294db7ed01f49\",\"name\":\"FIMA\",\"image\":{\"@type\":\"ImageObject\",\"inLanguage\":\"ca\",\"@id\":\"https:\\\/\\\/secure.gravatar.com\\\/avatar\\\/a5eb35c10cfc5762dc4d1f1e3e2a6749bcd2eadf91a6377242fdc1b1bacde41d?s=96&d=mm&r=g\",\"url\":\"https:\\\/\\\/secure.gravatar.com\\\/avatar\\\/a5eb35c10cfc5762dc4d1f1e3e2a6749bcd2eadf91a6377242fdc1b1bacde41d?s=96&d=mm&r=g\",\"contentUrl\":\"https:\\\/\\\/secure.gravatar.com\\\/avatar\\\/a5eb35c10cfc5762dc4d1f1e3e2a6749bcd2eadf91a6377242fdc1b1bacde41d?s=96&d=mm&r=g\",\"caption\":\"FIMA\"},\"url\":\"https:\\\/\\\/fima.ub.edu\\\/noticies\\\/author\\\/fima\\\/\"}]}<\/script>\n<!-- \/ Yoast SEO plugin. -->","yoast_head_json":{"title":"Presentaci\u00f3 de Calonge com a vila del llibre estable - Not\u00edcies de la Facultat d&#039;Informaci\u00f3 i Mitjans Audiovisuals","robots":{"index":"index","follow":"follow","max-snippet":"max-snippet:-1","max-image-preview":"max-image-preview:large","max-video-preview":"max-video-preview:-1"},"canonical":"https:\/\/fima.ub.edu\/noticies\/2021\/05\/19\/presentacio-de-calonge-com-vila-del-llibre-estable\/","og_locale":"ca_ES","og_type":"article","og_title":"Presentaci\u00f3 de Calonge com a vila del llibre estable - Not\u00edcies de la Facultat d&#039;Informaci\u00f3 i Mitjans Audiovisuals","og_description":"El 26 de maig de 2021, a les 10 h, tindr\u00e0 lloc a la Facultat la presentaci\u00f3 del projecte del municipi de Calonge i Sant Antoni (Baix Empord\u00e0) de convertir-se en la primera vila del llibre permanent a Catalunya. Les viles del llibre (villages du livre en franc\u00e8s, booktowns en angl\u00e8s) s\u00f3n petites localitats on s\u2019hi instal\u00b7len un gran nombre de llibreries (de llibre nou, per\u00f2 sobretot de llibre antic i de segona m\u00e0) i actuen com a pol d\u2019atracci\u00f3 per al turisme i el comer\u00e7. A Espanya existeix un sol cas, que va comen\u00e7ar el 2007 amb l\u2019impuls de la diputaci\u00f3 provincial de Valladolid: Urue\u00f1a. Actualment, amb 189 habitants, aquest poble disposa de 12 llibreries. L\u2019Ajuntament de Calonge es proposa convertir aquesta poblaci\u00f3 (situada en plena Costa Brava, amb 11.000 habitants) en la primera vila del llibre estable de Catalunya, i per aix\u00f2 ofereix tota una s\u00e8rie de facilitats als emprenedors que hi vulguin obrir una llibreria (incentius fiscals, intermediaci\u00f3 amb els propietaris dels locals disponibles i diversos ajuts econ\u00f2mics). A m\u00e9s, t\u00e9 la intenci\u00f3 de programar un seguit d\u2019activitats culturals al llarg de l\u2019any per atreure visitants al poble, que d\u2019altra banda compta amb notables atractius tur\u00edstics. Aquest projecte ser\u00e0 presentat el proper 26 de maig de 2021, amb el suport de la Facultat i, concretament, de l\u2019Escola de Llibreria. Donada la situaci\u00f3 pand\u00e8mica, l\u2019acte tindr\u00e0 lloc en l\u00ednia, i es podr\u00e0 seguir en obert per mitj\u00e0 del canal de YouTube de la Facultat. A l\u2019acte intervindr\u00e0 molta gent: el nostre deg\u00e0, autoritats locals, presidents dels gremis de llibreters de vell i de nou, experts en el tema, i una copiosa representaci\u00f3 d\u2019altres viles del llibre d\u2019arreu d\u2019Europa (Bulg\u00e0ria, Dinamarca, Fran\u00e7a, Regne Unit i Su\u00e8cia). El regidor de cultura de Calonge presentar\u00e0 els detalls d\u2019aquest projecte cultural, al qual li desitgem molt d\u2019\u00e8xit. Us convidem a veure el programa per a tots els detalls de l\u2019acte, i a connectar-vos en directe si us ve de gust. &nbsp;","og_url":"https:\/\/fima.ub.edu\/noticies\/2021\/05\/19\/presentacio-de-calonge-com-vila-del-llibre-estable\/","og_site_name":"Not\u00edcies de la Facultat d&#039;Informaci\u00f3 i Mitjans Audiovisuals","article_publisher":"https:\/\/www.facebook.com\/FIMAUB","article_published_time":"2021-05-19T14:29:13+00:00","og_image":[{"width":818,"height":421,"url":"https:\/\/fima.ub.edu\/noticies\/wp-content\/uploads\/2021\/05\/calonge.png","type":"image\/png"}],"author":"FIMA","twitter_card":"summary_large_image","twitter_creator":"@FIMA_UB","twitter_site":"@FIMA_UB","twitter_misc":{"Escrit per":"FIMA","Temps estimat de lectura":"2 minuts"},"schema":{"@context":"https:\/\/schema.org","@graph":[{"@type":"Article","@id":"https:\/\/fima.ub.edu\/noticies\/2021\/05\/19\/presentacio-de-calonge-com-vila-del-llibre-estable\/#article","isPartOf":{"@id":"https:\/\/fima.ub.edu\/noticies\/2021\/05\/19\/presentacio-de-calonge-com-vila-del-llibre-estable\/"},"author":{"name":"FIMA","@id":"https:\/\/fima.ub.edu\/noticies\/#\/schema\/person\/3debeefad6254c6d18a294db7ed01f49"},"headline":"Presentaci\u00f3 de Calonge com a vila del llibre estable","datePublished":"2021-05-19T14:29:13+00:00","mainEntityOfPage":{"@id":"https:\/\/fima.ub.edu\/noticies\/2021\/05\/19\/presentacio-de-calonge-com-vila-del-llibre-estable\/"},"wordCount":360,"commentCount":0,"publisher":{"@id":"https:\/\/fima.ub.edu\/noticies\/#organization"},"image":{"@id":"https:\/\/fima.ub.edu\/noticies\/2021\/05\/19\/presentacio-de-calonge-com-vila-del-llibre-estable\/#primaryimage"},"thumbnailUrl":"https:\/\/fima.ub.edu\/noticies\/wp-content\/uploads\/2021\/05\/calonge.png","keywords":["booktowns","Calonge i Sant Antoni","jornada","viles del llibre"],"articleSection":["Activitats"],"inLanguage":"ca","potentialAction":[{"@type":"CommentAction","name":"Comment","target":["https:\/\/fima.ub.edu\/noticies\/2021\/05\/19\/presentacio-de-calonge-com-vila-del-llibre-estable\/#respond"]}]},{"@type":"WebPage","@id":"https:\/\/fima.ub.edu\/noticies\/2021\/05\/19\/presentacio-de-calonge-com-vila-del-llibre-estable\/","url":"https:\/\/fima.ub.edu\/noticies\/2021\/05\/19\/presentacio-de-calonge-com-vila-del-llibre-estable\/","name":"Presentaci\u00f3 de Calonge com a vila del llibre estable - Not\u00edcies de la Facultat d&#039;Informaci\u00f3 i Mitjans Audiovisuals","isPartOf":{"@id":"https:\/\/fima.ub.edu\/noticies\/#website"},"primaryImageOfPage":{"@id":"https:\/\/fima.ub.edu\/noticies\/2021\/05\/19\/presentacio-de-calonge-com-vila-del-llibre-estable\/#primaryimage"},"image":{"@id":"https:\/\/fima.ub.edu\/noticies\/2021\/05\/19\/presentacio-de-calonge-com-vila-del-llibre-estable\/#primaryimage"},"thumbnailUrl":"https:\/\/fima.ub.edu\/noticies\/wp-content\/uploads\/2021\/05\/calonge.png","datePublished":"2021-05-19T14:29:13+00:00","breadcrumb":{"@id":"https:\/\/fima.ub.edu\/noticies\/2021\/05\/19\/presentacio-de-calonge-com-vila-del-llibre-estable\/#breadcrumb"},"inLanguage":"ca","potentialAction":[{"@type":"ReadAction","target":["https:\/\/fima.ub.edu\/noticies\/2021\/05\/19\/presentacio-de-calonge-com-vila-del-llibre-estable\/"]}]},{"@type":"ImageObject","inLanguage":"ca","@id":"https:\/\/fima.ub.edu\/noticies\/2021\/05\/19\/presentacio-de-calonge-com-vila-del-llibre-estable\/#primaryimage","url":"https:\/\/fima.ub.edu\/noticies\/wp-content\/uploads\/2021\/05\/calonge.png","contentUrl":"https:\/\/fima.ub.edu\/noticies\/wp-content\/uploads\/2021\/05\/calonge.png","width":818,"height":421},{"@type":"BreadcrumbList","@id":"https:\/\/fima.ub.edu\/noticies\/2021\/05\/19\/presentacio-de-calonge-com-vila-del-llibre-estable\/#breadcrumb","itemListElement":[{"@type":"ListItem","position":1,"name":"Inici","item":"https:\/\/fima.ub.edu\/noticies\/"},{"@type":"ListItem","position":2,"name":"Presentaci\u00f3 de Calonge com a vila del llibre estable"}]},{"@type":"WebSite","@id":"https:\/\/fima.ub.edu\/noticies\/#website","url":"https:\/\/fima.ub.edu\/noticies\/","name":"Not\u00edcies de la Facultat d&#039;Informaci\u00f3 i Mitjans Audiovisuals","description":"","publisher":{"@id":"https:\/\/fima.ub.edu\/noticies\/#organization"},"potentialAction":[{"@type":"SearchAction","target":{"@type":"EntryPoint","urlTemplate":"https:\/\/fima.ub.edu\/noticies\/?s={search_term_string}"},"query-input":{"@type":"PropertyValueSpecification","valueRequired":true,"valueName":"search_term_string"}}],"inLanguage":"ca"},{"@type":"Organization","@id":"https:\/\/fima.ub.edu\/noticies\/#organization","name":"Not\u00edcies de la Facultat d&#039;Informaci\u00f3 i Mitjans Audiovisuals","url":"https:\/\/fima.ub.edu\/noticies\/","logo":{"@type":"ImageObject","inLanguage":"ca","@id":"https:\/\/fima.ub.edu\/noticies\/#\/schema\/logo\/image\/","url":"https:\/\/fima.ub.edu\/noticies\/wp-content\/uploads\/2023\/09\/cropped-fima_noticies.png","contentUrl":"https:\/\/fima.ub.edu\/noticies\/wp-content\/uploads\/2023\/09\/cropped-fima_noticies.png","width":1009,"height":200,"caption":"Not\u00edcies de la Facultat d&#039;Informaci\u00f3 i Mitjans Audiovisuals"},"image":{"@id":"https:\/\/fima.ub.edu\/noticies\/#\/schema\/logo\/image\/"},"sameAs":["https:\/\/www.facebook.com\/FIMAUB","https:\/\/x.com\/FIMA_UB","https:\/\/www.instagram.com\/fima_ub\/","https:\/\/www.flickr.com\/photos\/fbid_ub\/","https:\/\/www.slideshare.net\/FBDUB","https:\/\/www.youtube.com\/user\/FBiDUB"]},{"@type":"Person","@id":"https:\/\/fima.ub.edu\/noticies\/#\/schema\/person\/3debeefad6254c6d18a294db7ed01f49","name":"FIMA","image":{"@type":"ImageObject","inLanguage":"ca","@id":"https:\/\/secure.gravatar.com\/avatar\/a5eb35c10cfc5762dc4d1f1e3e2a6749bcd2eadf91a6377242fdc1b1bacde41d?s=96&d=mm&r=g","url":"https:\/\/secure.gravatar.com\/avatar\/a5eb35c10cfc5762dc4d1f1e3e2a6749bcd2eadf91a6377242fdc1b1bacde41d?s=96&d=mm&r=g","contentUrl":"https:\/\/secure.gravatar.com\/avatar\/a5eb35c10cfc5762dc4d1f1e3e2a6749bcd2eadf91a6377242fdc1b1bacde41d?s=96&d=mm&r=g","caption":"FIMA"},"url":"https:\/\/fima.ub.edu\/noticies\/author\/fima\/"}]}},"_links":{"self":[{"href":"https:\/\/fima.ub.edu\/noticies\/wp-json\/wp\/v2\/posts\/5211","targetHints":{"allow":["GET"]}}],"collection":[{"href":"https:\/\/fima.ub.edu\/noticies\/wp-json\/wp\/v2\/posts"}],"about":[{"href":"https:\/\/fima.ub.edu\/noticies\/wp-json\/wp\/v2\/types\/post"}],"author":[{"embeddable":true,"href":"https:\/\/fima.ub.edu\/noticies\/wp-json\/wp\/v2\/users\/7"}],"replies":[{"embeddable":true,"href":"https:\/\/fima.ub.edu\/noticies\/wp-json\/wp\/v2\/comments?post=5211"}],"version-history":[{"count":0,"href":"https:\/\/fima.ub.edu\/noticies\/wp-json\/wp\/v2\/posts\/5211\/revisions"}],"wp:featuredmedia":[{"embeddable":true,"href":"https:\/\/fima.ub.edu\/noticies\/wp-json\/wp\/v2\/media\/5210"}],"wp:attachment":[{"href":"https:\/\/fima.ub.edu\/noticies\/wp-json\/wp\/v2\/media?parent=5211"}],"wp:term":[{"taxonomy":"category","embeddable":true,"href":"https:\/\/fima.ub.edu\/noticies\/wp-json\/wp\/v2\/categories?post=5211"},{"taxonomy":"post_tag","embeddable":true,"href":"https:\/\/fima.ub.edu\/noticies\/wp-json\/wp\/v2\/tags?post=5211"},{"taxonomy":"vocabulary_5","embeddable":true,"href":"https:\/\/fima.ub.edu\/noticies\/wp-json\/wp\/v2\/vocabulary_5?post=5211"}],"curies":[{"name":"wp","href":"https:\/\/api.w.org\/{rel}","templated":true}]}}